{"id":2936,"date":"2022-10-26T21:41:26","date_gmt":"2022-10-27T01:41:26","guid":{"rendered":"https:\/\/www.confederaciondelcobre.cl\/?p=2936"},"modified":"2022-10-26T21:41:29","modified_gmt":"2022-10-27T01:41:29","slug":"acuerdomarco-ctc-cntc-agema-y-codelco-instalan-mesa-de-trabajo-en-conjunto","status":"publish","type":"post","link":"https:\/\/www.confederaciondelcobre.cl\/index.php\/2022\/10\/26\/acuerdomarco-ctc-cntc-agema-y-codelco-instalan-mesa-de-trabajo-en-conjunto\/","title":{"rendered":"#AcuerdoMarco: CTC, CNTC, AGEMA y CODELCO instalan mesa de trabajo en conjunto."},"content":{"rendered":"\n<p>Comunicado:<\/p>\n\n\n\n<p>El d\u00eda de hoy, mi\u00e9rcoles 26 de octubre de 2022, y en su calidad de signatarios titulares del Acuerdo Marco, la <strong>Confederaci\u00f3n de Trabajadores del Cobre<\/strong> (CTC), la <strong>Coordinadora Nacional de Trabajadores Contratistas<\/strong> (CNTC) y la <strong>Asociaci\u00f3n Gremial de Empresas para la Miner\u00eda y Rubros Asociados<\/strong> (AGEMA), en conjunto con la <strong>Corporaci\u00f3n Nacional del Cobre<\/strong> (CODELCO), en su rol de facilitador y garante, <strong>hemos dado inicio a un trabajo en conjunto con la finalidad de revisar, actualizar y mejorar el vigente Acuerdo Marco<\/strong>, instrumento laboral, colectivo y tripartito que establece reglas y condiciones a las que est\u00e1n sujetas las empresas contratistas respecto de las y los trabajadores que, en su condici\u00f3n de subcontratados, prestan servicios a la mandante estatal (Codelco).<\/p>\n\n\n\n<p>Originalmente firmado el a\u00f1o 2007, el Acuerdo Marco deb\u00eda ser actualizado cada dos a\u00f1os. Sin embargo, y habiendo la permanente disposici\u00f3n de nuestras organizaciones para que dicho proceso as\u00ed continuara, esto ocurri\u00f3 solo hasta el 2013. Hoy, a nueve a\u00f1os de su \u00faltima actualizaci\u00f3n, y por iniciativa de la CTC en conjunto con la CNTC, <strong>se ha instalado una mesa de trabajo en donde participaremos con representantes de las empresas contratistas, subcontratistas y de la mandante Codelco, con la finalidad de ampliar, a trav\u00e9s de la revisi\u00f3n, actualizaci\u00f3n y mejoramiento del vigente Acuerdo Marco, las condiciones laborales y sociales de las y los trabajadores contratistas y subcontratistas de Codelco<\/strong>.<\/p>\n\n\n\n<p>Llamamos a las y los trabajadores contratistas y subcontratistas que prestan sus servicios a Codelco a estar atentos e informarse de primera fuente, en primer t\u00e9rmino, a trav\u00e9s de sus organizaciones afiliadas a la CTC y a la CNTC, como tambi\u00e9n mediante los canales de comunicaci\u00f3n oficiales de cada una de las organizaciones mencionadas.<\/p>\n\n\n\n<p>\u00a1Con unidad, consciencia, organizaci\u00f3n y lucha seguimos avanzando!<\/p>\n\n\n\n<p class=\"has-text-align-right\">Chile, mi\u00e9rcoles 26 de octubre de 2022.<\/p>\n\n\n<div class=\"wp-block-image\">\n<figure class=\"aligncenter size-large\"><img loading=\"lazy\" decoding=\"async\" width=\"652\" height=\"1024\" src=\"https:\/\/www.confederaciondelcobre.cl\/wp-content\/uploads\/2022\/10\/ComunicadoCTC_CNTC_AM_20.10.2022-652x1024.png\" alt=\"\" class=\"wp-image-2945\" srcset=\"https:\/\/www.confederaciondelcobre.cl\/wp-content\/uploads\/2022\/10\/ComunicadoCTC_CNTC_AM_20.10.2022-652x1024.png 652w, https:\/\/www.confederaciondelcobre.cl\/wp-content\/uploads\/2022\/10\/ComunicadoCTC_CNTC_AM_20.10.2022-191x300.png 191w, https:\/\/www.confederaciondelcobre.cl\/wp-content\/uploads\/2022\/10\/ComunicadoCTC_CNTC_AM_20.10.2022.png 688w\" sizes=\"auto, (max-width: 652px) 100vw, 652px\" \/><\/figure><\/div>\n\n\n<figure class=\"wp-block-gallery has-nested-images columns-default is-cropped wp-block-gallery-1 is-layout-flex wp-block-gallery-is-layout-flex\">\n<figure class=\"wp-block-image size-large\"><img loading=\"lazy\" decoding=\"async\" width=\"1024\" height=\"576\" data-id=\"2939\" src=\"https:\/\/www.confederaciondelcobre.cl\/wp-content\/uploads\/2022\/10\/4b5bc363-7232-4e4a-a106-f7501437e60d-1024x576.jpeg\" alt=\"\" class=\"wp-image-2939\" srcset=\"https:\/\/www.confederaciondelcobre.cl\/wp-content\/uploads\/2022\/10\/4b5bc363-7232-4e4a-a106-f7501437e60d-1024x576.jpeg 1024w, https:\/\/www.confederaciondelcobre.cl\/wp-content\/uploads\/2022\/10\/4b5bc363-7232-4e4a-a106-f7501437e60d-300x169.jpeg 300w, https:\/\/www.confederaciondelcobre.cl\/wp-content\/uploads\/2022\/10\/4b5bc363-7232-4e4a-a106-f7501437e60d-768x432.jpeg 768w, https:\/\/www.confederaciondelcobre.cl\/wp-content\/uploads\/2022\/10\/4b5bc363-7232-4e4a-a106-f7501437e60d-1536x864.jpeg 1536w, https:\/\/www.confederaciondelcobre.cl\/wp-content\/uploads\/2022\/10\/4b5bc363-7232-4e4a-a106-f7501437e60d.jpeg 1600w\" sizes=\"auto, (max-width: 1024px) 100vw, 1024px\" \/><\/figure>\n\n\n\n<figure class=\"wp-block-image size-large\"><img loading=\"lazy\" decoding=\"async\" width=\"1024\" height=\"576\" data-id=\"2940\" src=\"https:\/\/www.confederaciondelcobre.cl\/wp-content\/uploads\/2022\/10\/ab62114d-9db8-48d9-a331-5818acefdd36-1024x576.jpeg\" alt=\"\" class=\"wp-image-2940\" srcset=\"https:\/\/www.confederaciondelcobre.cl\/wp-content\/uploads\/2022\/10\/ab62114d-9db8-48d9-a331-5818acefdd36-1024x576.jpeg 1024w, https:\/\/www.confederaciondelcobre.cl\/wp-content\/uploads\/2022\/10\/ab62114d-9db8-48d9-a331-5818acefdd36-300x169.jpeg 300w, https:\/\/www.confederaciondelcobre.cl\/wp-content\/uploads\/2022\/10\/ab62114d-9db8-48d9-a331-5818acefdd36-768x432.jpeg 768w, https:\/\/www.confederaciondelcobre.cl\/wp-content\/uploads\/2022\/10\/ab62114d-9db8-48d9-a331-5818acefdd36-1536x864.jpeg 1536w, https:\/\/www.confederaciondelcobre.cl\/wp-content\/uploads\/2022\/10\/ab62114d-9db8-48d9-a331-5818acefdd36.jpeg 1600w\" sizes=\"auto, (max-width: 1024px) 100vw, 1024px\" \/><\/figure>\n\n\n\n<figure class=\"wp-block-image size-large\"><img loading=\"lazy\" decoding=\"async\" width=\"1024\" height=\"576\" data-id=\"2941\" src=\"https:\/\/www.confederaciondelcobre.cl\/wp-content\/uploads\/2022\/10\/c35e9c4c-9dc6-4e2b-9713-316f087a2db7-1024x576.jpeg\" alt=\"\" class=\"wp-image-2941\" srcset=\"https:\/\/www.confederaciondelcobre.cl\/wp-content\/uploads\/2022\/10\/c35e9c4c-9dc6-4e2b-9713-316f087a2db7-1024x576.jpeg 1024w, https:\/\/www.confederaciondelcobre.cl\/wp-content\/uploads\/2022\/10\/c35e9c4c-9dc6-4e2b-9713-316f087a2db7-300x169.jpeg 300w, https:\/\/www.confederaciondelcobre.cl\/wp-content\/uploads\/2022\/10\/c35e9c4c-9dc6-4e2b-9713-316f087a2db7-768x432.jpeg 768w, https:\/\/www.confederaciondelcobre.cl\/wp-content\/uploads\/2022\/10\/c35e9c4c-9dc6-4e2b-9713-316f087a2db7-1536x864.jpeg 1536w, https:\/\/www.confederaciondelcobre.cl\/wp-content\/uploads\/2022\/10\/c35e9c4c-9dc6-4e2b-9713-316f087a2db7.jpeg 1600w\" sizes=\"auto, (max-width: 1024px) 100vw, 1024px\" \/><\/figure>\n<\/figure>\n","protected":false},"excerpt":{"rendered":"<p>Comunicado: El d\u00eda de hoy, mi\u00e9rcoles 26 de octubre de 2022, y en su calidad de signatarios titulares del Acuerdo Marco, la Confederaci\u00f3n de Trabajadores del Cobre (CTC), la Coordinadora &hellip; <\/p>\n","protected":false},"author":2,"featured_media":2938,"comment_status":"closed","ping_status":"closed","sticky":false,"template":"","format":"standard","meta":{"jetpack_post_was_ever_published":false,"_jetpack_newsletter_access":"","_jetpack_dont_email_post_to_subs":false,"_jetpack_newsletter_tier_id":0,"_jetpack_memberships_contains_paywalled_content":false,"_jetpack_memberships_contains_paid_content":false,"footnotes":"","jetpack_publicize_message":"","jetpack_publicize_feature_enabled":true,"jetpack_social_post_already_shared":true,"jetpack_social_options":{"image_generator_settings":{"template":"highway","default_image_id":0,"enabled":false},"version":2}},"categories":[5,23,8,9,21,15,19],"tags":[],"class_list":["post-2936","post","type-post","status-publish","format-standard","has-post-thumbnail","hentry","category-acuerdo-marco","category-acuerdo-marco-codelco","category-comunicado","category-confederacion","category-federaciones","category-nacional","category-trabajadores"],"jetpack_publicize_connections":[],"jetpack_featured_media_url":"https:\/\/www.confederaciondelcobre.cl\/wp-content\/uploads\/2022\/10\/PortAM.jpg","jetpack_sharing_enabled":true,"post_mailing_queue_ids":[],"_links":{"self":[{"href":"https:\/\/www.confederaciondelcobre.cl\/index.php\/wp-json\/wp\/v2\/posts\/2936","targetHints":{"allow":["GET"]}}],"collection":[{"href":"https:\/\/www.confederaciondelcobre.cl\/index.php\/wp-json\/wp\/v2\/posts"}],"about":[{"href":"https:\/\/www.confederaciondelcobre.cl\/index.php\/wp-json\/wp\/v2\/types\/post"}],"author":[{"embeddable":true,"href":"https:\/\/www.confederaciondelcobre.cl\/index.php\/wp-json\/wp\/v2\/users\/2"}],"replies":[{"embeddable":true,"href":"https:\/\/www.confederaciondelcobre.cl\/index.php\/wp-json\/wp\/v2\/comments?post=2936"}],"version-history":[{"count":4,"href":"https:\/\/www.confederaciondelcobre.cl\/index.php\/wp-json\/wp\/v2\/posts\/2936\/revisions"}],"predecessor-version":[{"id":2946,"href":"https:\/\/www.confederaciondelcobre.cl\/index.php\/wp-json\/wp\/v2\/posts\/2936\/revisions\/2946"}],"wp:featuredmedia":[{"embeddable":true,"href":"https:\/\/www.confederaciondelcobre.cl\/index.php\/wp-json\/wp\/v2\/media\/2938"}],"wp:attachment":[{"href":"https:\/\/www.confederaciondelcobre.cl\/index.php\/wp-json\/wp\/v2\/media?parent=2936"}],"wp:term":[{"taxonomy":"category","embeddable":true,"href":"https:\/\/www.confederaciondelcobre.cl\/index.php\/wp-json\/wp\/v2\/categories?post=2936"},{"taxonomy":"post_tag","embeddable":true,"href":"https:\/\/www.confederaciondelcobre.cl\/index.php\/wp-json\/wp\/v2\/tags?post=2936"}],"curies":[{"name":"wp","href":"https:\/\/api.w.org\/{rel}","templated":true}]}}