{"id":2947,"date":"2022-11-02T15:51:13","date_gmt":"2022-11-02T19:51:13","guid":{"rendered":"https:\/\/www.confederaciondelcobre.cl\/?p=2947"},"modified":"2022-11-02T15:51:15","modified_gmt":"2022-11-02T19:51:15","slug":"bienes-nacionales-entrega-sede-a-cut-el-loa-en-concesion-gratuita-por-cinco-anos","status":"publish","type":"post","link":"https:\/\/www.confederaciondelcobre.cl\/index.php\/2022\/11\/02\/bienes-nacionales-entrega-sede-a-cut-el-loa-en-concesion-gratuita-por-cinco-anos\/","title":{"rendered":"Bienes Nacionales entrega sede a CUT El Loa en concesi\u00f3n gratuita por cinco a\u00f1os."},"content":{"rendered":"\n<p>Se espera que m\u00e1s adelante dicha concesi\u00f3n sea definitiva.<\/p>\n\n\n\n<hr class=\"wp-block-separator has-alpha-channel-opacity\"\/>\n\n\n\n<p>La sede de la Central Unitaria de Trabajadores (CUT) de la provincia El Loa, ubicada en la calle Vargas N\u00ba2201, es un lugar que no solo ocupan las y los trabajadores al alero de la CUT, como por ejemplo la Confederaci\u00f3n de Trabajadores del Cobre (CTC) en la ciudad de Calama, sino que tambi\u00e9n es facilitada por la misma Central a otras organizaciones sociales y vecinales, tales como organizaciones de mujeres, comit\u00e9s de vivienda, entre otras, convirti\u00e9ndose as\u00ed, desde la organizaci\u00f3n sindical, en un verdadero aporte al tejido social de la ciudad. As\u00ed lo destac\u00f3 Liliana Araya, Presidenta de la CUT El Loa, en la ceremonia de entrega realizada el 28 de octubre en la misma sede, al se\u00f1alar que este espacio debe seguir avanzando y creciendo a\u00fan m\u00e1s.<\/p>\n\n\n\n<p>Por su parte, la Seremi de Bienes Nacionales, Angelique Araya, dio cuenta del compromiso que el gobierno tiene con las y los trabajadores y la comunidad, agregando que esta concesi\u00f3n, que ser\u00e1 por un per\u00edodo de cinco a\u00f1os, esperan que en alg\u00fan momento sea definitiva. En ese mismo sentido, el Director Provincial de Bienes Nacionales, Gonzalo Loins, junto con destacar el compromiso de los servicios p\u00fablicos con la comuna, reafirm\u00f3 la necesidad de la infraestructura y consolidar sus dominios en pro de la seguridad, recalcando que durante el per\u00edodo de esta concesi\u00f3n esperan que dicho inmueble quede anclado al patrimonio de la CUT.<\/p>\n\n\n\n<p>Esperada por largo tiempo, y que no hab\u00eda tenido respuesta durante el gobierno anterior de derecha, la noticia de esta concesi\u00f3n es una buena noticia para las y los trabajadores de El Loa, quienes junto a la comunidad en general seguir\u00e1n teniendo certeza sobre un lugar f\u00edsico donde poder reunirse y seguir fortaleciendo sus organizaciones.<\/p>\n","protected":false},"excerpt":{"rendered":"<p>Se espera que m\u00e1s adelante dicha concesi\u00f3n sea definitiva. La sede de la Central Unitaria de Trabajadores (CUT) de la provincia El Loa, ubicada en la calle Vargas N\u00ba2201, es &hellip; <\/p>\n","protected":false},"author":2,"featured_media":2955,"comment_status":"closed","ping_status":"closed","sticky":false,"template":"","format":"standard","meta":{"jetpack_post_was_ever_published":false,"_jetpack_newsletter_access":"","_jetpack_dont_email_post_to_subs":false,"_jetpack_newsletter_tier_id":0,"_jetpack_memberships_contains_paywalled_content":false,"_jetpack_memberships_contains_paid_content":false,"footnotes":"","jetpack_publicize_message":"","jetpack_publicize_feature_enabled":true,"jetpack_social_post_already_shared":true,"jetpack_social_options":{"image_generator_settings":{"template":"highway","default_image_id":0,"enabled":false},"version":2}},"categories":[9,27,17,19],"tags":[],"class_list":["post-2947","post","type-post","status-publish","format-standard","has-post-thumbnail","hentry","category-confederacion","category-cut","category-regiones","category-trabajadores"],"jetpack_publicize_connections":[],"jetpack_featured_media_url":"https:\/\/www.confederaciondelcobre.cl\/wp-content\/uploads\/2022\/11\/PortCutLoa.jpg","jetpack_sharing_enabled":true,"post_mailing_queue_ids":[],"_links":{"self":[{"href":"https:\/\/www.confederaciondelcobre.cl\/index.php\/wp-json\/wp\/v2\/posts\/2947","targetHints":{"allow":["GET"]}}],"collection":[{"href":"https:\/\/www.confederaciondelcobre.cl\/index.php\/wp-json\/wp\/v2\/posts"}],"about":[{"href":"https:\/\/www.confederaciondelcobre.cl\/index.php\/wp-json\/wp\/v2\/types\/post"}],"author":[{"embeddable":true,"href":"https:\/\/www.confederaciondelcobre.cl\/index.php\/wp-json\/wp\/v2\/users\/2"}],"replies":[{"embeddable":true,"href":"https:\/\/www.confederaciondelcobre.cl\/index.php\/wp-json\/wp\/v2\/comments?post=2947"}],"version-history":[{"count":7,"href":"https:\/\/www.confederaciondelcobre.cl\/index.php\/wp-json\/wp\/v2\/posts\/2947\/revisions"}],"predecessor-version":[{"id":2954,"href":"https:\/\/www.confederaciondelcobre.cl\/index.php\/wp-json\/wp\/v2\/posts\/2947\/revisions\/2954"}],"wp:featuredmedia":[{"embeddable":true,"href":"https:\/\/www.confederaciondelcobre.cl\/index.php\/wp-json\/wp\/v2\/media\/2955"}],"wp:attachment":[{"href":"https:\/\/www.confederaciondelcobre.cl\/index.php\/wp-json\/wp\/v2\/media?parent=2947"}],"wp:term":[{"taxonomy":"category","embeddable":true,"href":"https:\/\/www.confederaciondelcobre.cl\/index.php\/wp-json\/wp\/v2\/categories?post=2947"},{"taxonomy":"post_tag","embeddable":true,"href":"https:\/\/www.confederaciondelcobre.cl\/index.php\/wp-json\/wp\/v2\/tags?post=2947"}],"curies":[{"name":"wp","href":"https:\/\/api.w.org\/{rel}","templated":true}]}}