{"id":2980,"date":"2022-11-06T19:33:27","date_gmt":"2022-11-06T23:33:27","guid":{"rendered":"https:\/\/www.confederaciondelcobre.cl\/?p=2980"},"modified":"2022-11-06T19:33:30","modified_gmt":"2022-11-06T23:33:30","slug":"acuerdomarco-las-mejoras-seguiran-siendo-extensivas-a-todas-y-todos-los-trabajadores-incluidos-en-el-vigente-acuerdo","status":"publish","type":"post","link":"https:\/\/www.confederaciondelcobre.cl\/index.php\/2022\/11\/06\/acuerdomarco-las-mejoras-seguiran-siendo-extensivas-a-todas-y-todos-los-trabajadores-incluidos-en-el-vigente-acuerdo\/","title":{"rendered":"#AcuerdoMarco: las mejoras seguir\u00e1n siendo extensivas a todas y todos los trabajadores incluidos en el vigente Acuerdo."},"content":{"rendered":"\n<p class=\"has-text-align-center\"><strong>ACUERDO MARCO<\/strong><\/p>\n\n\n\n<p><strong>A las y los trabajadores contratistas y subcontratistas de Codelco.<\/strong><\/p>\n\n\n\n<p>Compa\u00f1eras y compa\u00f1eros, informamos que la mesa de negociaciones por la revisi\u00f3n, actualizaci\u00f3n y mejora del vigente Acuerdo Marco, instancia en la que en su calidad de titulares y firmantes de dicho instrumento participan la Confederaci\u00f3n de Trabajadores del Cobre (CTC), la Coordinadora Nacional de Trabajadores Contratistas (CNTC) y la Asociaci\u00f3n Gremial de Empresas para la Miner\u00eda y Rubros Asociados (AGEMA), y que en su rol de facilitador y garante tambi\u00e9n participa la Corporaci\u00f3n Nacional del Cobre (CODELCO), en su sesi\u00f3n de trabajo realizada 03 de noviembre del presente se ha ratificado lo siguiente:<\/p>\n\n\n\n<ul class=\"wp-block-list\"><li><strong>Las mejoras que se ir\u00e1n definiendo seguir\u00e1n siendo extensivas a todas y todos los trabajadores contratistas y subcontratistas incluidos en el vigente Acuerdo Marco.<\/strong><\/li><\/ul>\n\n\n\n<p>Llamamos a las y los trabajadores a seguir inform\u00e1ndose a trav\u00e9s de sus organizaciones y dirigentes, \u00fanicos autorizados como leg\u00edtimos representantes en la mesa de trabajo y negociaciones, como tambi\u00e9n mediante los canales de comunicaci\u00f3n oficiales de la CTC y la CNTC, en donde oportunamente daremos cuenta de m\u00e1s avances en la revisi\u00f3n, actualizaci\u00f3n y mejora del Acuerdo Marco.<\/p>\n\n\n\n<p class=\"has-text-align-right\">Chile, domingo 06 de noviembre de 2022.<\/p>\n\n\n<div class=\"wp-block-image\">\n<figure class=\"aligncenter size-large\"><img loading=\"lazy\" decoding=\"async\" width=\"652\" height=\"1024\" src=\"https:\/\/www.confederaciondelcobre.cl\/wp-content\/uploads\/2022\/11\/Segunda-Sesion-AM-652x1024.png\" alt=\"\" class=\"wp-image-2981\" srcset=\"https:\/\/www.confederaciondelcobre.cl\/wp-content\/uploads\/2022\/11\/Segunda-Sesion-AM-652x1024.png 652w, https:\/\/www.confederaciondelcobre.cl\/wp-content\/uploads\/2022\/11\/Segunda-Sesion-AM-191x300.png 191w, https:\/\/www.confederaciondelcobre.cl\/wp-content\/uploads\/2022\/11\/Segunda-Sesion-AM.png 688w\" sizes=\"auto, (max-width: 652px) 100vw, 652px\" \/><\/figure><\/div>","protected":false},"excerpt":{"rendered":"<p>ACUERDO MARCO A las y los trabajadores contratistas y subcontratistas de Codelco. Compa\u00f1eras y compa\u00f1eros, informamos que la mesa de negociaciones por la revisi\u00f3n, actualizaci\u00f3n y mejora del vigente Acuerdo &hellip; <\/p>\n","protected":false},"author":2,"featured_media":2978,"comment_status":"closed","ping_status":"closed","sticky":false,"template":"","format":"standard","meta":{"jetpack_post_was_ever_published":false,"_jetpack_newsletter_access":"","_jetpack_dont_email_post_to_subs":false,"_jetpack_newsletter_tier_id":0,"_jetpack_memberships_contains_paywalled_content":false,"_jetpack_memberships_contains_paid_content":false,"footnotes":"","jetpack_publicize_message":"","jetpack_publicize_feature_enabled":true,"jetpack_social_post_already_shared":true,"jetpack_social_options":{"image_generator_settings":{"template":"highway","default_image_id":0,"enabled":false},"version":2}},"categories":[5,23,8,9,15,19],"tags":[],"class_list":["post-2980","post","type-post","status-publish","format-standard","has-post-thumbnail","hentry","category-acuerdo-marco","category-acuerdo-marco-codelco","category-comunicado","category-confederacion","category-nacional","category-trabajadores"],"jetpack_publicize_connections":[],"jetpack_featured_media_url":"https:\/\/www.confederaciondelcobre.cl\/wp-content\/uploads\/2022\/11\/PortAM.jpg","jetpack_sharing_enabled":true,"post_mailing_queue_ids":[],"_links":{"self":[{"href":"https:\/\/www.confederaciondelcobre.cl\/index.php\/wp-json\/wp\/v2\/posts\/2980","targetHints":{"allow":["GET"]}}],"collection":[{"href":"https:\/\/www.confederaciondelcobre.cl\/index.php\/wp-json\/wp\/v2\/posts"}],"about":[{"href":"https:\/\/www.confederaciondelcobre.cl\/index.php\/wp-json\/wp\/v2\/types\/post"}],"author":[{"embeddable":true,"href":"https:\/\/www.confederaciondelcobre.cl\/index.php\/wp-json\/wp\/v2\/users\/2"}],"replies":[{"embeddable":true,"href":"https:\/\/www.confederaciondelcobre.cl\/index.php\/wp-json\/wp\/v2\/comments?post=2980"}],"version-history":[{"count":2,"href":"https:\/\/www.confederaciondelcobre.cl\/index.php\/wp-json\/wp\/v2\/posts\/2980\/revisions"}],"predecessor-version":[{"id":2983,"href":"https:\/\/www.confederaciondelcobre.cl\/index.php\/wp-json\/wp\/v2\/posts\/2980\/revisions\/2983"}],"wp:featuredmedia":[{"embeddable":true,"href":"https:\/\/www.confederaciondelcobre.cl\/index.php\/wp-json\/wp\/v2\/media\/2978"}],"wp:attachment":[{"href":"https:\/\/www.confederaciondelcobre.cl\/index.php\/wp-json\/wp\/v2\/media?parent=2980"}],"wp:term":[{"taxonomy":"category","embeddable":true,"href":"https:\/\/www.confederaciondelcobre.cl\/index.php\/wp-json\/wp\/v2\/categories?post=2980"},{"taxonomy":"post_tag","embeddable":true,"href":"https:\/\/www.confederaciondelcobre.cl\/index.php\/wp-json\/wp\/v2\/tags?post=2980"}],"curies":[{"name":"wp","href":"https:\/\/api.w.org\/{rel}","templated":true}]}}