{"id":301,"date":"2019-08-06T22:03:00","date_gmt":"2019-08-06T22:03:00","guid":{"rendered":"http:\/\/www.ctc2018.cl\/?p=301"},"modified":"2020-04-26T23:44:42","modified_gmt":"2020-04-26T23:44:42","slug":"fotos-emotiva-segunda-version-del-festival-cultural-nelson-en-la-memoria-se-realizo-en-diego-de-almagro","status":"publish","type":"post","link":"https:\/\/www.confederaciondelcobre.cl\/index.php\/2019\/08\/06\/fotos-emotiva-segunda-version-del-festival-cultural-nelson-en-la-memoria-se-realizo-en-diego-de-almagro\/","title":{"rendered":"[Fotos] Emotiva segunda versi\u00f3n del Festival cultural Nelson en la memoria se realiz\u00f3 en Diego de Almagro."},"content":{"rendered":"\n<p>El d\u00eda&nbsp;<strong>s\u00e1bado 03 de agosto, y en el gimnasio municipal Mar\u00eda Cangana de la ciudad de Diego de Almagro<\/strong>, en la regi\u00f3n de Atacama, se realiz\u00f3 la&nbsp;<strong>segunda versi\u00f3n del Festival cultural &#8220;Nelson en la memoria&#8221;.<\/strong><\/p>\n\n\n\n<p>El evento, que&nbsp;<strong>parti\u00f3 alrededor de las 19:30 horas<\/strong>, estuvo lleno de emociones encontradas. Por un lado; la tristeza que significa, para la Confederaci\u00f3n de Trabajadores del Cobre (CTC) y para los trabajadores del pa\u00eds en general, la irreparable p\u00e9rdida de uno de los suyos que fue asesinado de un disparo de FFEE de Carabineros, mientras se movilizaba junto a sus compa\u00f1eros, un 24 de julio de 2015, exigiendo sus derechos y mejores condiciones laborales. Pero por otro lado tambi\u00e9n&nbsp;<strong>se respir\u00f3 un ambiente cargado de amistad y solidaridad en la firme esperanza de que, a pesar de no contar a\u00fan con una respuesta satisfactoria de parte del sistema chileno, la insistencia y perseverancia ya en instancias internacionales<\/strong>&nbsp;(<a href=\"http:\/\/www.confederaciondelcobre.cl\/erbocefnoc\/nelson-quichillao-ctc-presenta-denuncia-ante-la-comision-interamericana-de-derechos-humanos\/\">ver nota sobre denuncia ante la CIDH aqu\u00ed<\/a>)&nbsp;<strong>traer\u00e1, en alg\u00fan momento, verdad y justicia para Nelson, su familia y los trabajadores de Chile<\/strong>.<\/p>\n\n\n\n<p>El Festival cultural \u201cNelson en la memoria\u201d&nbsp;<strong>tuvo todo un marco de actividades<\/strong>&nbsp;que se desarrollaron entre el campamento minero de El Salvador y la ciudad de Diego de Almagro,&nbsp;<strong>junto a vecinos, comunidades y organizaciones, adem\u00e1s de artistas invitados y participantes<\/strong>.<\/p>\n\n\n\n<p>El d\u00eda&nbsp;<strong>viernes 02 de agosto<\/strong>&nbsp;y en la sede de la CTC en el campamento minero de El Salvador se realiz\u00f3 un&nbsp;<strong>Cl\u00ednica musical<\/strong>&nbsp;a cargo de los integrantes de la agrupaci\u00f3n musical &#8220;Imaginaci\u00f3n&#8221;. La cl\u00ednica estuvo&nbsp;<strong>dirigida a las ni\u00f1as y ni\u00f1os del jard\u00edn infantil &#8220;Pasitos de ni\u00f1os&#8221; y &#8220;Caporales Or\u00edgenes San Andr\u00e9s, El Salvador&#8221;<\/strong>. En la ocasi\u00f3n las y los peque\u00f1os, junto a sus padres, participaron de una entretenida din\u00e1mica en la que aprendieron a distinguir y reconocer diversos instrumentos y estilos musicales del folclor latinoamericano.<\/p>\n\n\n<div class=\"su-image-carousel  su-image-carousel-has-spacing su-image-carousel-crop su-image-carousel-crop-3-2 su-image-carousel-has-outline su-image-carousel-adaptive su-image-carousel-slides-style-default su-image-carousel-controls-style-dark su-image-carousel-align-center\" style=\"\" data-flickity-options='{\"groupCells\":true,\"cellSelector\":\".su-image-carousel-item\",\"adaptiveHeight\":false,\"cellAlign\":\"left\",\"prevNextButtons\":true,\"pageDots\":true,\"autoPlay\":2000,\"imagesLoaded\":true,\"contain\":true,\"selectedAttraction\":0.15,\"friction\":1}' id=\"su_image_carousel_69f13057d4f95\"><div class=\"su-image-carousel-item\"><div class=\"su-image-carousel-item-content\"><img loading=\"lazy\" decoding=\"async\" width=\"735\" height=\"490\" src=\"https:\/\/www.confederaciondelcobre.cl\/wp-content\/uploads\/2019\/11\/IMG_4854.jpg\" class=\"\" alt=\"\" srcset=\"https:\/\/www.confederaciondelcobre.cl\/wp-content\/uploads\/2019\/11\/IMG_4854.jpg 800w, https:\/\/www.confederaciondelcobre.cl\/wp-content\/uploads\/2019\/11\/IMG_4854-300x200.jpg 300w, https:\/\/www.confederaciondelcobre.cl\/wp-content\/uploads\/2019\/11\/IMG_4854-768x512.jpg 768w\" sizes=\"auto, (max-width: 735px) 100vw, 735px\" \/><\/div><\/div><div class=\"su-image-carousel-item\"><div class=\"su-image-carousel-item-content\"><img loading=\"lazy\" decoding=\"async\" width=\"735\" height=\"490\" src=\"https:\/\/www.confederaciondelcobre.cl\/wp-content\/uploads\/2019\/11\/IMG_4845.jpg\" class=\"\" alt=\"\" srcset=\"https:\/\/www.confederaciondelcobre.cl\/wp-content\/uploads\/2019\/11\/IMG_4845.jpg 800w, https:\/\/www.confederaciondelcobre.cl\/wp-content\/uploads\/2019\/11\/IMG_4845-300x200.jpg 300w, https:\/\/www.confederaciondelcobre.cl\/wp-content\/uploads\/2019\/11\/IMG_4845-768x512.jpg 768w\" sizes=\"auto, (max-width: 735px) 100vw, 735px\" \/><\/div><\/div><div class=\"su-image-carousel-item\"><div class=\"su-image-carousel-item-content\"><img loading=\"lazy\" decoding=\"async\" width=\"735\" height=\"490\" src=\"https:\/\/www.confederaciondelcobre.cl\/wp-content\/uploads\/2019\/11\/IMG_4844.jpg\" class=\"\" alt=\"\" srcset=\"https:\/\/www.confederaciondelcobre.cl\/wp-content\/uploads\/2019\/11\/IMG_4844.jpg 800w, https:\/\/www.confederaciondelcobre.cl\/wp-content\/uploads\/2019\/11\/IMG_4844-300x200.jpg 300w, https:\/\/www.confederaciondelcobre.cl\/wp-content\/uploads\/2019\/11\/IMG_4844-768x512.jpg 768w\" sizes=\"auto, (max-width: 735px) 100vw, 735px\" \/><\/div><\/div><div class=\"su-image-carousel-item\"><div class=\"su-image-carousel-item-content\"><img loading=\"lazy\" decoding=\"async\" width=\"735\" height=\"490\" src=\"https:\/\/www.confederaciondelcobre.cl\/wp-content\/uploads\/2019\/11\/IMG_4836.jpg\" class=\"\" alt=\"\" srcset=\"https:\/\/www.confederaciondelcobre.cl\/wp-content\/uploads\/2019\/11\/IMG_4836.jpg 800w, https:\/\/www.confederaciondelcobre.cl\/wp-content\/uploads\/2019\/11\/IMG_4836-300x200.jpg 300w, https:\/\/www.confederaciondelcobre.cl\/wp-content\/uploads\/2019\/11\/IMG_4836-768x512.jpg 768w\" sizes=\"auto, (max-width: 735px) 100vw, 735px\" \/><\/div><\/div><div class=\"su-image-carousel-item\"><div class=\"su-image-carousel-item-content\"><img loading=\"lazy\" decoding=\"async\" width=\"735\" height=\"490\" src=\"https:\/\/www.confederaciondelcobre.cl\/wp-content\/uploads\/2019\/11\/IMG_4835.jpg\" class=\"\" alt=\"\" srcset=\"https:\/\/www.confederaciondelcobre.cl\/wp-content\/uploads\/2019\/11\/IMG_4835.jpg 800w, https:\/\/www.confederaciondelcobre.cl\/wp-content\/uploads\/2019\/11\/IMG_4835-300x200.jpg 300w, https:\/\/www.confederaciondelcobre.cl\/wp-content\/uploads\/2019\/11\/IMG_4835-768x512.jpg 768w\" sizes=\"auto, (max-width: 735px) 100vw, 735px\" \/><\/div><\/div><div class=\"su-image-carousel-item\"><div class=\"su-image-carousel-item-content\"><img loading=\"lazy\" decoding=\"async\" width=\"735\" height=\"490\" src=\"https:\/\/www.confederaciondelcobre.cl\/wp-content\/uploads\/2019\/11\/IMG_4834.jpg\" class=\"\" alt=\"\" srcset=\"https:\/\/www.confederaciondelcobre.cl\/wp-content\/uploads\/2019\/11\/IMG_4834.jpg 800w, https:\/\/www.confederaciondelcobre.cl\/wp-content\/uploads\/2019\/11\/IMG_4834-300x200.jpg 300w, https:\/\/www.confederaciondelcobre.cl\/wp-content\/uploads\/2019\/11\/IMG_4834-768x512.jpg 768w\" sizes=\"auto, (max-width: 735px) 100vw, 735px\" \/><\/div><\/div><div class=\"su-image-carousel-item\"><div class=\"su-image-carousel-item-content\"><img loading=\"lazy\" decoding=\"async\" width=\"735\" height=\"490\" src=\"https:\/\/www.confederaciondelcobre.cl\/wp-content\/uploads\/2019\/11\/IMG_4827.jpg\" class=\"\" alt=\"\" srcset=\"https:\/\/www.confederaciondelcobre.cl\/wp-content\/uploads\/2019\/11\/IMG_4827.jpg 800w, https:\/\/www.confederaciondelcobre.cl\/wp-content\/uploads\/2019\/11\/IMG_4827-300x200.jpg 300w, https:\/\/www.confederaciondelcobre.cl\/wp-content\/uploads\/2019\/11\/IMG_4827-768x512.jpg 768w\" sizes=\"auto, (max-width: 735px) 100vw, 735px\" \/><\/div><\/div><div class=\"su-image-carousel-item\"><div class=\"su-image-carousel-item-content\"><img loading=\"lazy\" decoding=\"async\" width=\"735\" height=\"490\" src=\"https:\/\/www.confederaciondelcobre.cl\/wp-content\/uploads\/2019\/11\/IMG_4823.jpg\" class=\"\" alt=\"\" srcset=\"https:\/\/www.confederaciondelcobre.cl\/wp-content\/uploads\/2019\/11\/IMG_4823.jpg 800w, https:\/\/www.confederaciondelcobre.cl\/wp-content\/uploads\/2019\/11\/IMG_4823-300x200.jpg 300w, https:\/\/www.confederaciondelcobre.cl\/wp-content\/uploads\/2019\/11\/IMG_4823-768x512.jpg 768w\" sizes=\"auto, (max-width: 735px) 100vw, 735px\" \/><\/div><\/div><div class=\"su-image-carousel-item\"><div class=\"su-image-carousel-item-content\"><img loading=\"lazy\" decoding=\"async\" width=\"735\" height=\"490\" src=\"https:\/\/www.confederaciondelcobre.cl\/wp-content\/uploads\/2019\/11\/IMG_4822.jpg\" class=\"\" alt=\"\" srcset=\"https:\/\/www.confederaciondelcobre.cl\/wp-content\/uploads\/2019\/11\/IMG_4822.jpg 800w, https:\/\/www.confederaciondelcobre.cl\/wp-content\/uploads\/2019\/11\/IMG_4822-300x200.jpg 300w, https:\/\/www.confederaciondelcobre.cl\/wp-content\/uploads\/2019\/11\/IMG_4822-768x512.jpg 768w\" sizes=\"auto, (max-width: 735px) 100vw, 735px\" \/><\/div><\/div><div class=\"su-image-carousel-item\"><div class=\"su-image-carousel-item-content\"><img loading=\"lazy\" decoding=\"async\" width=\"735\" height=\"490\" src=\"https:\/\/www.confederaciondelcobre.cl\/wp-content\/uploads\/2019\/11\/IMG_4820.jpg\" class=\"\" alt=\"\" srcset=\"https:\/\/www.confederaciondelcobre.cl\/wp-content\/uploads\/2019\/11\/IMG_4820.jpg 800w, https:\/\/www.confederaciondelcobre.cl\/wp-content\/uploads\/2019\/11\/IMG_4820-300x200.jpg 300w, https:\/\/www.confederaciondelcobre.cl\/wp-content\/uploads\/2019\/11\/IMG_4820-768x512.jpg 768w\" sizes=\"auto, (max-width: 735px) 100vw, 735px\" \/><\/div><\/div><div class=\"su-image-carousel-item\"><div class=\"su-image-carousel-item-content\"><img loading=\"lazy\" decoding=\"async\" width=\"735\" height=\"490\" src=\"https:\/\/www.confederaciondelcobre.cl\/wp-content\/uploads\/2019\/11\/IMG_4819.jpg\" class=\"\" alt=\"\" srcset=\"https:\/\/www.confederaciondelcobre.cl\/wp-content\/uploads\/2019\/11\/IMG_4819.jpg 800w, https:\/\/www.confederaciondelcobre.cl\/wp-content\/uploads\/2019\/11\/IMG_4819-300x200.jpg 300w, https:\/\/www.confederaciondelcobre.cl\/wp-content\/uploads\/2019\/11\/IMG_4819-768x512.jpg 768w\" sizes=\"auto, (max-width: 735px) 100vw, 735px\" \/><\/div><\/div><div class=\"su-image-carousel-item\"><div class=\"su-image-carousel-item-content\"><img loading=\"lazy\" decoding=\"async\" width=\"735\" height=\"490\" src=\"https:\/\/www.confederaciondelcobre.cl\/wp-content\/uploads\/2019\/11\/IMG_4817.jpg\" class=\"\" alt=\"\" srcset=\"https:\/\/www.confederaciondelcobre.cl\/wp-content\/uploads\/2019\/11\/IMG_4817.jpg 800w, https:\/\/www.confederaciondelcobre.cl\/wp-content\/uploads\/2019\/11\/IMG_4817-300x200.jpg 300w, https:\/\/www.confederaciondelcobre.cl\/wp-content\/uploads\/2019\/11\/IMG_4817-768x512.jpg 768w\" sizes=\"auto, (max-width: 735px) 100vw, 735px\" \/><\/div><\/div><div class=\"su-image-carousel-item\"><div class=\"su-image-carousel-item-content\"><img loading=\"lazy\" decoding=\"async\" width=\"735\" height=\"490\" src=\"https:\/\/www.confederaciondelcobre.cl\/wp-content\/uploads\/2019\/11\/IMG_4814.jpg\" class=\"\" alt=\"\" srcset=\"https:\/\/www.confederaciondelcobre.cl\/wp-content\/uploads\/2019\/11\/IMG_4814.jpg 800w, https:\/\/www.confederaciondelcobre.cl\/wp-content\/uploads\/2019\/11\/IMG_4814-300x200.jpg 300w, https:\/\/www.confederaciondelcobre.cl\/wp-content\/uploads\/2019\/11\/IMG_4814-768x512.jpg 768w\" sizes=\"auto, (max-width: 735px) 100vw, 735px\" \/><\/div><\/div><div class=\"su-image-carousel-item\"><div class=\"su-image-carousel-item-content\"><img loading=\"lazy\" decoding=\"async\" width=\"735\" height=\"490\" src=\"https:\/\/www.confederaciondelcobre.cl\/wp-content\/uploads\/2019\/11\/IMG_4811.jpg\" class=\"\" alt=\"\" srcset=\"https:\/\/www.confederaciondelcobre.cl\/wp-content\/uploads\/2019\/11\/IMG_4811.jpg 800w, https:\/\/www.confederaciondelcobre.cl\/wp-content\/uploads\/2019\/11\/IMG_4811-300x200.jpg 300w, https:\/\/www.confederaciondelcobre.cl\/wp-content\/uploads\/2019\/11\/IMG_4811-768x512.jpg 768w\" sizes=\"auto, (max-width: 735px) 100vw, 735px\" \/><\/div><\/div><\/div><script id=\"su_image_carousel_69f13057d4f95_script\">if(window.SUImageCarousel){setTimeout(function() {window.SUImageCarousel.initGallery(document.getElementById(\"su_image_carousel_69f13057d4f95\"))}, 0);}var su_image_carousel_69f13057d4f95_script=document.getElementById(\"su_image_carousel_69f13057d4f95_script\");if(su_image_carousel_69f13057d4f95_script){su_image_carousel_69f13057d4f95_script.parentNode.removeChild(su_image_carousel_69f13057d4f95_script);}<\/script>\n\n\n\n\n\n<p>Luego, el mismo&nbsp;<strong>viernes 02 de agosto<\/strong>&nbsp;y en el mismo lugar (sede&nbsp; CTC en El Salvador) se realiz\u00f3 un&nbsp;<strong>conversatorio junto a artistas de la zona<\/strong>, que fueron convocados para presentar sus trabajos musicales, de literatura y artes pl\u00e1sticas. En la oportunidad&nbsp;<strong>se habl\u00f3 y comparti\u00f3 visiones sobre como el arte, en sus diversas manifestaciones, puede y debe ser una herramienta que genere inquietud, que induzca a la reflexi\u00f3n y que aporte en la construcci\u00f3n social<\/strong>. Tambi\u00e9n nos acompa\u00f1aron y&nbsp;<strong>participaron dirigentes estudiantiles secundarios, que expusieron su realidad, sus las ideas y propuestas que como movimiento estudiantil promueven<\/strong>.<\/p>\n\n\n\n<p>El d\u00eda&nbsp;<strong>S\u00e1bado 03 de agosto<\/strong>, ya en la ciudad de Diego de Almagro, se realiz\u00f3 un&nbsp;<strong>conversatorio con vecinas y vecinos de la Ampliaci\u00f3n Torre Blanca<\/strong>.&nbsp;All\u00ed se abordaron asuntos relacionados a la baja contrataci\u00f3n local por parte de la miner\u00eda en la zona. Se se\u00f1al\u00f3 que alrededor del 70% u 80% de los contratados por la miner\u00eda no viven all\u00ed de forma permanente y dado aquello (la mayor\u00eda de los trabajadores al terminar sus turnos regresan a sus lugares de origen) la econom\u00eda del lugar se ve directamente afectada. Se reflexion\u00f3 sobre la importancia de la organizaci\u00f3n, de los trabajadores, estudiantes, vecinos y comunidad en general, sobre&nbsp;la importancia de vincularse y solidarizar, pues en general las reclamaciones y reivindicaciones all\u00ed conversadas no son solo de cada sector y de manera aislada sino del pueblo en su conjunto y de forma transversal.<\/p>\n\n\n\n<ul class=\"wp-block-list\"><li><em>En la instancia&nbsp;<strong>participaron<\/strong>, cabe se\u00f1alar, por la CTC,&nbsp;<strong>Manuel Ahumada Letelier<\/strong>, presidente;&nbsp;<strong>Ana Lamas Aguirre<\/strong>, secretaria general;&nbsp;<strong>Jedry Velis Palma<\/strong>, tesorero nacional;&nbsp;<strong>Patricio Roco Bucarey<\/strong>, director nacional encargado de organizaci\u00f3n y&nbsp;<strong>Stephanie Gonz\u00e1lez Ch\u00e1vez<\/strong>, directora nacional encargada de g\u00e9nero e inclusi\u00f3n. Tambi\u00e9n particip\u00f3 el&nbsp;presidente del Sindicato Interempresa Tramsalpo,&nbsp;<strong>Daniel C\u00e1ceres&nbsp;<\/strong>junto al&nbsp;<strong>concejal de la comuna de Diego de Almagro, Juan Pablo Astudillo<\/strong>;&nbsp;<strong>la<\/strong>&nbsp;<strong>presidenta de la Agrupaci\u00f3n de Familiares de Ejecutados Pol\u00edticos (AFEP), Alicia Lira<\/strong>;&nbsp;<strong>Andr\u00e9s Huerta e Ignacio G\u00f3mez del grupo musical &#8220;Imaginaci\u00f3n&#8221;<\/strong>&nbsp;y los cantantes&nbsp;<strong>Evelyn Cornejo, Manuel L\u00f3pez<\/strong>&nbsp;y uno de los fundadores&nbsp;<strong>de Inti-Illimani,<\/strong>&nbsp;<strong>Jorge Coul\u00f3n<\/strong>.<\/em><\/li><\/ul>\n\n\n<div class=\"su-image-carousel  su-image-carousel-has-spacing su-image-carousel-crop su-image-carousel-crop-3-2 su-image-carousel-has-outline su-image-carousel-adaptive su-image-carousel-slides-style-default su-image-carousel-controls-style-dark su-image-carousel-align-center\" style=\"\" data-flickity-options='{\"groupCells\":true,\"cellSelector\":\".su-image-carousel-item\",\"adaptiveHeight\":false,\"cellAlign\":\"left\",\"prevNextButtons\":true,\"pageDots\":true,\"autoPlay\":2000,\"imagesLoaded\":true,\"contain\":true,\"selectedAttraction\":0.15,\"friction\":1}' id=\"su_image_carousel_69f13057d5c5c\"><div class=\"su-image-carousel-item\"><div class=\"su-image-carousel-item-content\"><img loading=\"lazy\" decoding=\"async\" width=\"735\" height=\"490\" src=\"https:\/\/www.confederaciondelcobre.cl\/wp-content\/uploads\/2019\/08\/IMG_5002.jpg\" class=\"\" alt=\"\" srcset=\"https:\/\/www.confederaciondelcobre.cl\/wp-content\/uploads\/2019\/08\/IMG_5002.jpg 800w, https:\/\/www.confederaciondelcobre.cl\/wp-content\/uploads\/2019\/08\/IMG_5002-300x200.jpg 300w, https:\/\/www.confederaciondelcobre.cl\/wp-content\/uploads\/2019\/08\/IMG_5002-768x512.jpg 768w\" sizes=\"auto, (max-width: 735px) 100vw, 735px\" \/><\/div><\/div><div class=\"su-image-carousel-item\"><div class=\"su-image-carousel-item-content\"><img loading=\"lazy\" decoding=\"async\" width=\"735\" height=\"490\" src=\"https:\/\/www.confederaciondelcobre.cl\/wp-content\/uploads\/2019\/08\/IMG_4996.jpg\" class=\"\" alt=\"\" srcset=\"https:\/\/www.confederaciondelcobre.cl\/wp-content\/uploads\/2019\/08\/IMG_4996.jpg 800w, https:\/\/www.confederaciondelcobre.cl\/wp-content\/uploads\/2019\/08\/IMG_4996-300x200.jpg 300w, https:\/\/www.confederaciondelcobre.cl\/wp-content\/uploads\/2019\/08\/IMG_4996-768x512.jpg 768w\" sizes=\"auto, (max-width: 735px) 100vw, 735px\" \/><\/div><\/div><div class=\"su-image-carousel-item\"><div class=\"su-image-carousel-item-content\"><img loading=\"lazy\" decoding=\"async\" width=\"735\" height=\"490\" src=\"https:\/\/www.confederaciondelcobre.cl\/wp-content\/uploads\/2019\/08\/IMG_4994.jpg\" class=\"\" alt=\"\" srcset=\"https:\/\/www.confederaciondelcobre.cl\/wp-content\/uploads\/2019\/08\/IMG_4994.jpg 800w, https:\/\/www.confederaciondelcobre.cl\/wp-content\/uploads\/2019\/08\/IMG_4994-300x200.jpg 300w, https:\/\/www.confederaciondelcobre.cl\/wp-content\/uploads\/2019\/08\/IMG_4994-768x512.jpg 768w\" sizes=\"auto, (max-width: 735px) 100vw, 735px\" \/><\/div><\/div><div class=\"su-image-carousel-item\"><div class=\"su-image-carousel-item-content\"><img loading=\"lazy\" decoding=\"async\" width=\"735\" height=\"490\" src=\"https:\/\/www.confederaciondelcobre.cl\/wp-content\/uploads\/2019\/08\/IMG_4992.jpg\" class=\"\" alt=\"\" srcset=\"https:\/\/www.confederaciondelcobre.cl\/wp-content\/uploads\/2019\/08\/IMG_4992.jpg 800w, https:\/\/www.confederaciondelcobre.cl\/wp-content\/uploads\/2019\/08\/IMG_4992-300x200.jpg 300w, https:\/\/www.confederaciondelcobre.cl\/wp-content\/uploads\/2019\/08\/IMG_4992-768x512.jpg 768w\" sizes=\"auto, (max-width: 735px) 100vw, 735px\" \/><\/div><\/div><div class=\"su-image-carousel-item\"><div class=\"su-image-carousel-item-content\"><img loading=\"lazy\" decoding=\"async\" width=\"735\" height=\"490\" src=\"https:\/\/www.confederaciondelcobre.cl\/wp-content\/uploads\/2019\/08\/IMG_4989.jpg\" class=\"\" alt=\"\" srcset=\"https:\/\/www.confederaciondelcobre.cl\/wp-content\/uploads\/2019\/08\/IMG_4989.jpg 800w, https:\/\/www.confederaciondelcobre.cl\/wp-content\/uploads\/2019\/08\/IMG_4989-300x200.jpg 300w, https:\/\/www.confederaciondelcobre.cl\/wp-content\/uploads\/2019\/08\/IMG_4989-768x512.jpg 768w\" sizes=\"auto, (max-width: 735px) 100vw, 735px\" \/><\/div><\/div><div class=\"su-image-carousel-item\"><div class=\"su-image-carousel-item-content\"><img loading=\"lazy\" decoding=\"async\" width=\"735\" height=\"490\" src=\"https:\/\/www.confederaciondelcobre.cl\/wp-content\/uploads\/2019\/08\/IMG_4985.jpg\" class=\"\" alt=\"\" srcset=\"https:\/\/www.confederaciondelcobre.cl\/wp-content\/uploads\/2019\/08\/IMG_4985.jpg 800w, https:\/\/www.confederaciondelcobre.cl\/wp-content\/uploads\/2019\/08\/IMG_4985-300x200.jpg 300w, https:\/\/www.confederaciondelcobre.cl\/wp-content\/uploads\/2019\/08\/IMG_4985-768x512.jpg 768w\" sizes=\"auto, (max-width: 735px) 100vw, 735px\" \/><\/div><\/div><div class=\"su-image-carousel-item\"><div class=\"su-image-carousel-item-content\"><img loading=\"lazy\" decoding=\"async\" width=\"735\" height=\"490\" src=\"https:\/\/www.confederaciondelcobre.cl\/wp-content\/uploads\/2019\/08\/IMG_4983.jpg\" class=\"\" alt=\"\" srcset=\"https:\/\/www.confederaciondelcobre.cl\/wp-content\/uploads\/2019\/08\/IMG_4983.jpg 800w, https:\/\/www.confederaciondelcobre.cl\/wp-content\/uploads\/2019\/08\/IMG_4983-300x200.jpg 300w, https:\/\/www.confederaciondelcobre.cl\/wp-content\/uploads\/2019\/08\/IMG_4983-768x512.jpg 768w\" sizes=\"auto, (max-width: 735px) 100vw, 735px\" \/><\/div><\/div><div class=\"su-image-carousel-item\"><div class=\"su-image-carousel-item-content\"><img loading=\"lazy\" decoding=\"async\" width=\"735\" height=\"490\" src=\"https:\/\/www.confederaciondelcobre.cl\/wp-content\/uploads\/2019\/08\/IMG_4980.jpg\" class=\"\" alt=\"\" srcset=\"https:\/\/www.confederaciondelcobre.cl\/wp-content\/uploads\/2019\/08\/IMG_4980.jpg 800w, https:\/\/www.confederaciondelcobre.cl\/wp-content\/uploads\/2019\/08\/IMG_4980-300x200.jpg 300w, https:\/\/www.confederaciondelcobre.cl\/wp-content\/uploads\/2019\/08\/IMG_4980-768x512.jpg 768w\" sizes=\"auto, (max-width: 735px) 100vw, 735px\" \/><\/div><\/div><div class=\"su-image-carousel-item\"><div class=\"su-image-carousel-item-content\"><img loading=\"lazy\" decoding=\"async\" width=\"735\" height=\"490\" src=\"https:\/\/www.confederaciondelcobre.cl\/wp-content\/uploads\/2019\/08\/IMG_4977.jpg\" class=\"\" alt=\"\" srcset=\"https:\/\/www.confederaciondelcobre.cl\/wp-content\/uploads\/2019\/08\/IMG_4977.jpg 800w, https:\/\/www.confederaciondelcobre.cl\/wp-content\/uploads\/2019\/08\/IMG_4977-300x200.jpg 300w, https:\/\/www.confederaciondelcobre.cl\/wp-content\/uploads\/2019\/08\/IMG_4977-768x512.jpg 768w\" sizes=\"auto, (max-width: 735px) 100vw, 735px\" \/><\/div><\/div><div class=\"su-image-carousel-item\"><div class=\"su-image-carousel-item-content\"><img loading=\"lazy\" decoding=\"async\" width=\"735\" height=\"490\" src=\"https:\/\/www.confederaciondelcobre.cl\/wp-content\/uploads\/2019\/08\/IMG_4975.jpg\" class=\"\" alt=\"\" srcset=\"https:\/\/www.confederaciondelcobre.cl\/wp-content\/uploads\/2019\/08\/IMG_4975.jpg 800w, https:\/\/www.confederaciondelcobre.cl\/wp-content\/uploads\/2019\/08\/IMG_4975-300x200.jpg 300w, https:\/\/www.confederaciondelcobre.cl\/wp-content\/uploads\/2019\/08\/IMG_4975-768x512.jpg 768w\" sizes=\"auto, (max-width: 735px) 100vw, 735px\" \/><\/div><\/div><div class=\"su-image-carousel-item\"><div class=\"su-image-carousel-item-content\"><img loading=\"lazy\" decoding=\"async\" width=\"735\" height=\"490\" src=\"https:\/\/www.confederaciondelcobre.cl\/wp-content\/uploads\/2019\/08\/IMG_4970.jpg\" class=\"\" alt=\"\" srcset=\"https:\/\/www.confederaciondelcobre.cl\/wp-content\/uploads\/2019\/08\/IMG_4970.jpg 800w, https:\/\/www.confederaciondelcobre.cl\/wp-content\/uploads\/2019\/08\/IMG_4970-300x200.jpg 300w, https:\/\/www.confederaciondelcobre.cl\/wp-content\/uploads\/2019\/08\/IMG_4970-768x512.jpg 768w\" sizes=\"auto, (max-width: 735px) 100vw, 735px\" \/><\/div><\/div><div class=\"su-image-carousel-item\"><div class=\"su-image-carousel-item-content\"><img loading=\"lazy\" decoding=\"async\" width=\"735\" height=\"490\" src=\"https:\/\/www.confederaciondelcobre.cl\/wp-content\/uploads\/2019\/08\/IMG_4969.jpg\" class=\"\" alt=\"\" srcset=\"https:\/\/www.confederaciondelcobre.cl\/wp-content\/uploads\/2019\/08\/IMG_4969.jpg 800w, https:\/\/www.confederaciondelcobre.cl\/wp-content\/uploads\/2019\/08\/IMG_4969-300x200.jpg 300w, https:\/\/www.confederaciondelcobre.cl\/wp-content\/uploads\/2019\/08\/IMG_4969-768x512.jpg 768w\" sizes=\"auto, (max-width: 735px) 100vw, 735px\" \/><\/div><\/div><div class=\"su-image-carousel-item\"><div class=\"su-image-carousel-item-content\"><img loading=\"lazy\" decoding=\"async\" width=\"735\" height=\"490\" src=\"https:\/\/www.confederaciondelcobre.cl\/wp-content\/uploads\/2019\/08\/IMG_4968.jpg\" class=\"\" alt=\"\" srcset=\"https:\/\/www.confederaciondelcobre.cl\/wp-content\/uploads\/2019\/08\/IMG_4968.jpg 800w, https:\/\/www.confederaciondelcobre.cl\/wp-content\/uploads\/2019\/08\/IMG_4968-300x200.jpg 300w, https:\/\/www.confederaciondelcobre.cl\/wp-content\/uploads\/2019\/08\/IMG_4968-768x512.jpg 768w\" sizes=\"auto, (max-width: 735px) 100vw, 735px\" \/><\/div><\/div><div class=\"su-image-carousel-item\"><div class=\"su-image-carousel-item-content\"><img loading=\"lazy\" decoding=\"async\" width=\"735\" height=\"490\" src=\"https:\/\/www.confederaciondelcobre.cl\/wp-content\/uploads\/2019\/08\/IMG_4967.jpg\" class=\"\" alt=\"\" srcset=\"https:\/\/www.confederaciondelcobre.cl\/wp-content\/uploads\/2019\/08\/IMG_4967.jpg 800w, https:\/\/www.confederaciondelcobre.cl\/wp-content\/uploads\/2019\/08\/IMG_4967-300x200.jpg 300w, https:\/\/www.confederaciondelcobre.cl\/wp-content\/uploads\/2019\/08\/IMG_4967-768x512.jpg 768w\" sizes=\"auto, (max-width: 735px) 100vw, 735px\" \/><\/div><\/div><div class=\"su-image-carousel-item\"><div class=\"su-image-carousel-item-content\"><img loading=\"lazy\" decoding=\"async\" width=\"735\" height=\"490\" src=\"https:\/\/www.confederaciondelcobre.cl\/wp-content\/uploads\/2019\/08\/IMG_4965.jpg\" class=\"\" alt=\"\" srcset=\"https:\/\/www.confederaciondelcobre.cl\/wp-content\/uploads\/2019\/08\/IMG_4965.jpg 800w, https:\/\/www.confederaciondelcobre.cl\/wp-content\/uploads\/2019\/08\/IMG_4965-300x200.jpg 300w, https:\/\/www.confederaciondelcobre.cl\/wp-content\/uploads\/2019\/08\/IMG_4965-768x512.jpg 768w\" sizes=\"auto, (max-width: 735px) 100vw, 735px\" \/><\/div><\/div><div class=\"su-image-carousel-item\"><div class=\"su-image-carousel-item-content\"><img loading=\"lazy\" decoding=\"async\" width=\"735\" height=\"490\" src=\"https:\/\/www.confederaciondelcobre.cl\/wp-content\/uploads\/2019\/08\/IMG_4963.jpg\" class=\"\" alt=\"\" srcset=\"https:\/\/www.confederaciondelcobre.cl\/wp-content\/uploads\/2019\/08\/IMG_4963.jpg 800w, https:\/\/www.confederaciondelcobre.cl\/wp-content\/uploads\/2019\/08\/IMG_4963-300x200.jpg 300w, https:\/\/www.confederaciondelcobre.cl\/wp-content\/uploads\/2019\/08\/IMG_4963-768x512.jpg 768w\" sizes=\"auto, (max-width: 735px) 100vw, 735px\" \/><\/div><\/div><div class=\"su-image-carousel-item\"><div class=\"su-image-carousel-item-content\"><img loading=\"lazy\" decoding=\"async\" width=\"735\" height=\"490\" src=\"https:\/\/www.confederaciondelcobre.cl\/wp-content\/uploads\/2019\/08\/IMG_4961.jpg\" class=\"\" alt=\"\" srcset=\"https:\/\/www.confederaciondelcobre.cl\/wp-content\/uploads\/2019\/08\/IMG_4961.jpg 800w, https:\/\/www.confederaciondelcobre.cl\/wp-content\/uploads\/2019\/08\/IMG_4961-300x200.jpg 300w, https:\/\/www.confederaciondelcobre.cl\/wp-content\/uploads\/2019\/08\/IMG_4961-768x512.jpg 768w\" sizes=\"auto, (max-width: 735px) 100vw, 735px\" \/><\/div><\/div><div class=\"su-image-carousel-item\"><div class=\"su-image-carousel-item-content\"><img loading=\"lazy\" decoding=\"async\" width=\"735\" height=\"490\" src=\"https:\/\/www.confederaciondelcobre.cl\/wp-content\/uploads\/2019\/08\/IMG_4948.jpg\" class=\"\" alt=\"\" srcset=\"https:\/\/www.confederaciondelcobre.cl\/wp-content\/uploads\/2019\/08\/IMG_4948.jpg 800w, https:\/\/www.confederaciondelcobre.cl\/wp-content\/uploads\/2019\/08\/IMG_4948-300x200.jpg 300w, https:\/\/www.confederaciondelcobre.cl\/wp-content\/uploads\/2019\/08\/IMG_4948-768x512.jpg 768w\" sizes=\"auto, (max-width: 735px) 100vw, 735px\" \/><\/div><\/div><\/div><script id=\"su_image_carousel_69f13057d5c5c_script\">if(window.SUImageCarousel){setTimeout(function() {window.SUImageCarousel.initGallery(document.getElementById(\"su_image_carousel_69f13057d5c5c\"))}, 0);}var su_image_carousel_69f13057d5c5c_script=document.getElementById(\"su_image_carousel_69f13057d5c5c_script\");if(su_image_carousel_69f13057d5c5c_script){su_image_carousel_69f13057d5c5c_script.parentNode.removeChild(su_image_carousel_69f13057d5c5c_script);}<\/script>\n\n\n\n<p>Finalmente,&nbsp;<strong>el mismo d\u00eda s\u00e1bado 03 de agosto<\/strong>&nbsp;y alrededor de las 19:30 horas, se dio inicio al evento principal. El&nbsp;<strong>Festival cultural Nelson en la memoria, en su segunda versi\u00f3n correspondiente al a\u00f1o 2019<\/strong>, se realiz\u00f3 en el gimnasio municipal Mar\u00eda Cangana de Diego de Almagro con la presentaci\u00f3n, en primer lugar, de&nbsp;<strong>artistas emergentes de la zona que fueron convocados<\/strong>. Canciones, poes\u00eda y artes pl\u00e1sticas dieron el marco a un emotivo encuentro en torno a la memoria, la reivindicaci\u00f3n de los Derechos Humanos y, por cierto, de los Trabajadores.&nbsp;<\/p>\n\n\n\n<p><strong>En la parte musical<\/strong>, las composiciones fueron alusivas a los derechos de los trabajadores, de los pobladores, causas medioambientales y tambi\u00e9n de dif\u00edciles vivencias personales. Fueron present\u00e1ndose, una a una, con una notable calidad e impecable ejecuci\u00f3n. Ellas fueron:<\/p>\n\n\n\n<ul class=\"wp-block-list\"><li><strong>Aluvi\u00f3n<\/strong>, del grupo Wanako;<strong>Revoluci\u00f3n por un derecho y una equidad donde vivir y comer<\/strong>, por &#8220;M\u00edstico&#8221; (Jonathan Ar\u00e9valo Loyola);<strong>&nbsp;Gigantes de metal<\/strong>, por &#8220;Norche&#8221; (Juan D\u00edaz miranda);&nbsp;<strong>Sangre y olvido<\/strong>, por Cristian Barahona Zambra y&nbsp;<strong>Tu recuerdo (la voz de la memoria)<\/strong>, por Jorge V\u00e9liz Mu\u00f1oz.<\/li><li>En tanto,&nbsp;<strong>la poes\u00eda<\/strong>&nbsp;de la noche estuvo a cargo de&nbsp;<strong>Yorka Riffo P\u00e9rez<\/strong>&nbsp;con&nbsp;<strong>&#8220;Un nuevo invierno&#8221;<\/strong>, un bello poema que dejamos a continuaci\u00f3n:<\/li><\/ul>\n\n\n\n<figure class=\"wp-block-image\"><a href=\"http:\/\/www.confederaciondelcobre.cl\/erbocefnoc\/wp-content\/uploads\/2019\/08\/Poema-Yorka-Riffo-Perez.jpg\"><img decoding=\"async\" src=\"http:\/\/www.confederaciondelcobre.cl\/erbocefnoc\/wp-content\/uploads\/2019\/08\/Poema-Yorka-Riffo-Perez.jpg\" alt=\"Poema Yorka Riffo Perez\" class=\"wp-image-11831\"\/><\/a><\/figure>\n\n\n\n<ul class=\"wp-block-list\"><li>La presentaci\u00f3n de artistas emergentes de la zona, junto con m\u00fasica y poes\u00eda, tambi\u00e9n incluy\u00f3 la confecci\u00f3n de una&nbsp;<strong>arpillera<\/strong>, obra de&nbsp;<strong>Paulina Ellahue\u00f1e Espinoza<\/strong>, que tiene dos inspiraciones fundamentales. Primero; en el trabajo visual de Violeta Parra, como tambi\u00e9n en las arpilleras realizadas por las mujeres de Detenidos Desaparecidos durante el per\u00edodo de la dictadura c\u00edvico-militar en Chile. Se utilizaron en la \u00e9poca como un medio para expresar una lucha, de decir lo que estaba ocurriendo en aquellos oscuros a\u00f1os&nbsp;y que -como ella expresa- ha vuelto con mucha fuerza. Y en segundo t\u00e9rmino tambi\u00e9n se inspira en lo sucedido con Nelson Quichillao; est\u00e1n las manos, el coraz\u00f3n y el cielo estrellado, el que fue testigo del cobarde e injustificado asesinato.<\/li><\/ul>\n\n\n\n<figure class=\"wp-block-image\"><a href=\"http:\/\/www.confederaciondelcobre.cl\/erbocefnoc\/wp-content\/uploads\/2019\/08\/Arpillera.jpg\"><img decoding=\"async\" src=\"http:\/\/www.confederaciondelcobre.cl\/erbocefnoc\/wp-content\/uploads\/2019\/08\/Arpillera.jpg\" alt=\"Arpillera\" class=\"wp-image-11830\"\/><\/a><\/figure>\n\n\n\n<ul class=\"wp-block-list\"><li><strong><em>\u201cRecuperando la memoria hist\u00f3rica. Segundo Festival \u201dNelson en la Memoria\u201d es una iniciativa financiada con el concurso FNDR 6% de Cultura del a\u00f1o 2019, del Gobierno Regional de Atacama, aprobado por el Consejo Regional.<\/em><\/strong><\/li><\/ul>\n\n\n\n<p>Cabe destacar que al Festival fueron invitados, para abrir el evento,&nbsp;<strong>Trinares de la localidad de Pueblo Hundido<\/strong>, una formaci\u00f3n de ni\u00f1as y ni\u00f1os que interpretaron y emocionaron a los presentes con una danza mapuche. Tambi\u00e9n estuvo&nbsp;<strong>Hamilton Ser-You&nbsp;<\/strong>de El Salvador, uno de los destacados participantes de la primera versi\u00f3n del Festival cultural Nelson en la memoria, a\u00f1o 2018, interpretando su canci\u00f3n&nbsp;<strong>&#8220;Pienso revoluci\u00f3n&#8221;<\/strong>.<\/p>\n\n\n\n<p>En tanto los oradores de la noche fueron, en primer lugar, el&nbsp;<strong>concejal de Diego de Almagro, Juan Pablo Astudillo<\/strong>, quien a prop\u00f3sito del contexto recit\u00f3 un sentido poema. Tambi\u00e9n&nbsp;<strong>entreg\u00f3 un saludo de parte del alcalde de la Municipalidad de Diego de Almagro, Isa\u00edas Zavala<\/strong>. Luego fue el turno de&nbsp;<strong>Alicia Lira, presidenta de la Agrupaci\u00f3n de Familiares de Ejecutados Pol\u00edticos (AFEP)<\/strong>, quien&nbsp;<strong>destac\u00f3 la importancia del evento<\/strong>, toda vez que&nbsp;<strong>rescata la memoria de Nelson Quichillao<\/strong>&nbsp;<strong>a la vez que es una muestra del compromiso con la verdad y justicia en torno a su asesinato.<\/strong>&nbsp;Luego la palabra la tom\u00f3&nbsp;<strong>Manuel Ahumada Letelier, presidente de la Confederaci\u00f3n de Trabajadores del Cobre (CTC)<\/strong>, quien junto con expresar que&nbsp;<strong>a pesar de la negativa en instancias nacionales, el compromiso de la organizaci\u00f3n es persistir en la b\u00fasqueda de justicia<\/strong>. Es debido a lo anterior, entonces, como ya se ha anunciando con anterioridad,&nbsp;<strong>se ha interpuesto una denuncia&nbsp;ante la Comisi\u00f3n Interamericana de Derechos Humanos por la responsabilidad que le cabe al Estado de Chile tiene en torno a la muerte de Nelson Quichillao<\/strong>. Llam\u00f3 a la comunidad a organizarse en torno a sus diversas demandas, y que un evento como este (Festival cultural Nelson en la memoria) es una iniciativa a la cual est\u00e1n todas y todos invitados a ser parte activa en la versi\u00f3n del pr\u00f3ximo a\u00f1o.<\/p>\n\n\n\n<p>Despu\u00e9s vino la intervenci\u00f3n de&nbsp;<strong>Ana Lamas Aguirre, secretaria general de la CTC y presidenta de la Federaci\u00f3n de Sindicatos El Salvador (FESAL)<\/strong>. Acompa\u00f1ada de las dirigentas, Stephanie Gonz\u00e1lez, Maudy Contreras y Corina Alfaro, sus palabras estuvieron dedicadas a Nelson Quichillao, al&nbsp;<strong>compromiso que la organizaci\u00f3n tiene con su compa\u00f1ero, a la convicci\u00f3n de lograr verdad y justicia, a reivindicar las demandas de los trabajadores y poner en relieve la importancia que tienen el arte y la cultura en las causas sociales<\/strong>.<\/p>\n\n\n\n<p>La noche, como se anunciara, tuvo como invitados musicales a artistas de basta trayectoria y renombre nacional.&nbsp;<strong>Evelyn Cornejo<\/strong>, quien nos sorprendi\u00f3&nbsp;con su invitado&nbsp;<strong>Manolo Pez<\/strong>;&nbsp;<strong>Imaginaci\u00f3n<\/strong>&nbsp;e&nbsp;<strong>Inti-Illimani<\/strong>&nbsp;se presentaron mostrando lo mejor de sus repertorios. Animaron y emocionaron a los asistentes con canciones llenas de contenido, compromiso y tambi\u00e9n alegr\u00eda. Un momento notable fue la colaboraci\u00f3n entre Inti-Illimani e Imaginaci\u00f3n. Ambas agrupaciones que primero tocaron por separado, luego se juntaron para interpretar algunas canciones y verdaderos himnos, hist\u00f3ricos y reconocidos por el mundo de los trabajadores y las organizaciones sociales.<\/p>\n\n\n\n<p>El Festival cultural Nelson en la memoria, en su segunda versi\u00f3n, a\u00f1o 2019, estuvo cargado de amistad, v\u00ednculos, emociones y belleza. Agradecemos enormemente a quienes asistieron y participaron, tanto en la cl\u00ednica musical y los conversatorios, como en el evento art\u00edstico y cultural en el gimnasio municipal Mar\u00eda Cangana de Diego de Almagro. Finalmente; cerramos esta publicaci\u00f3n con&nbsp;el siguiente anuncio e invitaci\u00f3n:<\/p>\n\n\n\n<p>\u00a1Nos vemos el pr\u00f3ximo a\u00f1o, en la tercera versi\u00f3n del Festival Cultural Nelson en la Memoria a\u00f1o 2020!<\/p>\n\n\n\n<figure class=\"wp-block-image\"><a href=\"http:\/\/www.confederaciondelcobre.cl\/erbocefnoc\/wp-content\/uploads\/2019\/08\/IMG_5583.jpg\"><img decoding=\"async\" src=\"http:\/\/www.confederaciondelcobre.cl\/erbocefnoc\/wp-content\/uploads\/2019\/08\/IMG_5583.jpg\" alt=\"IMG_5583\" class=\"wp-image-11837\"\/><\/a><\/figure>\n\n\n\n<ul class=\"wp-block-gallery columns-0 is-cropped wp-block-gallery-1 is-layout-flex wp-block-gallery-is-layout-flex\"><\/ul>\n","protected":false},"excerpt":{"rendered":"<p>El d\u00eda&nbsp;s\u00e1bado 03 de agosto, y en el gimnasio municipal Mar\u00eda Cangana de la ciudad de Diego de Almagro, en la regi\u00f3n de Atacama, se realiz\u00f3 la&nbsp;segunda versi\u00f3n del Festival &hellip; <\/p>\n","protected":false},"author":2,"featured_media":304,"comment_status":"open","ping_status":"open","sticky":false,"template":"","format":"standard","meta":{"jetpack_post_was_ever_published":false,"_jetpack_newsletter_access":"","_jetpack_dont_email_post_to_subs":false,"_jetpack_newsletter_tier_id":0,"_jetpack_memberships_contains_paywalled_content":false,"_jetpack_memberships_contains_paid_content":false,"footnotes":"","jetpack_publicize_message":"","jetpack_publicize_feature_enabled":true,"jetpack_social_post_already_shared":false,"jetpack_social_options":{"image_generator_settings":{"template":"highway","default_image_id":0,"enabled":false},"version":2}},"categories":[9,21,22,28,26,25,29,31,15,19],"tags":[],"class_list":["post-301","post","type-post","status-publish","format-standard","has-post-thumbnail","hentry","category-confederacion","category-federaciones","category-feminort","category-fesal","category-fesamab","category-fesamav","category-fetramac","category-fetratec","category-nacional","category-trabajadores"],"jetpack_publicize_connections":[],"jetpack_featured_media_url":"https:\/\/www.confederaciondelcobre.cl\/wp-content\/uploads\/2019\/11\/IMG_4809.jpg","jetpack_sharing_enabled":true,"post_mailing_queue_ids":[],"_links":{"self":[{"href":"https:\/\/www.confederaciondelcobre.cl\/index.php\/wp-json\/wp\/v2\/posts\/301","targetHints":{"allow":["GET"]}}],"collection":[{"href":"https:\/\/www.confederaciondelcobre.cl\/index.php\/wp-json\/wp\/v2\/posts"}],"about":[{"href":"https:\/\/www.confederaciondelcobre.cl\/index.php\/wp-json\/wp\/v2\/types\/post"}],"author":[{"embeddable":true,"href":"https:\/\/www.confederaciondelcobre.cl\/index.php\/wp-json\/wp\/v2\/users\/2"}],"replies":[{"embeddable":true,"href":"https:\/\/www.confederaciondelcobre.cl\/index.php\/wp-json\/wp\/v2\/comments?post=301"}],"version-history":[{"count":8,"href":"https:\/\/www.confederaciondelcobre.cl\/index.php\/wp-json\/wp\/v2\/posts\/301\/revisions"}],"predecessor-version":[{"id":523,"href":"https:\/\/www.confederaciondelcobre.cl\/index.php\/wp-json\/wp\/v2\/posts\/301\/revisions\/523"}],"wp:featuredmedia":[{"embeddable":true,"href":"https:\/\/www.confederaciondelcobre.cl\/index.php\/wp-json\/wp\/v2\/media\/304"}],"wp:attachment":[{"href":"https:\/\/www.confederaciondelcobre.cl\/index.php\/wp-json\/wp\/v2\/media?parent=301"}],"wp:term":[{"taxonomy":"category","embeddable":true,"href":"https:\/\/www.confederaciondelcobre.cl\/index.php\/wp-json\/wp\/v2\/categories?post=301"},{"taxonomy":"post_tag","embeddable":true,"href":"https:\/\/www.confederaciondelcobre.cl\/index.php\/wp-json\/wp\/v2\/tags?post=301"}],"curies":[{"name":"wp","href":"https:\/\/api.w.org\/{rel}","templated":true}]}}