{"id":3019,"date":"2022-11-23T16:32:02","date_gmt":"2022-11-23T20:32:02","guid":{"rendered":"https:\/\/www.confederaciondelcobre.cl\/?p=3019"},"modified":"2022-11-23T16:32:05","modified_gmt":"2022-11-23T20:32:05","slug":"acuerdomarco-asambleas-aprueban-propuesta-de-mesa-negociadora","status":"publish","type":"post","link":"https:\/\/www.confederaciondelcobre.cl\/index.php\/2022\/11\/23\/acuerdomarco-asambleas-aprueban-propuesta-de-mesa-negociadora\/","title":{"rendered":"#AcuerdoMarco: Asambleas aprueban propuesta de mesa negociadora"},"content":{"rendered":"\n<p><\/p>\n\n\n\n<p>Asambleas de Federaciones y Sindicatos de la Confederaci\u00f3n de Trabajadores del Cobre (CTC) se realizaron ayer en todos los territorios.<\/p>\n\n\n\n<hr class=\"wp-block-separator has-alpha-channel-opacity\"\/>\n\n\n\n<p>El d\u00eda de ayer, martes 22 de noviembre, trabajadoras y trabajadores socios de sindicatos afiliados a la CTC fueron informados por Dirigentes Nacionales, de Federaciones y Sindicatos sobre la propuesta emanada de la mesa de negociaciones, cuyo trabajo fue revisar, actualizar y mejorar el Acuerdo Marco entre la Confederaci\u00f3n de Trabajadores del Cobre (CTC), la Asociaci\u00f3n Gremial de Empresas para la Miner\u00eda y Rubros Asociados (AGEMA), y la Corporaci\u00f3n Nacional del Cobre (CODELCO).<\/p>\n\n\n\n<p>En las diversas asambleas, realizadas tanto en sedes sindicales como en faenas, y en todas las divisiones de Codelco, las y los trabajadores aprobaron ampliamente dicha propuesta.<\/p>\n\n\n<div class=\"wp-block-image\">\n<figure class=\"aligncenter size-large\"><img loading=\"lazy\" decoding=\"async\" width=\"1024\" height=\"614\" src=\"https:\/\/www.confederaciondelcobre.cl\/wp-content\/uploads\/2022\/11\/Asambleas-1024x614.png\" alt=\"\" class=\"wp-image-3021\" srcset=\"https:\/\/www.confederaciondelcobre.cl\/wp-content\/uploads\/2022\/11\/Asambleas-1024x614.png 1024w, https:\/\/www.confederaciondelcobre.cl\/wp-content\/uploads\/2022\/11\/Asambleas-300x180.png 300w, https:\/\/www.confederaciondelcobre.cl\/wp-content\/uploads\/2022\/11\/Asambleas-768x460.png 768w, https:\/\/www.confederaciondelcobre.cl\/wp-content\/uploads\/2022\/11\/Asambleas-1536x921.png 1536w, https:\/\/www.confederaciondelcobre.cl\/wp-content\/uploads\/2022\/11\/Asambleas.png 2000w\" sizes=\"auto, (max-width: 1024px) 100vw, 1024px\" \/><\/figure><\/div>","protected":false},"excerpt":{"rendered":"<p>Asambleas de Federaciones y Sindicatos de la Confederaci\u00f3n de Trabajadores del Cobre (CTC) se realizaron ayer en todos los territorios. El d\u00eda de ayer, martes 22 de noviembre, trabajadoras y &hellip; <\/p>\n","protected":false},"author":2,"featured_media":3020,"comment_status":"closed","ping_status":"closed","sticky":false,"template":"","format":"standard","meta":{"jetpack_post_was_ever_published":false,"_jetpack_newsletter_access":"","_jetpack_dont_email_post_to_subs":false,"_jetpack_newsletter_tier_id":0,"_jetpack_memberships_contains_paywalled_content":false,"_jetpack_memberships_contains_paid_content":false,"footnotes":"","jetpack_publicize_message":"","jetpack_publicize_feature_enabled":true,"jetpack_social_post_already_shared":true,"jetpack_social_options":{"image_generator_settings":{"template":"highway","default_image_id":0,"enabled":false},"version":2}},"categories":[5,23,9,15,19],"tags":[],"class_list":["post-3019","post","type-post","status-publish","format-standard","has-post-thumbnail","hentry","category-acuerdo-marco","category-acuerdo-marco-codelco","category-confederacion","category-nacional","category-trabajadores"],"jetpack_publicize_connections":[],"jetpack_featured_media_url":"https:\/\/www.confederaciondelcobre.cl\/wp-content\/uploads\/2022\/11\/PortAsambleas.jpg","jetpack_sharing_enabled":true,"post_mailing_queue_ids":[],"_links":{"self":[{"href":"https:\/\/www.confederaciondelcobre.cl\/index.php\/wp-json\/wp\/v2\/posts\/3019","targetHints":{"allow":["GET"]}}],"collection":[{"href":"https:\/\/www.confederaciondelcobre.cl\/index.php\/wp-json\/wp\/v2\/posts"}],"about":[{"href":"https:\/\/www.confederaciondelcobre.cl\/index.php\/wp-json\/wp\/v2\/types\/post"}],"author":[{"embeddable":true,"href":"https:\/\/www.confederaciondelcobre.cl\/index.php\/wp-json\/wp\/v2\/users\/2"}],"replies":[{"embeddable":true,"href":"https:\/\/www.confederaciondelcobre.cl\/index.php\/wp-json\/wp\/v2\/comments?post=3019"}],"version-history":[{"count":1,"href":"https:\/\/www.confederaciondelcobre.cl\/index.php\/wp-json\/wp\/v2\/posts\/3019\/revisions"}],"predecessor-version":[{"id":3022,"href":"https:\/\/www.confederaciondelcobre.cl\/index.php\/wp-json\/wp\/v2\/posts\/3019\/revisions\/3022"}],"wp:featuredmedia":[{"embeddable":true,"href":"https:\/\/www.confederaciondelcobre.cl\/index.php\/wp-json\/wp\/v2\/media\/3020"}],"wp:attachment":[{"href":"https:\/\/www.confederaciondelcobre.cl\/index.php\/wp-json\/wp\/v2\/media?parent=3019"}],"wp:term":[{"taxonomy":"category","embeddable":true,"href":"https:\/\/www.confederaciondelcobre.cl\/index.php\/wp-json\/wp\/v2\/categories?post=3019"},{"taxonomy":"post_tag","embeddable":true,"href":"https:\/\/www.confederaciondelcobre.cl\/index.php\/wp-json\/wp\/v2\/tags?post=3019"}],"curies":[{"name":"wp","href":"https:\/\/api.w.org\/{rel}","templated":true}]}}