{"id":3023,"date":"2022-11-23T20:27:20","date_gmt":"2022-11-24T00:27:20","guid":{"rendered":"https:\/\/www.confederaciondelcobre.cl\/?p=3023"},"modified":"2022-11-23T20:27:23","modified_gmt":"2022-11-24T00:27:23","slug":"acuerdomarco-ctc-codelco-y-agema-firman-actualizacion-y-mejora-de-acuerdo-marco","status":"publish","type":"post","link":"https:\/\/www.confederaciondelcobre.cl\/index.php\/2022\/11\/23\/acuerdomarco-ctc-codelco-y-agema-firman-actualizacion-y-mejora-de-acuerdo-marco\/","title":{"rendered":"#AcuerdoMarco: CTC, Codelco y Agema firman actualizaci\u00f3n y mejora de Acuerdo Marco."},"content":{"rendered":"\n<p>El nuevo Acuerdo Marco considera m\u00e1s y mejores beneficios, y un mayor n\u00famero de trabajadores beneficiados.<\/p>\n\n\n\n<hr class=\"wp-block-separator has-alpha-channel-opacity\"\/>\n\n\n\n<p>El dia de hoy, mi\u00e9rcoles 23 de noviembre del presente,  la Confederaci\u00f3n de Trabajadores del Cobre (CTC), la Asociaci\u00f3n Gremial de Empresas para la Miner\u00eda y Rubros Asociados (AGEMA), y la Corporaci\u00f3n Nacional del Cobre (CODELCO), finalmente suscribieron la actualizaci\u00f3n y mejora del Acuerdo Marco para todas las y los Trabajadores Contratistas y Subcontratistas que prestan servicios a la Mandante Estatal, incluyendo a las y los trabajadores de la Vicepresidencia de Proyectos (VP).<\/p>\n\n\n\n<p>As\u00ed, tras la aprobaci\u00f3n de diversas asambleas de Federaciones y Sindicatos afiliados a la CTC,  realizadas en sedes sindicales y en faenas de todas las divisiones de Codelco, las y los trabajadores aprobaron ampliamente el acuerdo.<\/p>\n\n\n\n<figure class=\"wp-block-gallery has-nested-images columns-default is-cropped wp-block-gallery-1 is-layout-flex wp-block-gallery-is-layout-flex\">\n<figure class=\"wp-block-image size-large\"><img loading=\"lazy\" decoding=\"async\" width=\"1024\" height=\"578\" data-id=\"3026\" src=\"https:\/\/www.confederaciondelcobre.cl\/wp-content\/uploads\/2022\/11\/IMG_0231-1024x578.jpg\" alt=\"\" class=\"wp-image-3026\" srcset=\"https:\/\/www.confederaciondelcobre.cl\/wp-content\/uploads\/2022\/11\/IMG_0231-1024x578.jpg 1024w, https:\/\/www.confederaciondelcobre.cl\/wp-content\/uploads\/2022\/11\/IMG_0231-300x169.jpg 300w, https:\/\/www.confederaciondelcobre.cl\/wp-content\/uploads\/2022\/11\/IMG_0231-768x434.jpg 768w, https:\/\/www.confederaciondelcobre.cl\/wp-content\/uploads\/2022\/11\/IMG_0231-1536x867.jpg 1536w, https:\/\/www.confederaciondelcobre.cl\/wp-content\/uploads\/2022\/11\/IMG_0231-2048x1156.jpg 2048w\" sizes=\"auto, (max-width: 1024px) 100vw, 1024px\" \/><\/figure>\n\n\n\n<figure class=\"wp-block-image size-large\"><img loading=\"lazy\" decoding=\"async\" width=\"1024\" height=\"578\" data-id=\"3027\" src=\"https:\/\/www.confederaciondelcobre.cl\/wp-content\/uploads\/2022\/11\/IMG_0235-1024x578.jpg\" alt=\"\" class=\"wp-image-3027\" srcset=\"https:\/\/www.confederaciondelcobre.cl\/wp-content\/uploads\/2022\/11\/IMG_0235-1024x578.jpg 1024w, https:\/\/www.confederaciondelcobre.cl\/wp-content\/uploads\/2022\/11\/IMG_0235-300x169.jpg 300w, https:\/\/www.confederaciondelcobre.cl\/wp-content\/uploads\/2022\/11\/IMG_0235-768x434.jpg 768w, https:\/\/www.confederaciondelcobre.cl\/wp-content\/uploads\/2022\/11\/IMG_0235-1536x867.jpg 1536w, https:\/\/www.confederaciondelcobre.cl\/wp-content\/uploads\/2022\/11\/IMG_0235-2048x1156.jpg 2048w\" sizes=\"auto, (max-width: 1024px) 100vw, 1024px\" \/><\/figure>\n\n\n\n<figure class=\"wp-block-image size-large\"><img loading=\"lazy\" decoding=\"async\" width=\"1024\" height=\"578\" data-id=\"3028\" src=\"https:\/\/www.confederaciondelcobre.cl\/wp-content\/uploads\/2022\/11\/IMG_0257-1024x578.jpg\" alt=\"\" class=\"wp-image-3028\" srcset=\"https:\/\/www.confederaciondelcobre.cl\/wp-content\/uploads\/2022\/11\/IMG_0257-1024x578.jpg 1024w, https:\/\/www.confederaciondelcobre.cl\/wp-content\/uploads\/2022\/11\/IMG_0257-300x169.jpg 300w, https:\/\/www.confederaciondelcobre.cl\/wp-content\/uploads\/2022\/11\/IMG_0257-768x434.jpg 768w, https:\/\/www.confederaciondelcobre.cl\/wp-content\/uploads\/2022\/11\/IMG_0257-1536x867.jpg 1536w, https:\/\/www.confederaciondelcobre.cl\/wp-content\/uploads\/2022\/11\/IMG_0257-2048x1156.jpg 2048w\" sizes=\"auto, (max-width: 1024px) 100vw, 1024px\" \/><\/figure>\n<\/figure>\n","protected":false},"excerpt":{"rendered":"<p>El nuevo Acuerdo Marco considera m\u00e1s y mejores beneficios, y un mayor n\u00famero de trabajadores beneficiados. El dia de hoy, mi\u00e9rcoles 23 de noviembre del presente, la Confederaci\u00f3n de Trabajadores &hellip; <\/p>\n","protected":false},"author":2,"featured_media":3025,"comment_status":"closed","ping_status":"closed","sticky":false,"template":"","format":"standard","meta":{"jetpack_post_was_ever_published":false,"_jetpack_newsletter_access":"","_jetpack_dont_email_post_to_subs":false,"_jetpack_newsletter_tier_id":0,"_jetpack_memberships_contains_paywalled_content":false,"_jetpack_memberships_contains_paid_content":false,"footnotes":"","jetpack_publicize_message":"","jetpack_publicize_feature_enabled":true,"jetpack_social_post_already_shared":true,"jetpack_social_options":{"image_generator_settings":{"template":"highway","default_image_id":0,"enabled":false},"version":2}},"categories":[5,23,9,21,15,19],"tags":[],"class_list":["post-3023","post","type-post","status-publish","format-standard","has-post-thumbnail","hentry","category-acuerdo-marco","category-acuerdo-marco-codelco","category-confederacion","category-federaciones","category-nacional","category-trabajadores"],"jetpack_publicize_connections":[],"jetpack_featured_media_url":"https:\/\/www.confederaciondelcobre.cl\/wp-content\/uploads\/2022\/11\/PORTADAAM2022.jpg","jetpack_sharing_enabled":true,"post_mailing_queue_ids":[],"_links":{"self":[{"href":"https:\/\/www.confederaciondelcobre.cl\/index.php\/wp-json\/wp\/v2\/posts\/3023","targetHints":{"allow":["GET"]}}],"collection":[{"href":"https:\/\/www.confederaciondelcobre.cl\/index.php\/wp-json\/wp\/v2\/posts"}],"about":[{"href":"https:\/\/www.confederaciondelcobre.cl\/index.php\/wp-json\/wp\/v2\/types\/post"}],"author":[{"embeddable":true,"href":"https:\/\/www.confederaciondelcobre.cl\/index.php\/wp-json\/wp\/v2\/users\/2"}],"replies":[{"embeddable":true,"href":"https:\/\/www.confederaciondelcobre.cl\/index.php\/wp-json\/wp\/v2\/comments?post=3023"}],"version-history":[{"count":2,"href":"https:\/\/www.confederaciondelcobre.cl\/index.php\/wp-json\/wp\/v2\/posts\/3023\/revisions"}],"predecessor-version":[{"id":3029,"href":"https:\/\/www.confederaciondelcobre.cl\/index.php\/wp-json\/wp\/v2\/posts\/3023\/revisions\/3029"}],"wp:featuredmedia":[{"embeddable":true,"href":"https:\/\/www.confederaciondelcobre.cl\/index.php\/wp-json\/wp\/v2\/media\/3025"}],"wp:attachment":[{"href":"https:\/\/www.confederaciondelcobre.cl\/index.php\/wp-json\/wp\/v2\/media?parent=3023"}],"wp:term":[{"taxonomy":"category","embeddable":true,"href":"https:\/\/www.confederaciondelcobre.cl\/index.php\/wp-json\/wp\/v2\/categories?post=3023"},{"taxonomy":"post_tag","embeddable":true,"href":"https:\/\/www.confederaciondelcobre.cl\/index.php\/wp-json\/wp\/v2\/tags?post=3023"}],"curies":[{"name":"wp","href":"https:\/\/api.w.org\/{rel}","templated":true}]}}