{"id":3031,"date":"2022-11-27T21:00:55","date_gmt":"2022-11-28T01:00:55","guid":{"rendered":"https:\/\/www.confederaciondelcobre.cl\/?p=3031"},"modified":"2022-11-27T21:06:25","modified_gmt":"2022-11-28T01:06:25","slug":"nelsonenlamemoria-quinta-version-del-festival-cultural-se-realizara-en-copiapo","status":"publish","type":"post","link":"https:\/\/www.confederaciondelcobre.cl\/index.php\/2022\/11\/27\/nelsonenlamemoria-quinta-version-del-festival-cultural-se-realizara-en-copiapo\/","title":{"rendered":"#NelsonEnLaMemoria: quinta versi\u00f3n del Festival cultural se realizar\u00e1 en Copiap\u00f3."},"content":{"rendered":"\n<p>Contar\u00e1 con las presentaciones art\u00edsticas de la Compa\u00f1\u00eda Danza en Cruz, de Fabiola Gonz\u00e1lez (La Chinganera), de Manolo Pez y del grupo Imaginaci\u00f3n.<\/p>\n\n\n\n<p>El S\u00e1bado 03 de diciembre, a partir de las 18:00 horas y en el Centro Cultural Atacama, ubicado en Av. Manuel Antonio Matta N\u00ba260 de la ciudad de Copiap\u00f3 (Chile), se realizar\u00e1 la quinta versi\u00f3n del Festival Cultural Nelson en la Memoria. El evento, organizado por la Confederaci\u00f3n de Trabajadores del Cobre (CTC), en conjunto con la Federaci\u00f3n de Sindicatos El Salvador (FESAL), y que ser\u00e1 emitido en l\u00ednea <a rel=\"noreferrer noopener\" href=\"https:\/\/www.facebook.com\/ConfederaciondeTrabajadoresdelCobre\/\" target=\"_blank\">por nuestro sitio de Facebook<\/a>, busca reivindicar la memoria hist\u00f3rica, en una perspectiva de aportar al sentido de identidad y pertenencia de las y los trabajadores subcontratados del cobre.&nbsp;Lo anterior como una<strong> <\/strong>forma de<strong> establecer y mantener un compromiso para que los cr\u00edmenes contra las y los trabajadores,&nbsp;como en el caso de nuestro compa\u00f1ero Nelson Quichillao, por quien a mas de siete a\u00f1os de su asesinato seguimos en la b\u00fasqueda de verdad y justicia, no se sigan repitiendo en Chile<\/strong><\/p>\n\n\n\n<ul class=\"wp-block-list\"><li><em><strong>Nelson Quichillao L\u00f3pez<\/strong>&nbsp;era un trabajador subcontratado de la miner\u00eda del cobre, socio del Sindicato N\u00ba2 de Geovita, afiliado a la Federaci\u00f3n de Sindicatos El Salvador (FESAL) que es brazo org\u00e1nico de la Confederaci\u00f3n de Trabajadores del Cobre (CTC) en la Regi\u00f3n de Atacama. Nelson se manifestaba junto a sus compa\u00f1eras y compa\u00f1eros en el campamento Minero de El Salvador por la renovaci\u00f3n, ampliaci\u00f3n y mejoramiento del Acuerdo Marco entre la CTC y Codelco (firmado el 2007, renovado el 2009, 2011, 2013 y <a rel=\"noreferrer noopener\" href=\"https:\/\/www.confederaciondelcobre.cl\/index.php\/2022\/11\/23\/acuerdomarco-ctc-codelco-y-agema-firman-actualizacion-y-mejora-de-acuerdo-marco\/\" target=\"_blank\">\u00faltimamente este mismo 2022<\/a>) el a\u00f1o 2015. Es en ese contexto en que las autoridades del momento tomaron la determinaci\u00f3n de reprimir la movilizaci\u00f3n nacional de las y los trabajadores contratistas y subcontratistas de la miner\u00eda del cobre. Una represi\u00f3n criminal, llevada a cabo por FF.EE de Carabineros, que se desat\u00f3 en la madrugada del 24 de julio, de manera planificada y clandestina, dejando a muchos compa\u00f1eros heridos y a Nelson Quichillao muerto de un disparo.<\/em><\/li><\/ul>\n\n\n\n<p>El Festival Nelson en la Memoria, en esta que es su quinta versi\u00f3n, contar\u00e1 con las presentaciones art\u00edsticas de la Compa\u00f1\u00eda Danza en Cruz, de Fabiola Gonz\u00e1lez (La Chinganera), del cantautor Manolo Pez y del grupo Imaginaci\u00f3n. Todas y todos artistas de reconocida trayectoria y sensibilidad social, y que hoy, con su arte comprometido, aportar\u00e1n con la causa en la b\u00fasqueda de justicia para nuestro compa\u00f1ero Nelson Quichillao L\u00f3pez. <\/p>\n\n\n\n<ul class=\"wp-block-list\"><li><strong>La b\u00fasqueda de justicia:<\/strong> luego de haberse presentado en agosto de 2015 una querella criminal por el asesinato de Nelson, de gestiones y encuentros con parlamentarias y parlamentarios denunciando una eventual denegaci\u00f3n de justicia, y que finalmente la fiscal\u00eda desistiera o decidiera no perseverar en la causa por su muerte (cerrando as\u00ed el caso a instancias nacionales), la Confederaci\u00f3n de Trabajadores del Cobre continu\u00f3 en la b\u00fasqueda de justicia presentando en noviembre de 2018 una denuncia que persigue la responsabilidad internacional del Estado de Chile ante la Comisi\u00f3n Interamericana de derechos Humanos (CIDH). Lo anterior porque -en torno al asesinato de Nelson Quichillao- se viol\u00f3 un conjunto de derechos, principalmente por no investigar adecuadamente su muerte a manos de Carabineros de Chile, por vulnerar el derecho a la verdad, a la justicia, a la integridad f\u00edsica y, en definitiva, el derecho a la vida de Nelson Quichillao. Finalmente, y ya en la actualidad, el caso a\u00fan se encuentra a instancias de la Comisi\u00f3n Interamericana de Derechos Humanos, organismo internacional desde donde, luego de revisados los informes que el Estado de Chile debe presentar con todos los antecedentes que disponga, esperamos una pronta resoluci\u00f3n definitiva y que como organizaci\u00f3n estimamos debe ser condenatoria.<\/li><\/ul>\n\n\n\n<p>Nota: El Festival Nelson en la memoria es una iniciativa financiada con el Concurso FNDR 7%, glosa de cultura del a\u00f1o 2022 del Gobierno Regional de Atacama, aprobado por el Consejo Regional.<\/p>\n\n\n\n<figure class=\"wp-block-image size-full\"><img loading=\"lazy\" decoding=\"async\" width=\"828\" height=\"1022\" src=\"https:\/\/www.confederaciondelcobre.cl\/wp-content\/uploads\/2022\/11\/FestNeM.jpg\" alt=\"\" class=\"wp-image-3033\" srcset=\"https:\/\/www.confederaciondelcobre.cl\/wp-content\/uploads\/2022\/11\/FestNeM.jpg 828w, https:\/\/www.confederaciondelcobre.cl\/wp-content\/uploads\/2022\/11\/FestNeM-243x300.jpg 243w, https:\/\/www.confederaciondelcobre.cl\/wp-content\/uploads\/2022\/11\/FestNeM-768x948.jpg 768w\" sizes=\"auto, (max-width: 828px) 100vw, 828px\" \/><\/figure>\n","protected":false},"excerpt":{"rendered":"<p>Contar\u00e1 con las presentaciones art\u00edsticas de la Compa\u00f1\u00eda Danza en Cruz, de Fabiola Gonz\u00e1lez (La Chinganera), de Manolo Pez y del grupo Imaginaci\u00f3n. El S\u00e1bado 03 de diciembre, a partir &hellip; <\/p>\n","protected":false},"author":2,"featured_media":3032,"comment_status":"closed","ping_status":"closed","sticky":false,"template":"","format":"standard","meta":{"jetpack_post_was_ever_published":false,"_jetpack_newsletter_access":"","_jetpack_dont_email_post_to_subs":false,"_jetpack_newsletter_tier_id":0,"_jetpack_memberships_contains_paywalled_content":false,"_jetpack_memberships_contains_paid_content":false,"footnotes":"","jetpack_publicize_message":"","jetpack_publicize_feature_enabled":true,"jetpack_social_post_already_shared":true,"jetpack_social_options":{"image_generator_settings":{"template":"highway","default_image_id":0,"enabled":false},"version":2}},"categories":[9,21,15,32,19],"tags":[],"class_list":["post-3031","post","type-post","status-publish","format-standard","has-post-thumbnail","hentry","category-confederacion","category-federaciones","category-nacional","category-nelson-quichillao","category-trabajadores"],"jetpack_publicize_connections":[],"jetpack_featured_media_url":"https:\/\/www.confederaciondelcobre.cl\/wp-content\/uploads\/2022\/11\/PortFestNem2022.jpg","jetpack_sharing_enabled":true,"post_mailing_queue_ids":[],"_links":{"self":[{"href":"https:\/\/www.confederaciondelcobre.cl\/index.php\/wp-json\/wp\/v2\/posts\/3031","targetHints":{"allow":["GET"]}}],"collection":[{"href":"https:\/\/www.confederaciondelcobre.cl\/index.php\/wp-json\/wp\/v2\/posts"}],"about":[{"href":"https:\/\/www.confederaciondelcobre.cl\/index.php\/wp-json\/wp\/v2\/types\/post"}],"author":[{"embeddable":true,"href":"https:\/\/www.confederaciondelcobre.cl\/index.php\/wp-json\/wp\/v2\/users\/2"}],"replies":[{"embeddable":true,"href":"https:\/\/www.confederaciondelcobre.cl\/index.php\/wp-json\/wp\/v2\/comments?post=3031"}],"version-history":[{"count":2,"href":"https:\/\/www.confederaciondelcobre.cl\/index.php\/wp-json\/wp\/v2\/posts\/3031\/revisions"}],"predecessor-version":[{"id":3036,"href":"https:\/\/www.confederaciondelcobre.cl\/index.php\/wp-json\/wp\/v2\/posts\/3031\/revisions\/3036"}],"wp:featuredmedia":[{"embeddable":true,"href":"https:\/\/www.confederaciondelcobre.cl\/index.php\/wp-json\/wp\/v2\/media\/3032"}],"wp:attachment":[{"href":"https:\/\/www.confederaciondelcobre.cl\/index.php\/wp-json\/wp\/v2\/media?parent=3031"}],"wp:term":[{"taxonomy":"category","embeddable":true,"href":"https:\/\/www.confederaciondelcobre.cl\/index.php\/wp-json\/wp\/v2\/categories?post=3031"},{"taxonomy":"post_tag","embeddable":true,"href":"https:\/\/www.confederaciondelcobre.cl\/index.php\/wp-json\/wp\/v2\/tags?post=3031"}],"curies":[{"name":"wp","href":"https:\/\/api.w.org\/{rel}","templated":true}]}}