{"id":3037,"date":"2022-11-28T14:53:38","date_gmt":"2022-11-28T18:53:38","guid":{"rendered":"https:\/\/www.confederaciondelcobre.cl\/?p=3037"},"modified":"2022-11-28T14:53:42","modified_gmt":"2022-11-28T18:53:42","slug":"sindicato-de-empresa-aramark-en-faena-la-coipa-se-afilia-a-la-ctc","status":"publish","type":"post","link":"https:\/\/www.confederaciondelcobre.cl\/index.php\/2022\/11\/28\/sindicato-de-empresa-aramark-en-faena-la-coipa-se-afilia-a-la-ctc\/","title":{"rendered":"Sindicato de empresa Aramark en faena La Coipa se afilia a la CTC."},"content":{"rendered":"\n<p>La decisi\u00f3n fue reafirmada en medio del proceso de su <a rel=\"noreferrer noopener\" href=\"https:\/\/www.confederaciondelcobre.cl\/index.php\/2022\/08\/26\/sindicato-de-empresa-aramark-finaliza-exitosa-negociacion-colectiva\/\" target=\"_blank\">primera y exitosa Negociaci\u00f3n Colectiva<\/a>. Un proceso que fue acompa\u00f1ado en todo momento por la CTC.<\/p>\n\n\n\n<hr class=\"wp-block-separator has-alpha-channel-opacity\"\/>\n\n\n\n<p>Las y los trabajadores que se desempe\u00f1an en labores de alimentaci\u00f3n, aseo y mantenci\u00f3n en la faena La Coipa, que es operada por la compa\u00f1\u00eda minera Mantos de Oro (subsidiaria de la mandante Kinross), y que se agrupan en el Sindicato de Empresa Aramark Servicios Mineros Remotos Ltda, llevaron a cabo una votaci\u00f3n formal de afiliaci\u00f3n a la Confederaci\u00f3n de Trabajadores del Cobre (CTC). La votaci\u00f3n, que es producto de una decisi\u00f3n reafirmada en medio del proceso de su primera y exitosa Negociaci\u00f3n Colectiva, se llev\u00f3 a cabo los d\u00edas lunes 21 y martes 22 de noviembre, <strong>arrojando como resultado final m\u00e1s de un 80% en favor de su afiliaci\u00f3n a la CTC<\/strong>.<\/p>\n\n\n\n<p>&#8220;Recibimos con mucho orgullo y felicidad al Sindicato de empresa Aramark&#8221;, indic\u00f3 <strong>Stephanie Gonz\u00e1lez Ch\u00e1vez, Secretaria General de la CTC<\/strong>, quien valor\u00f3 la consolidaci\u00f3n del trabajo que se ven\u00eda realizando en conjunto con la directiva del sindicato, un sindicato &#8220;con el que hemos trabajado desde sus primeras demandas, en la presentaci\u00f3n de la directiva con la empresa, luego en el proceso de negociaci\u00f3n colectiva, pasando por la instalaci\u00f3n de dicho instrumento y posteriormente velar por su cumplimiento&#8221;, recalcando as\u00ed que &#8220;la organizaci\u00f3n de las y los trabajadores es muy importante, hoy m\u00e1s que nunca, pues existe una importante apertura de espacios para la negociaci\u00f3n ramal o multinivel&#8221;, ante lo cual, concluy\u00f3 la dirigenta nacional, &#8220;estoy segura de que seguiremos trabajando en conjunto, esto con el prop\u00f3sito de seguir fortaleciendo la organizaci\u00f3n de las y los trabajadores&#8221;.<\/p>\n\n\n\n<p>Para finalizar, <strong>Merelyn Castillo, Presidenta del Sindicato de Empresa Aramark Servicios Mineros Remotos Ltda.<\/strong>, indic\u00f3 que &#8220;Nosotros, como sindicato, nos organizamos para poder afiliarnos a la Confederaci\u00f3n de Trabajadores del Cobre&#8221;, pues al ser un sindicato nuevo &#8220;sabemos que ellos estar\u00e1n apoy\u00e1ndonos en todo momento y que podremos contar con ellos cuando lo necesitemos. Es justamente eso lo que hicieron cuando estuvimos en nuestra negociaci\u00f3n, la cual fue un \u00e9xito gracias a todo el apoyo brindado por ellos&#8221;.<\/p>\n\n\n\n<p>La Confederaci\u00f3n de Trabajadores del Cobre da la bienvenida al Sindicato de Empresa Aramark Servicios Mineros Remotos Ltda., organizaci\u00f3n que hoy, y desde que se realiz\u00f3 la votaci\u00f3n que por amplia mayor\u00eda resolvi\u00f3 su afiliaci\u00f3n a nuestra organizaci\u00f3n, ya forma parte de la CTC.<\/p>\n","protected":false},"excerpt":{"rendered":"<p>La decisi\u00f3n fue reafirmada en medio del proceso de su primera y exitosa Negociaci\u00f3n Colectiva. Un proceso que fue acompa\u00f1ado en todo momento por la CTC. Las y los trabajadores &hellip; <\/p>\n","protected":false},"author":2,"featured_media":3042,"comment_status":"closed","ping_status":"closed","sticky":false,"template":"","format":"standard","meta":{"jetpack_post_was_ever_published":false,"_jetpack_newsletter_access":"","_jetpack_dont_email_post_to_subs":false,"_jetpack_newsletter_tier_id":0,"_jetpack_memberships_contains_paywalled_content":false,"_jetpack_memberships_contains_paid_content":false,"footnotes":"","jetpack_publicize_message":"","jetpack_publicize_feature_enabled":true,"jetpack_social_post_already_shared":true,"jetpack_social_options":{"image_generator_settings":{"template":"highway","default_image_id":0,"enabled":false},"version":2}},"categories":[9,21,19],"tags":[],"class_list":["post-3037","post","type-post","status-publish","format-standard","has-post-thumbnail","hentry","category-confederacion","category-federaciones","category-trabajadores"],"jetpack_publicize_connections":[],"jetpack_featured_media_url":"https:\/\/www.confederaciondelcobre.cl\/wp-content\/uploads\/2022\/11\/PortSindAramakLaCoipa.jpg","jetpack_sharing_enabled":true,"post_mailing_queue_ids":[],"_links":{"self":[{"href":"https:\/\/www.confederaciondelcobre.cl\/index.php\/wp-json\/wp\/v2\/posts\/3037","targetHints":{"allow":["GET"]}}],"collection":[{"href":"https:\/\/www.confederaciondelcobre.cl\/index.php\/wp-json\/wp\/v2\/posts"}],"about":[{"href":"https:\/\/www.confederaciondelcobre.cl\/index.php\/wp-json\/wp\/v2\/types\/post"}],"author":[{"embeddable":true,"href":"https:\/\/www.confederaciondelcobre.cl\/index.php\/wp-json\/wp\/v2\/users\/2"}],"replies":[{"embeddable":true,"href":"https:\/\/www.confederaciondelcobre.cl\/index.php\/wp-json\/wp\/v2\/comments?post=3037"}],"version-history":[{"count":5,"href":"https:\/\/www.confederaciondelcobre.cl\/index.php\/wp-json\/wp\/v2\/posts\/3037\/revisions"}],"predecessor-version":[{"id":3043,"href":"https:\/\/www.confederaciondelcobre.cl\/index.php\/wp-json\/wp\/v2\/posts\/3037\/revisions\/3043"}],"wp:featuredmedia":[{"embeddable":true,"href":"https:\/\/www.confederaciondelcobre.cl\/index.php\/wp-json\/wp\/v2\/media\/3042"}],"wp:attachment":[{"href":"https:\/\/www.confederaciondelcobre.cl\/index.php\/wp-json\/wp\/v2\/media?parent=3037"}],"wp:term":[{"taxonomy":"category","embeddable":true,"href":"https:\/\/www.confederaciondelcobre.cl\/index.php\/wp-json\/wp\/v2\/categories?post=3037"},{"taxonomy":"post_tag","embeddable":true,"href":"https:\/\/www.confederaciondelcobre.cl\/index.php\/wp-json\/wp\/v2\/tags?post=3037"}],"curies":[{"name":"wp","href":"https:\/\/api.w.org\/{rel}","templated":true}]}}