{"id":3044,"date":"2022-12-01T20:07:14","date_gmt":"2022-12-02T00:07:14","guid":{"rendered":"https:\/\/www.confederaciondelcobre.cl\/?p=3044"},"modified":"2022-12-01T20:09:33","modified_gmt":"2022-12-02T00:09:33","slug":"ctc-participo-de-seminario-chilevalora-y-el-fortalecimiento-del-rol-sindical","status":"publish","type":"post","link":"https:\/\/www.confederaciondelcobre.cl\/index.php\/2022\/12\/01\/ctc-participo-de-seminario-chilevalora-y-el-fortalecimiento-del-rol-sindical\/","title":{"rendered":"CTC particip\u00f3 de Seminario &#8220;ChileValora y el fortalecimiento del rol sindical&#8221;."},"content":{"rendered":"\n<p>Participaci\u00f3n sindical en los Organismos Sectoriales de Competencias Laborales y su importancia en la construcci\u00f3n de los perfiles ocupacionales de los diversos sectores productivos de nuestro pa\u00eds, fueron algunos de lo temas abordados en el evento desarrollado ayer mi\u00e9rcoles 30 de diciembre en la ciudad de Santiago.<\/p>\n\n\n\n<hr class=\"wp-block-separator has-alpha-channel-opacity\"\/>\n\n\n\n<p>La jornada, que cont\u00f3 con la <strong>participaci\u00f3n de la Confederaci\u00f3n de Trabajadores del Cobre (CTC), representada por sus Directores Nacionales Jedry Velis Palma y Patricio Roco Bucarey<\/strong>, fue inaugurada con palabras de bienvenida ofrecidas por Dar\u00edo Ovalle, Ximena Rivillo y Juan Moreno (Director, Secretaria Ejecutiva y Vicepresidente de ChileValora, respectivamente), y fue principalmente orientada a abordar la <strong>participaci\u00f3n sindical en los Organismos Sectoriales de Competencias Laborales (OCL) y su importancia en la construcci\u00f3n de los perfiles ocupacionales de los diversos sectores productivos de nuestro pa\u00eds<\/strong>. <\/p>\n\n\n\n<p>La jornada tuvo su punto central en un conversatorio que fue conducido por <strong>Pablo Zenteno, Director Nacional del Trabajo<\/strong>. En dicho conversatorio, donde se compartieron experiencias de los sindicatos en los Organismos Sectoriales de Competencias Laborales, la CTC aport\u00f3 con su experiencia en un <a rel=\"noreferrer noopener\" href=\"https:\/\/archivoconfecobre.cl\/index.php\/2019\/05\/13\/trabajadores-de-la-ctc-certificaron-sus-competencias-laborales\/\" target=\"_blank\">programa de Certificaci\u00f3n de Competencias Laborales desarrollado entre los a\u00f1os 2018 y 2019 en conjunto con la Universidad T\u00e9cnica Federico Santa Mar\u00eda<\/a> (UTFSM), que fue orientado a que dichas competencias, de trabajadoras y trabajadores contratistas y subcontratistas afiliados a la CTC, fueran reconocidas y validadas acad\u00e9micamente a trav\u00e9s del Reconocimiento de Aprendizajes Previos (RAP), con el fin de avanzar hacia la obtenci\u00f3n de un t\u00edtulo t\u00e9cnico&nbsp;respaldado por&nbsp;la UTFSM, una casa de estudios que, cabe se\u00f1alar, se encuentra validada por ChileValora en los procesos de Certificaci\u00f3n de Competencias en el sector minero. Es de esa manera que, finalmente, y a trav\u00e9s del programa se\u00f1alado, 97 trabajadores consiguieron certificar sus competencias laborales en el rubro minero, en distintas funciones que desarrollaban. Una experiencia que, <strong>en voz de los dirigentes de la CTC, es muy importante toda vez que los derechos de las y los trabajadores tambi\u00e9n dicen relaci\u00f3n con el reconocimiento de sus capacidades, de sus competencias y de la certificaci\u00f3n de las mismas, pues, junto con abrirles la posibilidad de validar, continuar o comenzar estudios formales, los pone en carrera y la posibilidad cierta de aspirar a otros puestos de trabajo, en la misma industria, e incluso una mejora en t\u00e9rminos salariales<\/strong>. Finalmente, la s\u00edntesis plenaria y cierre de la actividad estuvo a cargo de Patricia Roa, Oficial de la Organizaci\u00f3n Internacional del Trabajo (OIT) Chile, donde, en resumen se puso en valor e importancia de la participaci\u00f3n sindical en los Organismos Sectoriales de Competencias Laborales, y la importancia que revisten en la construcci\u00f3n de los perfiles ocupacionales de los diversos sectores productivos de nuestro pa\u00eds.<\/p>\n\n\n\n<figure class=\"wp-block-gallery has-nested-images columns-default is-cropped wp-block-gallery-1 is-layout-flex wp-block-gallery-is-layout-flex\">\n<figure class=\"wp-block-image size-large\"><img loading=\"lazy\" decoding=\"async\" width=\"1024\" height=\"576\" data-id=\"3048\" src=\"https:\/\/www.confederaciondelcobre.cl\/wp-content\/uploads\/2022\/12\/6b3f7dae-73ca-4df4-b4f6-051339925264-1024x576.jpeg\" alt=\"\" class=\"wp-image-3048\" srcset=\"https:\/\/www.confederaciondelcobre.cl\/wp-content\/uploads\/2022\/12\/6b3f7dae-73ca-4df4-b4f6-051339925264-1024x576.jpeg 1024w, https:\/\/www.confederaciondelcobre.cl\/wp-content\/uploads\/2022\/12\/6b3f7dae-73ca-4df4-b4f6-051339925264-300x169.jpeg 300w, https:\/\/www.confederaciondelcobre.cl\/wp-content\/uploads\/2022\/12\/6b3f7dae-73ca-4df4-b4f6-051339925264-768x432.jpeg 768w, https:\/\/www.confederaciondelcobre.cl\/wp-content\/uploads\/2022\/12\/6b3f7dae-73ca-4df4-b4f6-051339925264-1536x864.jpeg 1536w, https:\/\/www.confederaciondelcobre.cl\/wp-content\/uploads\/2022\/12\/6b3f7dae-73ca-4df4-b4f6-051339925264.jpeg 1600w\" sizes=\"auto, (max-width: 1024px) 100vw, 1024px\" \/><\/figure>\n\n\n\n<figure class=\"wp-block-image size-large\"><img loading=\"lazy\" decoding=\"async\" width=\"1024\" height=\"576\" data-id=\"3049\" src=\"https:\/\/www.confederaciondelcobre.cl\/wp-content\/uploads\/2022\/12\/3860db28-b0bc-4058-8467-584e1e611564-1024x576.jpeg\" alt=\"\" class=\"wp-image-3049\" srcset=\"https:\/\/www.confederaciondelcobre.cl\/wp-content\/uploads\/2022\/12\/3860db28-b0bc-4058-8467-584e1e611564-1024x576.jpeg 1024w, https:\/\/www.confederaciondelcobre.cl\/wp-content\/uploads\/2022\/12\/3860db28-b0bc-4058-8467-584e1e611564-300x169.jpeg 300w, https:\/\/www.confederaciondelcobre.cl\/wp-content\/uploads\/2022\/12\/3860db28-b0bc-4058-8467-584e1e611564-768x432.jpeg 768w, https:\/\/www.confederaciondelcobre.cl\/wp-content\/uploads\/2022\/12\/3860db28-b0bc-4058-8467-584e1e611564-1536x864.jpeg 1536w, https:\/\/www.confederaciondelcobre.cl\/wp-content\/uploads\/2022\/12\/3860db28-b0bc-4058-8467-584e1e611564.jpeg 1600w\" sizes=\"auto, (max-width: 1024px) 100vw, 1024px\" \/><\/figure>\n<\/figure>\n\n\n\n<ul class=\"wp-block-list\"><li>En las fotograf\u00edas: Ximena Rivillo, Secretaria Ejecutiva de Chile Valora; Patricio Roco Bucarey, Dir. Nacional CTC; Pablo Zenteno, Director Nacional del Trabajo;  y Jedry Velis Palma, Dir. Nacionales de la CTC.<\/li><\/ul>\n","protected":false},"excerpt":{"rendered":"<p>Participaci\u00f3n sindical en los Organismos Sectoriales de Competencias Laborales y su importancia en la construcci\u00f3n de los perfiles ocupacionales de los diversos sectores productivos de nuestro pa\u00eds, fueron algunos de &hellip; <\/p>\n","protected":false},"author":2,"featured_media":3047,"comment_status":"closed","ping_status":"closed","sticky":false,"template":"","format":"standard","meta":{"jetpack_post_was_ever_published":false,"_jetpack_newsletter_access":"","_jetpack_dont_email_post_to_subs":false,"_jetpack_newsletter_tier_id":0,"_jetpack_memberships_contains_paywalled_content":false,"_jetpack_memberships_contains_paid_content":false,"footnotes":"","jetpack_publicize_message":"","jetpack_publicize_feature_enabled":false,"jetpack_social_post_already_shared":true,"jetpack_social_options":{"image_generator_settings":{"template":"highway","default_image_id":0,"enabled":false},"version":2}},"categories":[9,19],"tags":[],"class_list":["post-3044","post","type-post","status-publish","format-standard","has-post-thumbnail","hentry","category-confederacion","category-trabajadores"],"jetpack_publicize_connections":[],"jetpack_featured_media_url":"https:\/\/www.confederaciondelcobre.cl\/wp-content\/uploads\/2022\/12\/PortSemChV.jpg","jetpack_sharing_enabled":true,"post_mailing_queue_ids":[],"_links":{"self":[{"href":"https:\/\/www.confederaciondelcobre.cl\/index.php\/wp-json\/wp\/v2\/posts\/3044","targetHints":{"allow":["GET"]}}],"collection":[{"href":"https:\/\/www.confederaciondelcobre.cl\/index.php\/wp-json\/wp\/v2\/posts"}],"about":[{"href":"https:\/\/www.confederaciondelcobre.cl\/index.php\/wp-json\/wp\/v2\/types\/post"}],"author":[{"embeddable":true,"href":"https:\/\/www.confederaciondelcobre.cl\/index.php\/wp-json\/wp\/v2\/users\/2"}],"replies":[{"embeddable":true,"href":"https:\/\/www.confederaciondelcobre.cl\/index.php\/wp-json\/wp\/v2\/comments?post=3044"}],"version-history":[{"count":4,"href":"https:\/\/www.confederaciondelcobre.cl\/index.php\/wp-json\/wp\/v2\/posts\/3044\/revisions"}],"predecessor-version":[{"id":3051,"href":"https:\/\/www.confederaciondelcobre.cl\/index.php\/wp-json\/wp\/v2\/posts\/3044\/revisions\/3051"}],"wp:featuredmedia":[{"embeddable":true,"href":"https:\/\/www.confederaciondelcobre.cl\/index.php\/wp-json\/wp\/v2\/media\/3047"}],"wp:attachment":[{"href":"https:\/\/www.confederaciondelcobre.cl\/index.php\/wp-json\/wp\/v2\/media?parent=3044"}],"wp:term":[{"taxonomy":"category","embeddable":true,"href":"https:\/\/www.confederaciondelcobre.cl\/index.php\/wp-json\/wp\/v2\/categories?post=3044"},{"taxonomy":"post_tag","embeddable":true,"href":"https:\/\/www.confederaciondelcobre.cl\/index.php\/wp-json\/wp\/v2\/tags?post=3044"}],"curies":[{"name":"wp","href":"https:\/\/api.w.org\/{rel}","templated":true}]}}