{"id":3052,"date":"2022-12-02T10:54:19","date_gmt":"2022-12-02T14:54:19","guid":{"rendered":"https:\/\/www.confederaciondelcobre.cl\/?p=3052"},"modified":"2022-12-02T10:54:23","modified_gmt":"2022-12-02T14:54:23","slug":"ctc-participo-de-seminario-dialogo-social-para-chile-la-experiencia-de-chilevalora","status":"publish","type":"post","link":"https:\/\/www.confederaciondelcobre.cl\/index.php\/2022\/12\/02\/ctc-participo-de-seminario-dialogo-social-para-chile-la-experiencia-de-chilevalora\/","title":{"rendered":"CTC particip\u00f3 de Seminario &#8220;Di\u00e1logo social para Chile: la experiencia de ChileValora&#8221;."},"content":{"rendered":"\n<p>Con la visi\u00f3n de distintos sectores, incluidos el mundo del trabajo y tambi\u00e9n de las empresas, puso en valor la experiencia de aumentar las competencias laborales de las y los trabajadores.<\/p>\n\n\n\n<hr class=\"wp-block-separator has-alpha-channel-opacity\"\/>\n\n\n\n<p>El evento, al que <strong>en representaci\u00f3n de la Confederaci\u00f3n de Trabajadores del Cobre (CTC) asistieron los Directores Nacionales Jedry Velis Palma y Patricio Roco Bucarey<\/strong>, parti\u00f3 con palabras de <strong>Fabio Bertranou<\/strong>, Director de la Oficina de la Organizaci\u00f3n Internacional del Trabajo (OIT) para el Cono Sur de America Latina; de <strong>Juan Sutil<\/strong>, Presidente de la Confederaci\u00f3n de la Producci\u00f3n y del Comercio (CPC); de <strong>David Acu\u00f1a<\/strong>, Presidente de la Central Unitaria de Trabajadores (CUT), de <strong>Giorgio Boccardo<\/strong>, Subsecretario del Trabajo; y de <strong>Ximena Rivillo<\/strong>, Secretaria ejecutiva de ChileValora, busc\u00f3 destacar la diversidad de logros y alcances en la experiencia de aumentar las competencias laborales de las y los trabajadores, que se da principalmente a trav\u00e9s de procesos de evaluaci\u00f3n y certificaci\u00f3n de las personas en relaci\u00f3n al trabajo en que se desempe\u00f1an.<\/p>\n\n\n\n<figure class=\"wp-block-image size-large\"><img loading=\"lazy\" decoding=\"async\" width=\"1024\" height=\"576\" src=\"https:\/\/www.confederaciondelcobre.cl\/wp-content\/uploads\/2022\/12\/2213ca1e-ce53-4a68-b34f-eaffaea1ed93-1024x576.jpeg\" alt=\"\" class=\"wp-image-3055\" srcset=\"https:\/\/www.confederaciondelcobre.cl\/wp-content\/uploads\/2022\/12\/2213ca1e-ce53-4a68-b34f-eaffaea1ed93-1024x576.jpeg 1024w, https:\/\/www.confederaciondelcobre.cl\/wp-content\/uploads\/2022\/12\/2213ca1e-ce53-4a68-b34f-eaffaea1ed93-300x169.jpeg 300w, https:\/\/www.confederaciondelcobre.cl\/wp-content\/uploads\/2022\/12\/2213ca1e-ce53-4a68-b34f-eaffaea1ed93-768x432.jpeg 768w, https:\/\/www.confederaciondelcobre.cl\/wp-content\/uploads\/2022\/12\/2213ca1e-ce53-4a68-b34f-eaffaea1ed93-1536x864.jpeg 1536w, https:\/\/www.confederaciondelcobre.cl\/wp-content\/uploads\/2022\/12\/2213ca1e-ce53-4a68-b34f-eaffaea1ed93.jpeg 1600w\" sizes=\"auto, (max-width: 1024px) 100vw, 1024px\" \/><\/figure>\n\n\n\n<p class=\"has-medium-font-size\"><strong>Conversatorio &#8220;La experiencia de ChileValora desde el di\u00e1logo social&#8221;. <\/strong><\/p>\n\n\n\n<p>Conducido por Ximena Rivillo, Secretaria ejecutiva de ChileValora, fue la instancia de intercambio de ideas y experiencias en donde participaron <strong>Ricardo Mewes<\/strong>, Presidente del Directorio de ChileValora; <strong>Juan Moreno<\/strong>, Vicepresidente del Directorio de ChileValora; <strong>Jorge Riesco<\/strong>, Presidente de la Sonami y OSCL Miner\u00eda; <strong>Miski Peralta<\/strong>, Directora de ChileValora; <strong>Ingrid Rojas<\/strong>, Gerenta de Pacto de productividad Chile; <strong>Manuel Ureta<\/strong> OSCL Construcci\u00f3n; y <strong>Mar\u00eda Alejandra Viedma<\/strong>, por el Consorcio Lechero y OSCL L\u00e1cteos. En la oportunidad, las y los expositores coincidieron en la importancia de los programas de certificaci\u00f3n de competencias laborales, programas que, dicho sea de paso, tambi\u00e9n han sido <a rel=\"noreferrer noopener\" href=\"https:\/\/archivoconfecobre.cl\/index.php\/2019\/05\/13\/trabajadores-de-la-ctc-certificaron-sus-competencias-laborales\/\" target=\"_blank\">implementados por la propia CTC entre los a\u00f1os 2018 y 2019 en conjunto con la Universidad T\u00e9cnica Federico Santa Mar\u00eda y que logr\u00f3 certificar a 97 trabajadores<\/a>. Esto, indicaron, no solo entrega y reconoce mas y mejores herramientas y capacidades a las y los trabajadores, sino que tambi\u00e9n viene a fomentar la valoraci\u00f3n de la persona misma, sea respecto de su empleo y la sociedad en su conjunto, done estos programas son, en definitiva, tambi\u00e9n la entrega de herramientas que potencian la capacidad productiva.<\/p>\n\n\n\n<p>En tanto <strong>Jeannette Jara, Ministra del Trabajo y Previsi\u00f3n Social<\/strong>, quien tambi\u00e9n particip\u00f3 del evento, hizo un reconocimiento al trabajo que ChileValora desarrolla a trav\u00e9s de sus procesos de evaluaci\u00f3n y certificaci\u00f3n de competencias laborales, recalcando que es una de las tantas y buenas formas de construir pol\u00edticas p\u00fablicas, a la vez que enfatiz\u00f3 en la necesidad de fomentar y potenciarla aquello, a\u00f1adiendo, en ese sentido, que esta instancia es una oportunidad que no debe desaprovecharse, por lo que reiter\u00f3 su saludo y alta valoraci\u00f3n al encuentro y seminario desarrollado.<\/p>\n\n\n\n<p><\/p>\n","protected":false},"excerpt":{"rendered":"<p>Con la visi\u00f3n de distintos sectores, incluidos el mundo del trabajo y tambi\u00e9n de las empresas, puso en valor la experiencia de aumentar las competencias laborales de las y los &hellip; <\/p>\n","protected":false},"author":2,"featured_media":3053,"comment_status":"closed","ping_status":"closed","sticky":false,"template":"","format":"standard","meta":{"jetpack_post_was_ever_published":false,"_jetpack_newsletter_access":"","_jetpack_dont_email_post_to_subs":false,"_jetpack_newsletter_tier_id":0,"_jetpack_memberships_contains_paywalled_content":false,"_jetpack_memberships_contains_paid_content":false,"footnotes":"","jetpack_publicize_message":"","jetpack_publicize_feature_enabled":true,"jetpack_social_post_already_shared":true,"jetpack_social_options":{"image_generator_settings":{"template":"highway","default_image_id":0,"enabled":false},"version":2}},"categories":[9,15,19],"tags":[],"class_list":["post-3052","post","type-post","status-publish","format-standard","has-post-thumbnail","hentry","category-confederacion","category-nacional","category-trabajadores"],"jetpack_publicize_connections":[],"jetpack_featured_media_url":"https:\/\/www.confederaciondelcobre.cl\/wp-content\/uploads\/2022\/12\/PortSem.jpg","jetpack_sharing_enabled":true,"post_mailing_queue_ids":[],"_links":{"self":[{"href":"https:\/\/www.confederaciondelcobre.cl\/index.php\/wp-json\/wp\/v2\/posts\/3052","targetHints":{"allow":["GET"]}}],"collection":[{"href":"https:\/\/www.confederaciondelcobre.cl\/index.php\/wp-json\/wp\/v2\/posts"}],"about":[{"href":"https:\/\/www.confederaciondelcobre.cl\/index.php\/wp-json\/wp\/v2\/types\/post"}],"author":[{"embeddable":true,"href":"https:\/\/www.confederaciondelcobre.cl\/index.php\/wp-json\/wp\/v2\/users\/2"}],"replies":[{"embeddable":true,"href":"https:\/\/www.confederaciondelcobre.cl\/index.php\/wp-json\/wp\/v2\/comments?post=3052"}],"version-history":[{"count":4,"href":"https:\/\/www.confederaciondelcobre.cl\/index.php\/wp-json\/wp\/v2\/posts\/3052\/revisions"}],"predecessor-version":[{"id":3058,"href":"https:\/\/www.confederaciondelcobre.cl\/index.php\/wp-json\/wp\/v2\/posts\/3052\/revisions\/3058"}],"wp:featuredmedia":[{"embeddable":true,"href":"https:\/\/www.confederaciondelcobre.cl\/index.php\/wp-json\/wp\/v2\/media\/3053"}],"wp:attachment":[{"href":"https:\/\/www.confederaciondelcobre.cl\/index.php\/wp-json\/wp\/v2\/media?parent=3052"}],"wp:term":[{"taxonomy":"category","embeddable":true,"href":"https:\/\/www.confederaciondelcobre.cl\/index.php\/wp-json\/wp\/v2\/categories?post=3052"},{"taxonomy":"post_tag","embeddable":true,"href":"https:\/\/www.confederaciondelcobre.cl\/index.php\/wp-json\/wp\/v2\/tags?post=3052"}],"curies":[{"name":"wp","href":"https:\/\/api.w.org\/{rel}","templated":true}]}}