{"id":3060,"date":"2022-12-06T12:35:25","date_gmt":"2022-12-06T16:35:25","guid":{"rendered":"https:\/\/www.confederaciondelcobre.cl\/?p=3060"},"modified":"2022-12-06T13:48:25","modified_gmt":"2022-12-06T17:48:25","slug":"quinta-version-del-festival-nelson-en-la-memoria-se-realizo-en-el-centro-cultural-atacama","status":"publish","type":"post","link":"https:\/\/www.confederaciondelcobre.cl\/index.php\/2022\/12\/06\/quinta-version-del-festival-nelson-en-la-memoria-se-realizo-en-el-centro-cultural-atacama\/","title":{"rendered":"Quinta versi\u00f3n del Festival Nelson en la memoria se realiz\u00f3 en el Centro Cultural Atacama."},"content":{"rendered":"\n<p>Participaron Fabiola Gonz\u00e1lez (La Chinganera), Manolo Pez, el grupo Imaginaci\u00f3n y Cristian Barahona. Cont\u00f3 adem\u00e1s con una muestra de la obra &#8220;Indio Pavez&#8221; de la Compa\u00f1\u00eda danza en cruz, y una pieza de danza de la bailarina Luna Torres.<\/p>\n\n\n\n<hr class=\"wp-block-separator has-alpha-channel-opacity\"\/>\n\n\n\n<p>El S\u00e1bado 03 de diciembre del presente, y en el Centro cultural Atacama (Copiap\u00f3), se realiz\u00f3 la quinta versi\u00f3n del Festival Cultural Nelson en la memoria. El evento, que&nbsp;<strong>promueve la resistencia frente al sistem\u00e1tico atropello a los derechos de las y los trabajadores<\/strong>, y, en particular, el&nbsp;<strong>no olvido ante el asesinato de nuestro compa\u00f1ero Nelson Quichillao<\/strong>&nbsp;a manos de fuerzas represivas del Estado de Chile mientras se manifestaba por mejores condiciones laborales en el campamento minero de El Salvador el a\u00f1o 2015, tiene por objetivo&nbsp;<strong>incentivar y difundir la creaci\u00f3n cultural  en las m\u00e1s diversas disciplinas art\u00edsticas.<\/strong><\/p>\n\n\n\n<figure class=\"wp-block-gallery has-nested-images columns-default is-cropped wp-block-gallery-1 is-layout-flex wp-block-gallery-is-layout-flex\">\n<figure class=\"wp-block-image size-large\"><img loading=\"lazy\" decoding=\"async\" width=\"1024\" height=\"640\" data-id=\"3074\" src=\"https:\/\/www.confederaciondelcobre.cl\/wp-content\/uploads\/2022\/12\/Ana-1024x640.png\" alt=\"\" class=\"wp-image-3074\" srcset=\"https:\/\/www.confederaciondelcobre.cl\/wp-content\/uploads\/2022\/12\/Ana-1024x640.png 1024w, https:\/\/www.confederaciondelcobre.cl\/wp-content\/uploads\/2022\/12\/Ana-300x188.png 300w, https:\/\/www.confederaciondelcobre.cl\/wp-content\/uploads\/2022\/12\/Ana-768x480.png 768w, https:\/\/www.confederaciondelcobre.cl\/wp-content\/uploads\/2022\/12\/Ana.png 1280w\" sizes=\"auto, (max-width: 1024px) 100vw, 1024px\" \/><figcaption>Ana Lamas Aguirre, Presidenta de la Confederaci\u00f3n de Trabajadores del Cobre (CTC).<\/figcaption><\/figure>\n\n\n\n<figure class=\"wp-block-image size-large\"><img loading=\"lazy\" decoding=\"async\" width=\"1024\" height=\"640\" data-id=\"3073\" src=\"https:\/\/www.confederaciondelcobre.cl\/wp-content\/uploads\/2022\/12\/Cristian-1024x640.png\" alt=\"\" class=\"wp-image-3073\" srcset=\"https:\/\/www.confederaciondelcobre.cl\/wp-content\/uploads\/2022\/12\/Cristian-1024x640.png 1024w, https:\/\/www.confederaciondelcobre.cl\/wp-content\/uploads\/2022\/12\/Cristian-300x188.png 300w, https:\/\/www.confederaciondelcobre.cl\/wp-content\/uploads\/2022\/12\/Cristian-768x480.png 768w, https:\/\/www.confederaciondelcobre.cl\/wp-content\/uploads\/2022\/12\/Cristian.png 1280w\" sizes=\"auto, (max-width: 1024px) 100vw, 1024px\" \/><figcaption>Cristian Barahona (cantautor).<\/figcaption><\/figure>\n\n\n\n<figure class=\"wp-block-image size-large\"><img loading=\"lazy\" decoding=\"async\" width=\"1024\" height=\"640\" data-id=\"3076\" src=\"https:\/\/www.confederaciondelcobre.cl\/wp-content\/uploads\/2022\/12\/Danza-en-cruz-1024x640.png\" alt=\"\" class=\"wp-image-3076\" srcset=\"https:\/\/www.confederaciondelcobre.cl\/wp-content\/uploads\/2022\/12\/Danza-en-cruz-1024x640.png 1024w, https:\/\/www.confederaciondelcobre.cl\/wp-content\/uploads\/2022\/12\/Danza-en-cruz-300x188.png 300w, https:\/\/www.confederaciondelcobre.cl\/wp-content\/uploads\/2022\/12\/Danza-en-cruz-768x480.png 768w, https:\/\/www.confederaciondelcobre.cl\/wp-content\/uploads\/2022\/12\/Danza-en-cruz.png 1280w\" sizes=\"auto, (max-width: 1024px) 100vw, 1024px\" \/><figcaption>Compa\u00f1\u00eda Danza en cruz.<\/figcaption><\/figure>\n\n\n\n<figure class=\"wp-block-image size-large\"><img loading=\"lazy\" decoding=\"async\" width=\"1024\" height=\"640\" data-id=\"3077\" src=\"https:\/\/www.confederaciondelcobre.cl\/wp-content\/uploads\/2022\/12\/Fabiola-1024x640.png\" alt=\"\" class=\"wp-image-3077\" srcset=\"https:\/\/www.confederaciondelcobre.cl\/wp-content\/uploads\/2022\/12\/Fabiola-1024x640.png 1024w, https:\/\/www.confederaciondelcobre.cl\/wp-content\/uploads\/2022\/12\/Fabiola-300x188.png 300w, https:\/\/www.confederaciondelcobre.cl\/wp-content\/uploads\/2022\/12\/Fabiola-768x480.png 768w, https:\/\/www.confederaciondelcobre.cl\/wp-content\/uploads\/2022\/12\/Fabiola.png 1280w\" sizes=\"auto, (max-width: 1024px) 100vw, 1024px\" \/><figcaption>Fabiola Gonz\u00e1lez (La Chinganera).<\/figcaption><\/figure>\n\n\n\n<figure class=\"wp-block-image size-large\"><img loading=\"lazy\" decoding=\"async\" width=\"1024\" height=\"640\" data-id=\"3075\" src=\"https:\/\/www.confederaciondelcobre.cl\/wp-content\/uploads\/2022\/12\/Gloria-1024x640.png\" alt=\"\" class=\"wp-image-3075\" srcset=\"https:\/\/www.confederaciondelcobre.cl\/wp-content\/uploads\/2022\/12\/Gloria-1024x640.png 1024w, https:\/\/www.confederaciondelcobre.cl\/wp-content\/uploads\/2022\/12\/Gloria-300x188.png 300w, https:\/\/www.confederaciondelcobre.cl\/wp-content\/uploads\/2022\/12\/Gloria-768x480.png 768w, https:\/\/www.confederaciondelcobre.cl\/wp-content\/uploads\/2022\/12\/Gloria.png 1280w\" sizes=\"auto, (max-width: 1024px) 100vw, 1024px\" \/><figcaption>Gloria K\u00f6nig (presentadora).<\/figcaption><\/figure>\n\n\n\n<figure class=\"wp-block-image size-large\"><img loading=\"lazy\" decoding=\"async\" width=\"1024\" height=\"640\" data-id=\"3078\" src=\"https:\/\/www.confederaciondelcobre.cl\/wp-content\/uploads\/2022\/12\/Imaginacion-1024x640.png\" alt=\"\" class=\"wp-image-3078\" srcset=\"https:\/\/www.confederaciondelcobre.cl\/wp-content\/uploads\/2022\/12\/Imaginacion-1024x640.png 1024w, https:\/\/www.confederaciondelcobre.cl\/wp-content\/uploads\/2022\/12\/Imaginacion-300x188.png 300w, https:\/\/www.confederaciondelcobre.cl\/wp-content\/uploads\/2022\/12\/Imaginacion-768x480.png 768w, https:\/\/www.confederaciondelcobre.cl\/wp-content\/uploads\/2022\/12\/Imaginacion.png 1280w\" sizes=\"auto, (max-width: 1024px) 100vw, 1024px\" \/><figcaption>Grupo Imaginaci\u00f3n.<\/figcaption><\/figure>\n\n\n\n<figure class=\"wp-block-image size-large\"><img loading=\"lazy\" decoding=\"async\" width=\"1024\" height=\"640\" data-id=\"3081\" src=\"https:\/\/www.confederaciondelcobre.cl\/wp-content\/uploads\/2022\/12\/Luna-1024x640.png\" alt=\"\" class=\"wp-image-3081\" srcset=\"https:\/\/www.confederaciondelcobre.cl\/wp-content\/uploads\/2022\/12\/Luna-1024x640.png 1024w, https:\/\/www.confederaciondelcobre.cl\/wp-content\/uploads\/2022\/12\/Luna-300x188.png 300w, https:\/\/www.confederaciondelcobre.cl\/wp-content\/uploads\/2022\/12\/Luna-768x480.png 768w, https:\/\/www.confederaciondelcobre.cl\/wp-content\/uploads\/2022\/12\/Luna.png 1280w\" sizes=\"auto, (max-width: 1024px) 100vw, 1024px\" \/><figcaption>Luna Torres (Bailarina).<\/figcaption><\/figure>\n\n\n\n<figure class=\"wp-block-image size-large\"><img loading=\"lazy\" decoding=\"async\" width=\"1024\" height=\"640\" data-id=\"3079\" src=\"https:\/\/www.confederaciondelcobre.cl\/wp-content\/uploads\/2022\/12\/Manolo-1024x640.png\" alt=\"\" class=\"wp-image-3079\" srcset=\"https:\/\/www.confederaciondelcobre.cl\/wp-content\/uploads\/2022\/12\/Manolo-1024x640.png 1024w, https:\/\/www.confederaciondelcobre.cl\/wp-content\/uploads\/2022\/12\/Manolo-300x188.png 300w, https:\/\/www.confederaciondelcobre.cl\/wp-content\/uploads\/2022\/12\/Manolo-768x480.png 768w, https:\/\/www.confederaciondelcobre.cl\/wp-content\/uploads\/2022\/12\/Manolo.png 1280w\" sizes=\"auto, (max-width: 1024px) 100vw, 1024px\" \/><figcaption>Manolo Pez.<\/figcaption><\/figure>\n\n\n\n<figure class=\"wp-block-image size-large\"><img loading=\"lazy\" decoding=\"async\" width=\"1024\" height=\"640\" data-id=\"3080\" src=\"https:\/\/www.confederaciondelcobre.cl\/wp-content\/uploads\/2022\/12\/Poeta-1024x640.png\" alt=\"\" class=\"wp-image-3080\" srcset=\"https:\/\/www.confederaciondelcobre.cl\/wp-content\/uploads\/2022\/12\/Poeta-1024x640.png 1024w, https:\/\/www.confederaciondelcobre.cl\/wp-content\/uploads\/2022\/12\/Poeta-300x188.png 300w, https:\/\/www.confederaciondelcobre.cl\/wp-content\/uploads\/2022\/12\/Poeta-768x480.png 768w, https:\/\/www.confederaciondelcobre.cl\/wp-content\/uploads\/2022\/12\/Poeta.png 1280w\" sizes=\"auto, (max-width: 1024px) 100vw, 1024px\" \/><figcaption>Deloy Nedito (poeta).<\/figcaption><\/figure>\n<\/figure>\n\n\n\n<ul class=\"wp-block-list\"><li>El Festival, cabe destacar, se enmarc\u00f3 en una serie de actividades como conversatorios, donde los temas abordados fueron los derechos laborales, las a\u00fan precarias condiciones en que laboran las y los trabajadores subcontratados, como ello afecta a sus familias y, en general, como esta situaci\u00f3n adem\u00e1s repercute en t\u00e9rminos sociales. Tambi\u00e9n se comparti\u00f3 y reflexion\u00f3 en torno a la historia y vida de nuestro compa\u00f1ero Nelson Quichillao L\u00f3pez y a los duros acontecimientos de aquel 24 de julio de 2015, fecha y contexto en que ocurri\u00f3 su triste asesinato a manos de la represi\u00f3n por parte de agentes del Estado. A lo anterior, cabe agregar, se sum\u00f3 el relato de todas las acciones emprendidas por parte de la Confederaci\u00f3n de Trabajadores del Cobre, en conjunto con la familia de Nelson, para conseguir justicia tanto a instancias nacionales como internacionales.<\/li><\/ul>\n\n\n\n<figure class=\"wp-block-gallery has-nested-images columns-default is-cropped wp-block-gallery-2 is-layout-flex wp-block-gallery-is-layout-flex\">\n<figure class=\"wp-block-image size-large\"><img loading=\"lazy\" decoding=\"async\" width=\"1080\" height=\"1080\" data-id=\"3065\" src=\"https:\/\/www.confederaciondelcobre.cl\/wp-content\/uploads\/2022\/12\/1-Radio.jpeg\" alt=\"\" class=\"wp-image-3065\" srcset=\"https:\/\/www.confederaciondelcobre.cl\/wp-content\/uploads\/2022\/12\/1-Radio.jpeg 1080w, https:\/\/www.confederaciondelcobre.cl\/wp-content\/uploads\/2022\/12\/1-Radio-300x300.jpeg 300w, https:\/\/www.confederaciondelcobre.cl\/wp-content\/uploads\/2022\/12\/1-Radio-1024x1024.jpeg 1024w, https:\/\/www.confederaciondelcobre.cl\/wp-content\/uploads\/2022\/12\/1-Radio-150x150.jpeg 150w, https:\/\/www.confederaciondelcobre.cl\/wp-content\/uploads\/2022\/12\/1-Radio-768x768.jpeg 768w\" sizes=\"auto, (max-width: 1080px) 100vw, 1080px\" \/><figcaption>Ana Lamas Aguirre en Radio Nuevo Mundo de Copiap\u00f3.<\/figcaption><\/figure>\n\n\n\n<figure class=\"wp-block-image size-large\"><img loading=\"lazy\" decoding=\"async\" width=\"2560\" height=\"1437\" data-id=\"3066\" src=\"https:\/\/www.confederaciondelcobre.cl\/wp-content\/uploads\/2022\/12\/IMG_0108-scaled.jpg\" alt=\"\" class=\"wp-image-3066\" srcset=\"https:\/\/www.confederaciondelcobre.cl\/wp-content\/uploads\/2022\/12\/IMG_0108-scaled.jpg 2560w, https:\/\/www.confederaciondelcobre.cl\/wp-content\/uploads\/2022\/12\/IMG_0108-300x168.jpg 300w, https:\/\/www.confederaciondelcobre.cl\/wp-content\/uploads\/2022\/12\/IMG_0108-1024x575.jpg 1024w, https:\/\/www.confederaciondelcobre.cl\/wp-content\/uploads\/2022\/12\/IMG_0108-768x431.jpg 768w, https:\/\/www.confederaciondelcobre.cl\/wp-content\/uploads\/2022\/12\/IMG_0108-1536x862.jpg 1536w, https:\/\/www.confederaciondelcobre.cl\/wp-content\/uploads\/2022\/12\/IMG_0108-2048x1150.jpg 2048w\" sizes=\"auto, (max-width: 2560px) 100vw, 2560px\" \/><figcaption>Conversatorio en Casa de la Memoria, Copiap\u00f3.<\/figcaption><\/figure>\n\n\n\n<figure class=\"wp-block-image size-large\"><img loading=\"lazy\" decoding=\"async\" width=\"2560\" height=\"1437\" data-id=\"3067\" src=\"https:\/\/www.confederaciondelcobre.cl\/wp-content\/uploads\/2022\/12\/IMG_0113-scaled.jpg\" alt=\"\" class=\"wp-image-3067\" srcset=\"https:\/\/www.confederaciondelcobre.cl\/wp-content\/uploads\/2022\/12\/IMG_0113-scaled.jpg 2560w, https:\/\/www.confederaciondelcobre.cl\/wp-content\/uploads\/2022\/12\/IMG_0113-300x168.jpg 300w, https:\/\/www.confederaciondelcobre.cl\/wp-content\/uploads\/2022\/12\/IMG_0113-1024x575.jpg 1024w, https:\/\/www.confederaciondelcobre.cl\/wp-content\/uploads\/2022\/12\/IMG_0113-768x431.jpg 768w, https:\/\/www.confederaciondelcobre.cl\/wp-content\/uploads\/2022\/12\/IMG_0113-1536x862.jpg 1536w, https:\/\/www.confederaciondelcobre.cl\/wp-content\/uploads\/2022\/12\/IMG_0113-2048x1150.jpg 2048w\" sizes=\"auto, (max-width: 2560px) 100vw, 2560px\" \/><figcaption>Conversatorio en Casa de la Memoria, Copiap\u00f3.<\/figcaption><\/figure>\n\n\n\n<figure class=\"wp-block-image size-large\"><img loading=\"lazy\" decoding=\"async\" width=\"2560\" height=\"1437\" data-id=\"3068\" src=\"https:\/\/www.confederaciondelcobre.cl\/wp-content\/uploads\/2022\/12\/IMG_0117-scaled.jpg\" alt=\"\" class=\"wp-image-3068\" srcset=\"https:\/\/www.confederaciondelcobre.cl\/wp-content\/uploads\/2022\/12\/IMG_0117-scaled.jpg 2560w, https:\/\/www.confederaciondelcobre.cl\/wp-content\/uploads\/2022\/12\/IMG_0117-300x168.jpg 300w, https:\/\/www.confederaciondelcobre.cl\/wp-content\/uploads\/2022\/12\/IMG_0117-1024x575.jpg 1024w, https:\/\/www.confederaciondelcobre.cl\/wp-content\/uploads\/2022\/12\/IMG_0117-768x431.jpg 768w, https:\/\/www.confederaciondelcobre.cl\/wp-content\/uploads\/2022\/12\/IMG_0117-1536x862.jpg 1536w, https:\/\/www.confederaciondelcobre.cl\/wp-content\/uploads\/2022\/12\/IMG_0117-2048x1150.jpg 2048w\" sizes=\"auto, (max-width: 2560px) 100vw, 2560px\" \/><figcaption>Conversatorio en Casa de la Memoria, Copiap\u00f3.<\/figcaption><\/figure>\n\n\n\n<figure class=\"wp-block-image size-large\"><img loading=\"lazy\" decoding=\"async\" width=\"2560\" height=\"1437\" data-id=\"3069\" src=\"https:\/\/www.confederaciondelcobre.cl\/wp-content\/uploads\/2022\/12\/IMG_0132-scaled.jpg\" alt=\"\" class=\"wp-image-3069\" srcset=\"https:\/\/www.confederaciondelcobre.cl\/wp-content\/uploads\/2022\/12\/IMG_0132-scaled.jpg 2560w, https:\/\/www.confederaciondelcobre.cl\/wp-content\/uploads\/2022\/12\/IMG_0132-300x168.jpg 300w, https:\/\/www.confederaciondelcobre.cl\/wp-content\/uploads\/2022\/12\/IMG_0132-1024x575.jpg 1024w, https:\/\/www.confederaciondelcobre.cl\/wp-content\/uploads\/2022\/12\/IMG_0132-768x431.jpg 768w, https:\/\/www.confederaciondelcobre.cl\/wp-content\/uploads\/2022\/12\/IMG_0132-1536x862.jpg 1536w, https:\/\/www.confederaciondelcobre.cl\/wp-content\/uploads\/2022\/12\/IMG_0132-2048x1150.jpg 2048w\" sizes=\"auto, (max-width: 2560px) 100vw, 2560px\" \/><figcaption>Conversatorio en Casa de la Memoria, Copiap\u00f3.<\/figcaption><\/figure>\n\n\n\n<figure class=\"wp-block-image size-large\"><img loading=\"lazy\" decoding=\"async\" width=\"2560\" height=\"1437\" data-id=\"3070\" src=\"https:\/\/www.confederaciondelcobre.cl\/wp-content\/uploads\/2022\/12\/IMG_0185-scaled.jpg\" alt=\"\" class=\"wp-image-3070\" srcset=\"https:\/\/www.confederaciondelcobre.cl\/wp-content\/uploads\/2022\/12\/IMG_0185-scaled.jpg 2560w, https:\/\/www.confederaciondelcobre.cl\/wp-content\/uploads\/2022\/12\/IMG_0185-300x168.jpg 300w, https:\/\/www.confederaciondelcobre.cl\/wp-content\/uploads\/2022\/12\/IMG_0185-1024x575.jpg 1024w, https:\/\/www.confederaciondelcobre.cl\/wp-content\/uploads\/2022\/12\/IMG_0185-768x431.jpg 768w, https:\/\/www.confederaciondelcobre.cl\/wp-content\/uploads\/2022\/12\/IMG_0185-1536x862.jpg 1536w, https:\/\/www.confederaciondelcobre.cl\/wp-content\/uploads\/2022\/12\/IMG_0185-2048x1150.jpg 2048w\" sizes=\"auto, (max-width: 2560px) 100vw, 2560px\" \/><figcaption>Conversatorio en Casa de la Memoria, Copiap\u00f3.<\/figcaption><\/figure>\n<\/figure>\n\n\n\n<p>El Festival, que cont\u00f3 la presencia de <strong>Juan Jos\u00e9 Moreno, Jefe de la Subsecretar\u00eda de Desarrollo Regional y Administrativo de Atacama; Javier Castillo, Consejero Regional por Atacama; Wilson Chinga, Concejal de la Municipalidad de Copiap\u00f3; y Ericka Portilla, ex Convencional Constituyente por el distrito N\u00ba4<\/strong>, se desarroll\u00f3 con  una muestra de la obra <strong>&#8220;Indio Pavez&#8221; de la Compa\u00f1\u00eda Danza en Cruz<\/strong> y las actuaciones musicales de <strong>Manolo Pez, quien fue acompa\u00f1ado en una parte de su presentaci\u00f3n por el poeta Deloy Nedito<\/strong>;<strong> Fabiola Gonz\u00e1lez (La Chinganera) e Imaginaci\u00f3n<\/strong>. Tambi\u00e9n, y a modo de especial menci\u00f3n, destacaron el cantautor <strong>Cristian Barahona<\/strong> y una muestra de la bailarina <strong>Luna Torres<\/strong>, ambos (Luna Torres y Cristian Barahona) participantes de versiones anteriores del Festival y que son de la regi\u00f3n de Atacama.<\/p>\n\n\n\n<ul class=\"wp-block-list\"><li><em><strong>Nelson Quichillao L\u00f3pez<\/strong>&nbsp;era un trabajador subcontratado de la miner\u00eda del cobre, socio del Sindicato N\u00ba2 de Geovita, afiliado a la Federaci\u00f3n de Sindicatos El Salvador (FESAL) que es brazo org\u00e1nico de la Confederaci\u00f3n de Trabajadores del Cobre (CTC) en la Regi\u00f3n de Atacama. Nelson se manifestaba junto a sus compa\u00f1eras y compa\u00f1eros en el campamento Minero de El Salvador por la renovaci\u00f3n, ampliaci\u00f3n y mejoramiento del Acuerdo Marco entre la CTC y Codelco (firmado el 2007, renovado el 2009, 2011, 2013 y&nbsp;<a rel=\"noreferrer noopener\" href=\"https:\/\/www.confederaciondelcobre.cl\/index.php\/2022\/11\/23\/acuerdomarco-ctc-codelco-y-agema-firman-actualizacion-y-mejora-de-acuerdo-marco\/\" target=\"_blank\">\u00faltimamente este mismo 2022<\/a>) el a\u00f1o 2015. Es en ese contexto en que las autoridades del momento tomaron la determinaci\u00f3n de reprimir la movilizaci\u00f3n nacional de las y los trabajadores contratistas y subcontratistas de la miner\u00eda del cobre. Una represi\u00f3n criminal, llevada a cabo por FF.EE de Carabineros, que se desat\u00f3 en la madrugada del 24 de julio, de manera planificada y clandestina, dejando a muchos compa\u00f1eros heridos y a Nelson Quichillao muerto de un disparo.<\/em><\/li><\/ul>\n\n\n\n<p>Finalmente, el momento central de la quinta versi\u00f3n del Festival Nelson en la memoria estuvo a cargo de la Presidenta de la Confederaci\u00f3n de Trabajadores del Cobre (CTC), <strong>Ana Lamas Aguirre, quien ofreci\u00f3 un discurso<\/strong> a las y los asistentes donde, entre otros asuntos, <strong>reafirm\u00f3 el compromiso de nuestra organizaci\u00f3n en la b\u00fasqueda de verdad y justicia para Nelson.<\/strong> Tambi\u00e9n se refiri\u00f3 al momento pol\u00edtico y social por el que a\u00fan transitamos en nuestro pa\u00eds, destacando la <strong>importancia que en dicho proceso tienen las y los trabajadores<\/strong>. <\/p>\n\n\n\n<p><strong>A continuaci\u00f3n dejamos el texto del discurso ofrecido por Ana Lamas Aguirre, Presidenta de la Confederaci\u00f3n de Trabajadores del Cobre (CTC):<\/strong><\/p>\n\n\n\n<p>Hoy venimos a rendir homenaje a nuestro compa\u00f1ero Nelson Quichillao L\u00f3pez, venimos con emoci\u00f3n para renovar el compromiso permanente &nbsp;de b\u00fasqueda y demanda de Verdad y Justicia, venimos a hacernos cargo de la historia de nuestra organizaci\u00f3n de nuestras luchas, triunfos, fracasos y dolores y el mas duro de todos es precisamente lo que hoy recordamos, el asesinato de nuestro compa\u00f1ero Nelson, trabajador subcontratado el 24 de julio del 2015, en una jornada en El Salvador de huelga demandando por nuestros derechos, por nuestra dignidad, conmemoramos en un contexto social, pol\u00edtico y cultural complejo, que nos plantea desaf\u00edos y grandes responsabilidades.<\/p>\n\n\n\n<p>Sabemos que la clase trabajadora, ha podido salir adelante de momentos duros, dolorosos y complejos con unidad y fortaleza. Tenemos que sacar conclusiones del resultado del reciente Plebiscito Constituyente, la opci\u00f3n Apruebo significaba importantes avances para los trabajadores y trabajadoras y el mundo sindical, no s\u00f3lo por terminar con la Constituci\u00f3n de la dictadura. Lo importante es trabajar y asegurar la instalaci\u00f3n definitiva en el texto fundamental diversos m\u00ednimos civilizatorios tales como el reconocimiento del derecho al trabajo, la consagraci\u00f3n del trabajo decente o la negociaci\u00f3n multinivel.<\/p>\n\n\n\n<p>La derrota de la opci\u00f3n del apruebo, mas all\u00e1 de la necesaria autocr\u00edtica y la discusi\u00f3n sobre causas y explicaciones, debe ser considerada en lo urgente y necesario de asumir todos estos desaf\u00edos. Es por eso que como Confederaci\u00f3n fuimos participantes activos del proceso constituyente logrando poner en el centro del debate constituyente, iniciativas populares de norma, sobre la renacionalizaci\u00f3n del cobre y los recursos naturales.<\/p>\n\n\n\n<p>La lucha por mejores condiciones de vida la venimos dando desde hace siglos, hacernos cargo de nuestra historia es hacernos cargo de la construcci\u00f3n colectiva que ha ido de la mano de la organizaci\u00f3n de los trabajadores y trabajadoras. El asesinato de Nelson es parte de la cadena represiva que ha marcado la historia de las luchas de la clase trabajadora. Por ello no podemos olvidar que es precisamente hoy, en un contexto complejo, que debemos trabajar para lograr los cambios para acceder a un trabajo digno, mas humano, que nos permita ser mas felices.<\/p>\n\n\n\n<p>La reciente firma del Acuerdo Marco resultado de un proceso de revisi\u00f3n, mejoramiento y ampliaci\u00f3n, es un sensible acto de justicia para Nelson, porque su vida fue arrebatada en el momento en que demand\u00e1bamos mejoras para las condiciones laborales para los trabajadores y trabajadoras contratistas y subcontratistas. &nbsp;&nbsp;<\/p>\n\n\n\n<p>Hemos asumido con convicci\u00f3n y coherencia el planteamiento de <em>\u201cNunca m\u00e1s solos\u201d,<\/em> surgido al calor de la hist\u00f3rica movilizaci\u00f3n del a\u00f1o 2007, que se ha venido fortaleciendo en m\u00faltiples expresiones concretas de trabajo permanente con otras organizaciones que nos han permitido, a trav\u00e9s de sus experiencias, fortalezas y consecuencia de lucha, acceder a oportunidades de aprendizaje y crecimiento desde nuestra memoria hist\u00f3rica como pueblo, como trabajadores de la miner\u00eda y como movimiento sindical.<\/p>\n\n\n\n<p>La violencia y la represi\u00f3n nos ha golpeado duro, el asesinato de nuestro compa\u00f1ero Nelson Quichillao L\u00f3pez, con cuya familia hemos asumido el compromiso de verdad, justicia y no olvido, nos ha llevado a la b\u00fasqueda de justicia ante la Comisi\u00f3n Interamericana de Derechos Humanos, tenemos la plena convicci\u00f3n de que, sin verdad, sin justicia y sin memoria no se puede construir una real democracia ni la sociedad que anhelamos tanto para nuestras actuales y futuras generaciones.<\/p>\n\n\n\n<p class=\"has-text-align-center\"> \u00a1Arriba las y los que luchan y no se rinden jam\u00e1s!<\/p>\n","protected":false},"excerpt":{"rendered":"<p>Participaron Fabiola Gonz\u00e1lez (La Chinganera), Manolo Pez, el grupo Imaginaci\u00f3n y Cristian Barahona. Cont\u00f3 adem\u00e1s con una muestra de la obra &#8220;Indio Pavez&#8221; de la Compa\u00f1\u00eda danza en cruz, y &hellip; <\/p>\n","protected":false},"author":2,"featured_media":3072,"comment_status":"closed","ping_status":"closed","sticky":false,"template":"","format":"standard","meta":{"jetpack_post_was_ever_published":false,"_jetpack_newsletter_access":"","_jetpack_dont_email_post_to_subs":false,"_jetpack_newsletter_tier_id":0,"_jetpack_memberships_contains_paywalled_content":false,"_jetpack_memberships_contains_paid_content":false,"footnotes":"","jetpack_publicize_message":"","jetpack_publicize_feature_enabled":true,"jetpack_social_post_already_shared":true,"jetpack_social_options":{"image_generator_settings":{"template":"highway","default_image_id":0,"enabled":false},"version":2}},"categories":[9,21,15,32,19],"tags":[],"class_list":["post-3060","post","type-post","status-publish","format-standard","has-post-thumbnail","hentry","category-confederacion","category-federaciones","category-nacional","category-nelson-quichillao","category-trabajadores"],"jetpack_publicize_connections":[],"jetpack_featured_media_url":"https:\/\/www.confederaciondelcobre.cl\/wp-content\/uploads\/2022\/12\/PortVFest.jpg","jetpack_sharing_enabled":true,"post_mailing_queue_ids":[],"_links":{"self":[{"href":"https:\/\/www.confederaciondelcobre.cl\/index.php\/wp-json\/wp\/v2\/posts\/3060","targetHints":{"allow":["GET"]}}],"collection":[{"href":"https:\/\/www.confederaciondelcobre.cl\/index.php\/wp-json\/wp\/v2\/posts"}],"about":[{"href":"https:\/\/www.confederaciondelcobre.cl\/index.php\/wp-json\/wp\/v2\/types\/post"}],"author":[{"embeddable":true,"href":"https:\/\/www.confederaciondelcobre.cl\/index.php\/wp-json\/wp\/v2\/users\/2"}],"replies":[{"embeddable":true,"href":"https:\/\/www.confederaciondelcobre.cl\/index.php\/wp-json\/wp\/v2\/comments?post=3060"}],"version-history":[{"count":7,"href":"https:\/\/www.confederaciondelcobre.cl\/index.php\/wp-json\/wp\/v2\/posts\/3060\/revisions"}],"predecessor-version":[{"id":3085,"href":"https:\/\/www.confederaciondelcobre.cl\/index.php\/wp-json\/wp\/v2\/posts\/3060\/revisions\/3085"}],"wp:featuredmedia":[{"embeddable":true,"href":"https:\/\/www.confederaciondelcobre.cl\/index.php\/wp-json\/wp\/v2\/media\/3072"}],"wp:attachment":[{"href":"https:\/\/www.confederaciondelcobre.cl\/index.php\/wp-json\/wp\/v2\/media?parent=3060"}],"wp:term":[{"taxonomy":"category","embeddable":true,"href":"https:\/\/www.confederaciondelcobre.cl\/index.php\/wp-json\/wp\/v2\/categories?post=3060"},{"taxonomy":"post_tag","embeddable":true,"href":"https:\/\/www.confederaciondelcobre.cl\/index.php\/wp-json\/wp\/v2\/tags?post=3060"}],"curies":[{"name":"wp","href":"https:\/\/api.w.org\/{rel}","templated":true}]}}