{"id":3087,"date":"2022-12-16T17:37:00","date_gmt":"2022-12-16T21:37:00","guid":{"rendered":"https:\/\/www.confederaciondelcobre.cl\/?p=3087"},"modified":"2022-12-16T17:37:04","modified_gmt":"2022-12-16T21:37:04","slug":"ctc-participo-de-congreso-consultivo-social-y-politico-de-la-cut","status":"publish","type":"post","link":"https:\/\/www.confederaciondelcobre.cl\/index.php\/2022\/12\/16\/ctc-participo-de-congreso-consultivo-social-y-politico-de-la-cut\/","title":{"rendered":"CTC particip\u00f3 de Congreso Consultivo Social y Pol\u00edtico de la CUT."},"content":{"rendered":"\n<p>Con la participaci\u00f3n de m\u00e1s de 250 dirigentes en ambas jornadas, y que al cierre cont\u00f3 con la presencia de la Ministra del Trabajo, Jeannette Jara; del Ministro de Hacienda, Mario Marcel; del ejecutivo de la CUT, de Lautaro Carmona y Camilo Escalona (ambos Secretarios Generales del PC y el PS, respectivamente), se realiz\u00f3 el Congreso Consultivo Social y Pol\u00edtico convocado por la Central Unitaria de Trabajadores (CUT &#8211; Chile).<\/p>\n\n\n\n<p>Los d\u00edas 15 y 16 de diciembre de 2022 se realiz\u00f3 en Santiago el Congreso Consultivo Social y Pol\u00edtico convocado por la Central Unitaria de Trabajadores (CUT), instancia en la que, y en representaci\u00f3n de la Confederaci\u00f3n de Trabajadores del Cobre (CTC), participaron los Directores Nacionales Jedry Velis Palma y Patricio Roco Bucarey, a quienes tambi\u00e9n se sumaron Luis P\u00e1ez y Miguel V\u00e1squez, ambos dirigentes de la FETRAMAC (federaci\u00f3n de la CTC en la regi\u00f3n de Valpara\u00edso). Entre los objetivos del evento, que reuni\u00f3 a m\u00e1s de 250 dirigentas y dirigentes sindicales de todo el pa\u00eds, destacaron el an\u00e1lisis del momento social y pol\u00edtico por el que Chile atraviesa, un ejercicio que permiti\u00f3 avanzar en el desarrollo de un plan de acci\u00f3n, por ejemplo en torno al proceso constituyente, el cambio al sistema de pensiones, el avance hacia una negociaci\u00f3n colectiva efectiva, reforma tributaria y la recuperaci\u00f3n de los recursos naturales, entre otros.<\/p>\n\n\n\n<figure class=\"wp-block-gallery has-nested-images columns-default is-cropped wp-block-gallery-1 is-layout-flex wp-block-gallery-is-layout-flex\">\n<figure class=\"wp-block-image size-large\"><img loading=\"lazy\" decoding=\"async\" width=\"1600\" height=\"900\" data-id=\"3095\" src=\"https:\/\/www.confederaciondelcobre.cl\/wp-content\/uploads\/2022\/12\/af6e9f8a-2fc7-4d53-a451-c3f753bdecf5.jpeg\" alt=\"\" class=\"wp-image-3095\" srcset=\"https:\/\/www.confederaciondelcobre.cl\/wp-content\/uploads\/2022\/12\/af6e9f8a-2fc7-4d53-a451-c3f753bdecf5.jpeg 1600w, https:\/\/www.confederaciondelcobre.cl\/wp-content\/uploads\/2022\/12\/af6e9f8a-2fc7-4d53-a451-c3f753bdecf5-300x169.jpeg 300w, https:\/\/www.confederaciondelcobre.cl\/wp-content\/uploads\/2022\/12\/af6e9f8a-2fc7-4d53-a451-c3f753bdecf5-1024x576.jpeg 1024w, https:\/\/www.confederaciondelcobre.cl\/wp-content\/uploads\/2022\/12\/af6e9f8a-2fc7-4d53-a451-c3f753bdecf5-768x432.jpeg 768w, https:\/\/www.confederaciondelcobre.cl\/wp-content\/uploads\/2022\/12\/af6e9f8a-2fc7-4d53-a451-c3f753bdecf5-1536x864.jpeg 1536w\" sizes=\"auto, (max-width: 1600px) 100vw, 1600px\" \/><figcaption>Luis P\u00e1ez, Jedry Velis, Miguel V\u00e1squez.<\/figcaption><\/figure>\n\n\n\n<figure class=\"wp-block-image size-large\"><img loading=\"lazy\" decoding=\"async\" width=\"1600\" height=\"900\" data-id=\"3094\" src=\"https:\/\/www.confederaciondelcobre.cl\/wp-content\/uploads\/2022\/12\/09265603-dee6-4680-bdf0-99b8d72d1209.jpeg\" alt=\"\" class=\"wp-image-3094\" srcset=\"https:\/\/www.confederaciondelcobre.cl\/wp-content\/uploads\/2022\/12\/09265603-dee6-4680-bdf0-99b8d72d1209.jpeg 1600w, https:\/\/www.confederaciondelcobre.cl\/wp-content\/uploads\/2022\/12\/09265603-dee6-4680-bdf0-99b8d72d1209-300x169.jpeg 300w, https:\/\/www.confederaciondelcobre.cl\/wp-content\/uploads\/2022\/12\/09265603-dee6-4680-bdf0-99b8d72d1209-1024x576.jpeg 1024w, https:\/\/www.confederaciondelcobre.cl\/wp-content\/uploads\/2022\/12\/09265603-dee6-4680-bdf0-99b8d72d1209-768x432.jpeg 768w, https:\/\/www.confederaciondelcobre.cl\/wp-content\/uploads\/2022\/12\/09265603-dee6-4680-bdf0-99b8d72d1209-1536x864.jpeg 1536w\" sizes=\"auto, (max-width: 1600px) 100vw, 1600px\" \/><figcaption>Luis P\u00e1ez, Jeannette Jara, Miguel V\u00e1squez<\/figcaption><\/figure>\n<\/figure>\n\n\n\n<p>La jornada de hoy y final, cabe recalcar, y junto con la presencia de la Ministra del Trabajo, Jeannette Jara; del Ministro de Hacienda, Mario Marcel; de Lautaro Carmona y Camilo Escalona (ambos Secretarios Generales del PC y el PS, respectivamente), cont\u00f3 con la participaci\u00f3n de dirigentas y dirigentes sindicales de todo el pa\u00eds, representantes de las m\u00e1s diversas organizaciones afiliadas a la CUT, entre las cuales tambi\u00e9n se encontr\u00f3 la Confederaci\u00f3n de Trabajadores del Cobre.<\/p>\n\n\n\n<p><\/p>\n\n\n\n<p><\/p>\n","protected":false},"excerpt":{"rendered":"<p>Con la participaci\u00f3n de m\u00e1s de 250 dirigentes en ambas jornadas, y que al cierre cont\u00f3 con la presencia de la Ministra del Trabajo, Jeannette Jara; del Ministro de Hacienda, &hellip; <\/p>\n","protected":false},"author":2,"featured_media":3093,"comment_status":"closed","ping_status":"closed","sticky":false,"template":"","format":"standard","meta":{"jetpack_post_was_ever_published":false,"_jetpack_newsletter_access":"","_jetpack_dont_email_post_to_subs":false,"_jetpack_newsletter_tier_id":0,"_jetpack_memberships_contains_paywalled_content":false,"_jetpack_memberships_contains_paid_content":false,"footnotes":"","jetpack_publicize_message":"","jetpack_publicize_feature_enabled":true,"jetpack_social_post_already_shared":true,"jetpack_social_options":{"image_generator_settings":{"template":"highway","default_image_id":0,"enabled":false},"version":2}},"categories":[9],"tags":[],"class_list":["post-3087","post","type-post","status-publish","format-standard","has-post-thumbnail","hentry","category-confederacion"],"jetpack_publicize_connections":[],"jetpack_featured_media_url":"https:\/\/www.confederaciondelcobre.cl\/wp-content\/uploads\/2022\/12\/PortCongConsCUT.jpg","jetpack_sharing_enabled":true,"post_mailing_queue_ids":[],"_links":{"self":[{"href":"https:\/\/www.confederaciondelcobre.cl\/index.php\/wp-json\/wp\/v2\/posts\/3087","targetHints":{"allow":["GET"]}}],"collection":[{"href":"https:\/\/www.confederaciondelcobre.cl\/index.php\/wp-json\/wp\/v2\/posts"}],"about":[{"href":"https:\/\/www.confederaciondelcobre.cl\/index.php\/wp-json\/wp\/v2\/types\/post"}],"author":[{"embeddable":true,"href":"https:\/\/www.confederaciondelcobre.cl\/index.php\/wp-json\/wp\/v2\/users\/2"}],"replies":[{"embeddable":true,"href":"https:\/\/www.confederaciondelcobre.cl\/index.php\/wp-json\/wp\/v2\/comments?post=3087"}],"version-history":[{"count":6,"href":"https:\/\/www.confederaciondelcobre.cl\/index.php\/wp-json\/wp\/v2\/posts\/3087\/revisions"}],"predecessor-version":[{"id":3096,"href":"https:\/\/www.confederaciondelcobre.cl\/index.php\/wp-json\/wp\/v2\/posts\/3087\/revisions\/3096"}],"wp:featuredmedia":[{"embeddable":true,"href":"https:\/\/www.confederaciondelcobre.cl\/index.php\/wp-json\/wp\/v2\/media\/3093"}],"wp:attachment":[{"href":"https:\/\/www.confederaciondelcobre.cl\/index.php\/wp-json\/wp\/v2\/media?parent=3087"}],"wp:term":[{"taxonomy":"category","embeddable":true,"href":"https:\/\/www.confederaciondelcobre.cl\/index.php\/wp-json\/wp\/v2\/categories?post=3087"},{"taxonomy":"post_tag","embeddable":true,"href":"https:\/\/www.confederaciondelcobre.cl\/index.php\/wp-json\/wp\/v2\/tags?post=3087"}],"curies":[{"name":"wp","href":"https:\/\/api.w.org\/{rel}","templated":true}]}}