{"id":3098,"date":"2022-12-28T17:42:05","date_gmt":"2022-12-28T21:42:05","guid":{"rendered":"https:\/\/www.confederaciondelcobre.cl\/?p=3098"},"modified":"2022-12-29T18:17:11","modified_gmt":"2022-12-29T22:17:11","slug":"vi-congreso-nacional-de-la-ctc-se-realizo-en-santiago-ana-lamas-aguirre-fue-elegida-presidenta","status":"publish","type":"post","link":"https:\/\/www.confederaciondelcobre.cl\/index.php\/2022\/12\/28\/vi-congreso-nacional-de-la-ctc-se-realizo-en-santiago-ana-lamas-aguirre-fue-elegida-presidenta\/","title":{"rendered":"VI Congreso Nacional de la CTC se realiz\u00f3 en Santiago: Ana Lamas Aguirre fue elegida Presidenta."},"content":{"rendered":"\n<p>El evento, que eligi\u00f3 nuevo Directorio Nacional de la Confederaci\u00f3n de Trabajadores del Cobre (CTC), tambi\u00e9n defini\u00f3 lineamientos y objetivos de la organizaci\u00f3n para este nuevo per\u00edodo.<\/p>\n\n\n\n<hr class=\"wp-block-separator has-alpha-channel-opacity\"\/>\n\n\n\n<p>Con la asistencia, en la ceremonia de apertura, de <strong>David Acu\u00f1a, Presidente de la Central Unitaria de Trabajadores<\/strong> (CUT); de <strong>Ricardo Calder\u00f3n e Iv\u00e1n Mlynarz, en representaci\u00f3n del Coordinador de Trabajadores del la Miner\u00eda<\/strong> (CTMIN); de <strong>Miguel Barrera y Gonzalo Guti\u00e9rrez, en representaci\u00f3n del SINACIN<\/strong>; de <strong>Pablo Zenteno, Director del Trabajo<\/strong>; de <strong>Giorgio Boccardo, Subsecretario del Trabajo<\/strong>; de <strong>Boris Barrera, Diputado de la Rep\u00fablica<\/strong>, de<strong> Gaby Rivera, Presidenta de la Agrupaci\u00f3n de Familiares de Detenidos Desaparecidos<\/strong> y <strong>Manuel Ahumada Letelier, Expresidente de la CTC<\/strong>, parti\u00f3 el VI Congreso Nacional de la Confederaci\u00f3n de Trabajadores del Cobre (CTC), instancia m\u00e1xima de deliberaci\u00f3n y resoluci\u00f3n de la organizaci\u00f3n nacional que agrupa y organiza a las y los trabajadores contratistas y subcontratistas de la miner\u00eda del cobre.<\/p>\n\n\n\n<figure class=\"wp-block-gallery has-nested-images columns-default is-cropped wp-block-gallery-1 is-layout-flex wp-block-gallery-is-layout-flex\">\n<figure class=\"wp-block-image size-large\"><img loading=\"lazy\" decoding=\"async\" width=\"800\" height=\"450\" data-id=\"3100\" src=\"https:\/\/www.confederaciondelcobre.cl\/wp-content\/uploads\/2022\/12\/1f5b0045-d0c0-4bb4-94b3-fb47bfcf71f1.jpg\" alt=\"\" class=\"wp-image-3100\" srcset=\"https:\/\/www.confederaciondelcobre.cl\/wp-content\/uploads\/2022\/12\/1f5b0045-d0c0-4bb4-94b3-fb47bfcf71f1.jpg 800w, https:\/\/www.confederaciondelcobre.cl\/wp-content\/uploads\/2022\/12\/1f5b0045-d0c0-4bb4-94b3-fb47bfcf71f1-300x169.jpg 300w, https:\/\/www.confederaciondelcobre.cl\/wp-content\/uploads\/2022\/12\/1f5b0045-d0c0-4bb4-94b3-fb47bfcf71f1-768x432.jpg 768w\" sizes=\"auto, (max-width: 800px) 100vw, 800px\" \/><figcaption>David Acu\u00f1a, Presidente de la CUT.<\/figcaption><\/figure>\n\n\n\n<figure class=\"wp-block-image size-large\"><img loading=\"lazy\" decoding=\"async\" width=\"800\" height=\"450\" data-id=\"3101\" src=\"https:\/\/www.confederaciondelcobre.cl\/wp-content\/uploads\/2022\/12\/a7dd338a-6216-4158-a066-02d6eddc9668.jpg\" alt=\"\" class=\"wp-image-3101\" srcset=\"https:\/\/www.confederaciondelcobre.cl\/wp-content\/uploads\/2022\/12\/a7dd338a-6216-4158-a066-02d6eddc9668.jpg 800w, https:\/\/www.confederaciondelcobre.cl\/wp-content\/uploads\/2022\/12\/a7dd338a-6216-4158-a066-02d6eddc9668-300x169.jpg 300w, https:\/\/www.confederaciondelcobre.cl\/wp-content\/uploads\/2022\/12\/a7dd338a-6216-4158-a066-02d6eddc9668-768x432.jpg 768w\" sizes=\"auto, (max-width: 800px) 100vw, 800px\" \/><figcaption>Giorgio Boccardo, Subsecretario del Trabajo.<\/figcaption><\/figure>\n\n\n\n<figure class=\"wp-block-image size-large\"><img loading=\"lazy\" decoding=\"async\" width=\"800\" height=\"450\" data-id=\"3103\" src=\"https:\/\/www.confederaciondelcobre.cl\/wp-content\/uploads\/2022\/12\/WhatsApp-Image-2022-12-28-at-09.22.01.jpg\" alt=\"\" class=\"wp-image-3103\" srcset=\"https:\/\/www.confederaciondelcobre.cl\/wp-content\/uploads\/2022\/12\/WhatsApp-Image-2022-12-28-at-09.22.01.jpg 800w, https:\/\/www.confederaciondelcobre.cl\/wp-content\/uploads\/2022\/12\/WhatsApp-Image-2022-12-28-at-09.22.01-300x169.jpg 300w, https:\/\/www.confederaciondelcobre.cl\/wp-content\/uploads\/2022\/12\/WhatsApp-Image-2022-12-28-at-09.22.01-768x432.jpg 768w\" sizes=\"auto, (max-width: 800px) 100vw, 800px\" \/><figcaption>Pablo Zenteno, Director del Trabajo.<\/figcaption><\/figure>\n\n\n\n<figure class=\"wp-block-image size-large\"><img loading=\"lazy\" decoding=\"async\" width=\"800\" height=\"450\" data-id=\"3102\" src=\"https:\/\/www.confederaciondelcobre.cl\/wp-content\/uploads\/2022\/12\/WhatsApp-Image-2022-12-28-at-09.10.33-1.jpg\" alt=\"\" class=\"wp-image-3102\" srcset=\"https:\/\/www.confederaciondelcobre.cl\/wp-content\/uploads\/2022\/12\/WhatsApp-Image-2022-12-28-at-09.10.33-1.jpg 800w, https:\/\/www.confederaciondelcobre.cl\/wp-content\/uploads\/2022\/12\/WhatsApp-Image-2022-12-28-at-09.10.33-1-300x169.jpg 300w, https:\/\/www.confederaciondelcobre.cl\/wp-content\/uploads\/2022\/12\/WhatsApp-Image-2022-12-28-at-09.10.33-1-768x432.jpg 768w\" sizes=\"auto, (max-width: 800px) 100vw, 800px\" \/><figcaption>En la foto, de izquierda a derecha: Francisco Cabezas, Director nacional de la CTC; Pablo Zenteno, Director del Trabajo; Boris Barrera, Diputado de la Rep\u00fablica; Ana Lamas, Presidenta de la CTC; David Acu\u00f1a, Presidente de la CUT; Giorgio Boccardo, Subsecretario del Trabajo; Manuel Ahumada, Expresidente de la CTC; Ricardo Calder\u00f3n e Iv\u00e1n Mlynarz, representantes del CTMIN.<\/figcaption><\/figure>\n<\/figure>\n\n\n\n<p>Realizado durante los d\u00edas martes 27 y mi\u00e9rcoles 28 de diciembre, el Congreso Nacional inici\u00f3 su programa con palabras a cargo de <strong>David Acu\u00f1a, Presidente de la CUT<\/strong>, quien junto con saludar la realizaci\u00f3n de este importante evento, ofreci\u00f3 un saludo y reconocimiento a todas y todos los dirigentes presentes, a la vez que destac\u00f3 a esta organizaci\u00f3n (CTC) como referente para las y los trabajadores del cobre en particular, y para el mundo de los trabajadores en general. Luego vino el discurso ofrecido por la <strong>Presidenta de la CTC, Ana Lamas Aguirre<\/strong>, quien, junto con hacer una breve rese\u00f1a hist\u00f3rica del movimiento obrero nacional, movimiento del cual como organizaci\u00f3n \u2014se\u00f1al\u00f3\u2014 somos herederas y herederos, indic\u00f3 que (a este evento) &#8220;llegamos con convicci\u00f3n, responsabilidad y conciencia de clase a renovar el compromiso permanente, de b\u00fasqueda y demanda de Verdad y Justicia para los m\u00e1rtires obreros que han permitido los avances del movimiento sindical y sus conquistas&#8221;, reafirmando adem\u00e1s el compromiso que como organizaci\u00f3n tenemos con nuestro compa\u00f1ero Nelson Quichillao L\u00f3pez, trabajador subcontratado, que el 24 de julio del 2015 fue asesinado por Fuerzas represivas &nbsp;de Carabineros &nbsp;en una jornada de huelga y movilizaci\u00f3n demandando por nuestros derechos. Tambi\u00e9n se refiri\u00f3 al complejo momento por el que atravesamos en Chile, poniendo \u00e9nfasis en que &#8220;es precisamente hoy que debemos trabajar a\u00fan mas para lograr los cambios que nos permitan acceder a un trabajo digno, mas humano, que finalmente nos permita ser mas felices&#8221;, agregando que &#8220;las tareas son claras, trabajar con unidad por la dignidad de los trabajadores y trabajadoras, participar en el nuevo proceso constituyente con convicci\u00f3n y mantenernos alerta a los intentos de construcci\u00f3n de una Nueva Constituci\u00f3n para asegurar privilegios&nbsp; a los y las poderosas&#8221;.<\/p>\n\n\n\n<p>Sobre la reciente revisi\u00f3n, ampliaci\u00f3n y mejora del Acuerdo Marco entre la CTC, Agema y Codelco, la Presidenta de la CTC indic\u00f3 que &#8220;es un triunfo necesario, que nos hemos ganado con esfuerzo y tes\u00f3n, y que garantiza mejoras sustantivas para los trabajadores y trabajadoras subcontratadas&#8221;, se\u00f1alando que &#8220;avanzar en organizaci\u00f3n, con unidad y fuerza, sostenida en la memoria y el ejemplo de la clase trabajadora es la gran tarea&#8221;. Al finalizar, Ana Lamas Aguirre recalc\u00f3 el hecho de que &#8220;nuestra responsabilidad y nuestro compromiso es la construcci\u00f3n de una real democracia que permita florecer a una nueva sociedad justa, solidaria y con mayor dignidad, la que tanto anhelamos y por la cual seguiremos luchando para nuestras actuales y futuras generaciones&#8221;.<\/p>\n\n\n\n<figure class=\"wp-block-gallery has-nested-images columns-default is-cropped wp-block-gallery-2 is-layout-flex wp-block-gallery-is-layout-flex\">\n<figure class=\"wp-block-image size-full\"><img loading=\"lazy\" decoding=\"async\" width=\"800\" height=\"450\" data-id=\"3105\" src=\"https:\/\/www.confederaciondelcobre.cl\/wp-content\/uploads\/2022\/12\/acee4232-7c02-4c87-8212-28003cc99d04.jpg\" alt=\"\" class=\"wp-image-3105\" srcset=\"https:\/\/www.confederaciondelcobre.cl\/wp-content\/uploads\/2022\/12\/acee4232-7c02-4c87-8212-28003cc99d04.jpg 800w, https:\/\/www.confederaciondelcobre.cl\/wp-content\/uploads\/2022\/12\/acee4232-7c02-4c87-8212-28003cc99d04-300x169.jpg 300w, https:\/\/www.confederaciondelcobre.cl\/wp-content\/uploads\/2022\/12\/acee4232-7c02-4c87-8212-28003cc99d04-768x432.jpg 768w\" sizes=\"auto, (max-width: 800px) 100vw, 800px\" \/><figcaption>Discurso de Ana Lamas Aguirre.<\/figcaption><\/figure>\n\n\n\n<figure class=\"wp-block-image size-full\"><img loading=\"lazy\" decoding=\"async\" width=\"800\" height=\"450\" data-id=\"3104\" src=\"https:\/\/www.confederaciondelcobre.cl\/wp-content\/uploads\/2022\/12\/ee52800a-5ea0-4c80-8b25-e20cbe5b9a34.jpg\" alt=\"\" class=\"wp-image-3104\" srcset=\"https:\/\/www.confederaciondelcobre.cl\/wp-content\/uploads\/2022\/12\/ee52800a-5ea0-4c80-8b25-e20cbe5b9a34.jpg 800w, https:\/\/www.confederaciondelcobre.cl\/wp-content\/uploads\/2022\/12\/ee52800a-5ea0-4c80-8b25-e20cbe5b9a34-300x169.jpg 300w, https:\/\/www.confederaciondelcobre.cl\/wp-content\/uploads\/2022\/12\/ee52800a-5ea0-4c80-8b25-e20cbe5b9a34-768x432.jpg 768w\" sizes=\"auto, (max-width: 800px) 100vw, 800px\" \/><figcaption>Discurso de Ana Lamas Aguirre.<\/figcaption><\/figure>\n<\/figure>\n\n\n\n<p>A continuaci\u00f3n, para seguir con la ceremonia de apertura del evento, vino la presentaci\u00f3n musical de Fabiola Gonzalez, La Chinganera, quien junto con ofrecer un bello repertorio de d\u00e9cimas y cuecas, llenas de contenido y sensibilidad social, y en su calidad de folclorista y recopiladora del canto y cultura tradicionales chilena y latinoamericana, complement\u00f3 su presentaci\u00f3n con una serie de datos y conocimiento sobre la expresi\u00f3n musical y folcl\u00f3rica.<\/p>\n\n\n\n<figure class=\"wp-block-gallery has-nested-images columns-default is-cropped wp-block-gallery-3 is-layout-flex wp-block-gallery-is-layout-flex\">\n<figure class=\"wp-block-image size-full\"><img loading=\"lazy\" decoding=\"async\" width=\"800\" height=\"450\" data-id=\"3106\" src=\"https:\/\/www.confederaciondelcobre.cl\/wp-content\/uploads\/2022\/12\/14e8cfe5-4c12-4dcc-8d46-f09bf78e30b3.jpg\" alt=\"\" class=\"wp-image-3106\" srcset=\"https:\/\/www.confederaciondelcobre.cl\/wp-content\/uploads\/2022\/12\/14e8cfe5-4c12-4dcc-8d46-f09bf78e30b3.jpg 800w, https:\/\/www.confederaciondelcobre.cl\/wp-content\/uploads\/2022\/12\/14e8cfe5-4c12-4dcc-8d46-f09bf78e30b3-300x169.jpg 300w, https:\/\/www.confederaciondelcobre.cl\/wp-content\/uploads\/2022\/12\/14e8cfe5-4c12-4dcc-8d46-f09bf78e30b3-768x432.jpg 768w\" sizes=\"auto, (max-width: 800px) 100vw, 800px\" \/><figcaption>Fabiola Gonz\u00e1lez, La Chinganera.<\/figcaption><\/figure>\n\n\n\n<figure class=\"wp-block-image size-full\"><img loading=\"lazy\" decoding=\"async\" width=\"800\" height=\"450\" data-id=\"3107\" src=\"https:\/\/www.confederaciondelcobre.cl\/wp-content\/uploads\/2022\/12\/8f194b76-ec46-4c22-83c0-c3d50b58eb64.jpg\" alt=\"\" class=\"wp-image-3107\" srcset=\"https:\/\/www.confederaciondelcobre.cl\/wp-content\/uploads\/2022\/12\/8f194b76-ec46-4c22-83c0-c3d50b58eb64.jpg 800w, https:\/\/www.confederaciondelcobre.cl\/wp-content\/uploads\/2022\/12\/8f194b76-ec46-4c22-83c0-c3d50b58eb64-300x169.jpg 300w, https:\/\/www.confederaciondelcobre.cl\/wp-content\/uploads\/2022\/12\/8f194b76-ec46-4c22-83c0-c3d50b58eb64-768x432.jpg 768w\" sizes=\"auto, (max-width: 800px) 100vw, 800px\" \/><figcaption>Fabiola Gonz\u00e1lez, La Chinganera.<\/figcaption><\/figure>\n<\/figure>\n\n\n\n<p>La ceremonia de apertura del VI Congreso Nacional de la CTC continu\u00f3 con palabras ofrecidas por Giorgio Boccardo, Subsecretario del Trabajo; y Pablo Zenteno, Director del Trabajo. Ambos coincidieron en la importancia de la organizaci\u00f3n de las y los trabajadores, destacando a la Confederaci\u00f3n de Trabajadores del Cobre como referente de compromiso y responsabilidad en la defensa y promoci\u00f3n de los derechos laborales de quienes laboran en la miner\u00eda del cobre. Sobre la reciente revisi\u00f3n, actualizaci\u00f3n y mejora del Acuerdo Marco con Codelco, ambas autoridades destacaron la importancia de dicho proceso, pues fue una ejemplar demostraci\u00f3n de que con la voluntad de las partes involucradas s\u00ed se puede llegar a buenos acuerdos, como en este caso, para todo un sector de trabajadoras y trabajadores que laboran para la miner\u00eda del cobre.<\/p>\n\n\n\n<figure class=\"wp-block-gallery has-nested-images columns-default is-cropped wp-block-gallery-4 is-layout-flex wp-block-gallery-is-layout-flex\">\n<figure class=\"wp-block-image size-large\"><img loading=\"lazy\" decoding=\"async\" width=\"800\" height=\"450\" data-id=\"3108\" src=\"https:\/\/www.confederaciondelcobre.cl\/wp-content\/uploads\/2022\/12\/WhatsApp-Image-2022-12-28-at-09.22.03-3.jpg\" alt=\"\" class=\"wp-image-3108\" srcset=\"https:\/\/www.confederaciondelcobre.cl\/wp-content\/uploads\/2022\/12\/WhatsApp-Image-2022-12-28-at-09.22.03-3.jpg 800w, https:\/\/www.confederaciondelcobre.cl\/wp-content\/uploads\/2022\/12\/WhatsApp-Image-2022-12-28-at-09.22.03-3-300x169.jpg 300w, https:\/\/www.confederaciondelcobre.cl\/wp-content\/uploads\/2022\/12\/WhatsApp-Image-2022-12-28-at-09.22.03-3-768x432.jpg 768w\" sizes=\"auto, (max-width: 800px) 100vw, 800px\" \/><figcaption>Roxana Pey recibe reconocimiento como Socia Honoraria de la CTC.<\/figcaption><\/figure>\n\n\n\n<figure class=\"wp-block-image size-large\"><img loading=\"lazy\" decoding=\"async\" width=\"800\" height=\"450\" data-id=\"3109\" src=\"https:\/\/www.confederaciondelcobre.cl\/wp-content\/uploads\/2022\/12\/WhatsApp-Image-2022-12-28-at-09.22.04-3.jpg\" alt=\"\" class=\"wp-image-3109\" srcset=\"https:\/\/www.confederaciondelcobre.cl\/wp-content\/uploads\/2022\/12\/WhatsApp-Image-2022-12-28-at-09.22.04-3.jpg 800w, https:\/\/www.confederaciondelcobre.cl\/wp-content\/uploads\/2022\/12\/WhatsApp-Image-2022-12-28-at-09.22.04-3-300x169.jpg 300w, https:\/\/www.confederaciondelcobre.cl\/wp-content\/uploads\/2022\/12\/WhatsApp-Image-2022-12-28-at-09.22.04-3-768x432.jpg 768w\" sizes=\"auto, (max-width: 800px) 100vw, 800px\" \/><figcaption>Manuel Riesco recibe reconocimiento como Socio Honorario de la CTC.<\/figcaption><\/figure>\n\n\n\n<figure class=\"wp-block-image size-large\"><img loading=\"lazy\" decoding=\"async\" width=\"800\" height=\"450\" data-id=\"3110\" src=\"https:\/\/www.confederaciondelcobre.cl\/wp-content\/uploads\/2022\/12\/WhatsApp-Image-2022-12-28-at-09.22.06.jpg\" alt=\"\" class=\"wp-image-3110\" srcset=\"https:\/\/www.confederaciondelcobre.cl\/wp-content\/uploads\/2022\/12\/WhatsApp-Image-2022-12-28-at-09.22.06.jpg 800w, https:\/\/www.confederaciondelcobre.cl\/wp-content\/uploads\/2022\/12\/WhatsApp-Image-2022-12-28-at-09.22.06-300x169.jpg 300w, https:\/\/www.confederaciondelcobre.cl\/wp-content\/uploads\/2022\/12\/WhatsApp-Image-2022-12-28-at-09.22.06-768x432.jpg 768w\" sizes=\"auto, (max-width: 800px) 100vw, 800px\" \/><figcaption>V\u00edctor Orellana recibe reconocimiento como Socio Honorario de la CTC.<\/figcaption><\/figure>\n\n\n\n<figure class=\"wp-block-image size-large\"><img loading=\"lazy\" decoding=\"async\" width=\"800\" height=\"450\" data-id=\"3113\" src=\"https:\/\/www.confederaciondelcobre.cl\/wp-content\/uploads\/2022\/12\/WhatsApp-Image-2022-12-27-at-13.17.47.jpg\" alt=\"\" class=\"wp-image-3113\" srcset=\"https:\/\/www.confederaciondelcobre.cl\/wp-content\/uploads\/2022\/12\/WhatsApp-Image-2022-12-27-at-13.17.47.jpg 800w, https:\/\/www.confederaciondelcobre.cl\/wp-content\/uploads\/2022\/12\/WhatsApp-Image-2022-12-27-at-13.17.47-300x169.jpg 300w, https:\/\/www.confederaciondelcobre.cl\/wp-content\/uploads\/2022\/12\/WhatsApp-Image-2022-12-27-at-13.17.47-768x432.jpg 768w\" sizes=\"auto, (max-width: 800px) 100vw, 800px\" \/><figcaption>Manuel Ahumada, expresidente de la CTC<\/figcaption><\/figure>\n<\/figure>\n\n\n\n<p>Un momento emocionante se vivi\u00f3 en medio de la ceremonia de apertura de este evento nacional, y tuvo como protagonistas a quienes, desde los inicios de la Confederaci\u00f3n de Trabajadores del Cobre, han sido sus importantes colaboradores. Y es que de acuerdo al mandato de la Asamblea Nacional Extraordinaria, realizada en octubre de este a\u00f1o, <strong>la CTC otorg\u00f3, en su VI Congreso Nacional la distinci\u00f3n de Socias y Socios Honorarios a las y los compa\u00f1eros Orlando Caputo, Graciela Galarce, Manuel Riesco, Roxana Pey y V\u00edctor Orellana, &#8220;por su lucha, compromiso y consecuencia con las trabajadoras&nbsp; y trabajadores.&#8221;<\/strong><\/p>\n\n\n\n<p>Finalizada la ceremonia de apertura, se dio paso a la jornada de trabajo congresal, no sin antes abrir el plenario con la entrega de un <strong>reconocimiento a Manuel Ahumada Letelier, expresidente de la CTC entre los a\u00f1os 2014-2021, &#8220;por la fraternidad, por darnos la fuerza en momentos duros, por la rectitud, coherencia y compromiso permanente. Porque aprendimos y construimos juntos con esfuerzo, coraje y<br>dedicaci\u00f3n, con profundo sentido de clase la Confederaci\u00f3n de Trabajadores del Cobre&#8221;<\/strong>, dice el galvano que recibi\u00f3 de manos del Directorio Nacional de la CTC.<\/p>\n\n\n\n<figure class=\"wp-block-image size-full\"><img loading=\"lazy\" decoding=\"async\" width=\"800\" height=\"450\" src=\"https:\/\/www.confederaciondelcobre.cl\/wp-content\/uploads\/2022\/12\/49a66bc1-f140-45e8-933c-a2a48974601b.jpg\" alt=\"\" class=\"wp-image-3111\" srcset=\"https:\/\/www.confederaciondelcobre.cl\/wp-content\/uploads\/2022\/12\/49a66bc1-f140-45e8-933c-a2a48974601b.jpg 800w, https:\/\/www.confederaciondelcobre.cl\/wp-content\/uploads\/2022\/12\/49a66bc1-f140-45e8-933c-a2a48974601b-300x169.jpg 300w, https:\/\/www.confederaciondelcobre.cl\/wp-content\/uploads\/2022\/12\/49a66bc1-f140-45e8-933c-a2a48974601b-768x432.jpg 768w\" sizes=\"auto, (max-width: 800px) 100vw, 800px\" \/><figcaption>Foto grupal, apertura VI Congreso Nacional de la CTC.<\/figcaption><\/figure>\n\n\n\n<p>Ya en el trabajo propiamente tal, pas\u00f3 constituirse la comisi\u00f3n electoral, \u00f3rgano que se encarg\u00f3 de llevar adelante el proceso eleccionario del nuevo Directorio Nacional. La jornada del mi\u00e9rcoles 28, inici\u00f3 con la presentaci\u00f3n de candidaturas al Directorio Nacional de la CTC y prosigui\u00f3 con el proceso eleccionario, con la presencia de una ministra de fe de la Direcci\u00f3n del Trabajo, la votaci\u00f3n se dio en tiempo y forma prevista, para despu\u00e9s continuar con el escrutinio de votos y la presentaci\u00f3n del nuevo Directorio Nacional. Una vez realizada la votaci\u00f3n, y constituido el Directorio, este pas\u00f3 a integrar los cargos correspondientes, y que a continuaci\u00f3n detallamos. <\/p>\n\n\n\n<p><strong>El nuevo Directorio Nacional de la Confederaci\u00f3n de Trabajadores, para el per\u00edodo 2022-2026, qued\u00f3 conformado con las y los siguientes dirigentes:<\/strong><\/p>\n\n\n\n<ul class=\"has-medium-font-size wp-block-list\"><li><strong>Presidencia, Ana Lamas Aguirre;<\/strong><\/li><li><strong>Secretar\u00eda General, Stephanie Gonzalez Ch\u00e1vez;<\/strong><\/li><li><strong>Tesorer\u00eda, Jedry Velis Palma;<\/strong><\/li><li><strong>Organizaci\u00f3n, Patricio Roco Bucarey;<\/strong><\/li><li><strong>Vicepresidencia, Francisco Cabezas Cort\u00e9s;<\/strong><\/li><li><strong>Director Nacional Encargado Jur\u00eddico, Jos\u00e9 Mardones Gallardo;<\/strong><\/li><li><strong>Directora Nacional Encargada de G\u00e9nero e Inclusi\u00f3n, Corina Alfaro D\u00edaz;<\/strong><\/li><li><strong>Director Nacional Encargado de Relaciones Internacionales, Juan Galindo Arancibia;<\/strong><\/li><li><strong>Director Nacional Encargado de Comunicaciones, Luis Marchant Vald\u00e9s;<\/strong><\/li><li><strong>Director Nacional Encargado de Negociaci\u00f3n y Conflicto, Daniel C\u00e1ceres Garc\u00eda;<\/strong><\/li><li><strong>Director Nacional Encargado de Investigaci\u00f3n y Formaci\u00f3n, Fernando Prado Guti\u00e9rrez;<\/strong><\/li><li><strong>Director Nacional Encargado del Derecho al Trabajo, Marco Fonseca Zapata; <\/strong><\/li><li><strong>Director Nacional, Claudio Escobar Albornoz;<\/strong><\/li><li><strong>Directora Nacional, Sandra Silva Capiona;<\/strong><\/li><li><strong>Director Nacional, Luis P\u00e1ez Maldonado.<\/strong><\/li><\/ul>\n\n\n<div class=\"wp-block-image\">\n<figure class=\"aligncenter size-large\"><img loading=\"lazy\" decoding=\"async\" width=\"1024\" height=\"576\" src=\"https:\/\/www.confederaciondelcobre.cl\/wp-content\/uploads\/2022\/12\/WhatsApp-Image-2022-12-28-at-14.26.07-1024x576.jpg\" alt=\"\" class=\"wp-image-3117\" srcset=\"https:\/\/www.confederaciondelcobre.cl\/wp-content\/uploads\/2022\/12\/WhatsApp-Image-2022-12-28-at-14.26.07-1024x576.jpg 1024w, https:\/\/www.confederaciondelcobre.cl\/wp-content\/uploads\/2022\/12\/WhatsApp-Image-2022-12-28-at-14.26.07-300x169.jpg 300w, https:\/\/www.confederaciondelcobre.cl\/wp-content\/uploads\/2022\/12\/WhatsApp-Image-2022-12-28-at-14.26.07-768x432.jpg 768w, https:\/\/www.confederaciondelcobre.cl\/wp-content\/uploads\/2022\/12\/WhatsApp-Image-2022-12-28-at-14.26.07-1536x864.jpg 1536w, https:\/\/www.confederaciondelcobre.cl\/wp-content\/uploads\/2022\/12\/WhatsApp-Image-2022-12-28-at-14.26.07.jpg 1600w\" sizes=\"auto, (max-width: 1024px) 100vw, 1024px\" \/><figcaption>Nuevo Directorio Nacional de la Confederaci\u00f3n de Trabajadores del Cobre.<\/figcaption><\/figure><\/div>","protected":false},"excerpt":{"rendered":"<p>El evento, que eligi\u00f3 nuevo Directorio Nacional de la Confederaci\u00f3n de Trabajadores del Cobre (CTC), tambi\u00e9n defini\u00f3 lineamientos y objetivos de la organizaci\u00f3n para este nuevo per\u00edodo. Con la asistencia, &hellip; <\/p>\n","protected":false},"author":2,"featured_media":3116,"comment_status":"closed","ping_status":"closed","sticky":false,"template":"","format":"standard","meta":{"jetpack_post_was_ever_published":false,"_jetpack_newsletter_access":"","_jetpack_dont_email_post_to_subs":false,"_jetpack_newsletter_tier_id":0,"_jetpack_memberships_contains_paywalled_content":false,"_jetpack_memberships_contains_paid_content":false,"footnotes":"","jetpack_publicize_message":"","jetpack_publicize_feature_enabled":true,"jetpack_social_post_already_shared":true,"jetpack_social_options":{"image_generator_settings":{"template":"highway","default_image_id":0,"enabled":false},"version":2}},"categories":[9,21,15,16,19],"tags":[],"class_list":["post-3098","post","type-post","status-publish","format-standard","has-post-thumbnail","hentry","category-confederacion","category-federaciones","category-nacional","category-noticias","category-trabajadores"],"jetpack_publicize_connections":[],"jetpack_featured_media_url":"https:\/\/www.confederaciondelcobre.cl\/wp-content\/uploads\/2022\/12\/PortadaVICongNacCTC2022.jpg","jetpack_sharing_enabled":true,"post_mailing_queue_ids":[],"_links":{"self":[{"href":"https:\/\/www.confederaciondelcobre.cl\/index.php\/wp-json\/wp\/v2\/posts\/3098","targetHints":{"allow":["GET"]}}],"collection":[{"href":"https:\/\/www.confederaciondelcobre.cl\/index.php\/wp-json\/wp\/v2\/posts"}],"about":[{"href":"https:\/\/www.confederaciondelcobre.cl\/index.php\/wp-json\/wp\/v2\/types\/post"}],"author":[{"embeddable":true,"href":"https:\/\/www.confederaciondelcobre.cl\/index.php\/wp-json\/wp\/v2\/users\/2"}],"replies":[{"embeddable":true,"href":"https:\/\/www.confederaciondelcobre.cl\/index.php\/wp-json\/wp\/v2\/comments?post=3098"}],"version-history":[{"count":11,"href":"https:\/\/www.confederaciondelcobre.cl\/index.php\/wp-json\/wp\/v2\/posts\/3098\/revisions"}],"predecessor-version":[{"id":3142,"href":"https:\/\/www.confederaciondelcobre.cl\/index.php\/wp-json\/wp\/v2\/posts\/3098\/revisions\/3142"}],"wp:featuredmedia":[{"embeddable":true,"href":"https:\/\/www.confederaciondelcobre.cl\/index.php\/wp-json\/wp\/v2\/media\/3116"}],"wp:attachment":[{"href":"https:\/\/www.confederaciondelcobre.cl\/index.php\/wp-json\/wp\/v2\/media?parent=3098"}],"wp:term":[{"taxonomy":"category","embeddable":true,"href":"https:\/\/www.confederaciondelcobre.cl\/index.php\/wp-json\/wp\/v2\/categories?post=3098"},{"taxonomy":"post_tag","embeddable":true,"href":"https:\/\/www.confederaciondelcobre.cl\/index.php\/wp-json\/wp\/v2\/tags?post=3098"}],"curies":[{"name":"wp","href":"https:\/\/api.w.org\/{rel}","templated":true}]}}