{"id":3115,"date":"2022-12-28T16:41:40","date_gmt":"2022-12-28T20:41:40","guid":{"rendered":"https:\/\/www.confederaciondelcobre.cl\/?p=3115"},"modified":"2022-12-28T16:41:43","modified_gmt":"2022-12-28T20:41:43","slug":"iquique-conversatorio-en-conmemoracion-a-115-anos-de-la-masacre-en-la-escuela-santa-maria","status":"publish","type":"post","link":"https:\/\/www.confederaciondelcobre.cl\/index.php\/2022\/12\/28\/iquique-conversatorio-en-conmemoracion-a-115-anos-de-la-masacre-en-la-escuela-santa-maria\/","title":{"rendered":"Iquique: conversatorio en conmemoraci\u00f3n a 115 a\u00f1os de la masacre en la Escuela Santa Mar\u00eda."},"content":{"rendered":"\n<p>El conversatorio, organizado por la Federaci\u00f3n Minera del Norte (Feminort), la Central Unitaria de Trabajadores (CUT) de Iquique y por la Confederaci\u00f3n de Trabajadores del Cobre (CTC), abord\u00f3 el dram\u00e1tico y brutal acontecimiento desde una perspectiva hist\u00f3rica, y como ello ha trascendido en el desarrollo del movimiento obrero chileno.<\/p>\n\n\n\n<hr class=\"wp-block-separator has-alpha-channel-opacity\"\/>\n\n\n\n<p>El martes 20 de diciembre, y en la sede de la CUT-Iquique, se realiz\u00f3 un conversatorio que conmemor\u00f3 la masacre en Escuela Santa Mar\u00eda de Iquique, un brutal acontecimiento represivo que ocurri\u00f3 hace ya 115 a\u00f1os. El conversatorio fue inaugurado por Francisco Cabezas Cort\u00e9s, Presidente de la FEMINORT  y vicepresidente de la CTC, y en sus palabras valor\u00f3 el esfuerzo de la organizaci\u00f3n por la recuperaci\u00f3n de la memoria hist\u00f3rica de las y los trabajadores para el sindicalismo actual, adem\u00e1s de entender como un continuo hist\u00f3rico las luchas de la clase trabajadora y poner en valor el sacrificio de nuestros m\u00e1rtires en las  conquistas sociales. <\/p>\n\n\n\n<p>El conversatorio fue moderado por Gloria K\u00f6nig, y las presentaciones estuvieron a cargo de Mario Zolezzi, historiador e investigador local; Karelia Cerda, historiadora de la Universidad de Tarapac\u00e1; Julio C\u00e1mara, Consejero Regional del Ministerio de las Culturas, las Artes y el Patrimonio; y Stephanie Gonz\u00e1lez, Directora Nacional de la Confederaci\u00f3n de Trabajadores del Cobre. En la oportunidad se hizo un recorrido hist\u00f3rico de los acontecimientos y como estos se dieron en un contexto de Huelga General que movilizaba a las y los trabajadores, principalmente de la pampa, dedicados a la explotaci\u00f3n del salitre en el norte de nuestro pa\u00eds. Las y los expositores, cada uno, plantearon su an\u00e1lisis del movimiento obrero en t\u00e9rminos hist\u00f3ricos y como este se ha ido desarrollando en lo sucesivo hasta la actualidad. Todas y todos coincidieron en que, si bien los acontecimientos de Iquique ocurrieron hace ya 115 a\u00f1os, en general, las demandas de las y los trabajadores siguen siendo b\u00e1sicamente las mismas: mejoras salariales, sociales y respecto de sus condiciones laborales. Es as\u00ed como, por ejemplo, se dio cuenta de que mientras ayer en la pampa se luchaba por la regulaci\u00f3n y reducci\u00f3n de la jornada laboral, adem\u00e1s del incremento salarial; hoy, tanto la jornada como los sueldos, siguen siendo asuntos principales dentro de sus demandas. Pero tambi\u00e9n se recalc\u00f3 el inmenso valor y aporte, de las y los trabajadores organizados de la \u00e9poca, en cuanto a mejoras para las condiciones de vida de las y los trabajadores.<\/p>\n\n\n\n<p>El evento, para finalizar, tambi\u00e9n cont\u00f3 con la presentaci\u00f3n del libro &#8220;21 diciembre&#8221;, del autor Hugo Barraza (escritor e investigador local), que hace un repaso hist\u00f3rico de los acontecimientos, agregando detalles, algunos, hasta ahora desconocidos o muy poco difundidos de la \u00e9poca sobre el movimiento y la huelga misma de aquellos a\u00f1os. Ademas, y como siempre en las actividades organizadas por la CUT, la CTC y la FEMINORT, se cont\u00f3 con una presentaci\u00f3n musical a cargo del cantautor local, Harold Hurtado.<\/p>\n\n\n\n<figure class=\"wp-block-gallery has-nested-images columns-default is-cropped wp-block-gallery-1 is-layout-flex wp-block-gallery-is-layout-flex\">\n<figure class=\"wp-block-image size-large\"><img loading=\"lazy\" decoding=\"async\" width=\"1024\" height=\"683\" data-id=\"3120\" src=\"https:\/\/www.confederaciondelcobre.cl\/wp-content\/uploads\/2022\/12\/2b23a96b-6b7f-47f4-8472-f096f77b6769-1024x683.jpeg\" alt=\"\" class=\"wp-image-3120\" srcset=\"https:\/\/www.confederaciondelcobre.cl\/wp-content\/uploads\/2022\/12\/2b23a96b-6b7f-47f4-8472-f096f77b6769-1024x683.jpeg 1024w, https:\/\/www.confederaciondelcobre.cl\/wp-content\/uploads\/2022\/12\/2b23a96b-6b7f-47f4-8472-f096f77b6769-300x200.jpeg 300w, https:\/\/www.confederaciondelcobre.cl\/wp-content\/uploads\/2022\/12\/2b23a96b-6b7f-47f4-8472-f096f77b6769-768x512.jpeg 768w, https:\/\/www.confederaciondelcobre.cl\/wp-content\/uploads\/2022\/12\/2b23a96b-6b7f-47f4-8472-f096f77b6769.jpeg 1280w\" sizes=\"auto, (max-width: 1024px) 100vw, 1024px\" \/><\/figure>\n\n\n\n<figure class=\"wp-block-image size-large\"><img loading=\"lazy\" decoding=\"async\" width=\"1024\" height=\"683\" data-id=\"3121\" src=\"https:\/\/www.confederaciondelcobre.cl\/wp-content\/uploads\/2022\/12\/e0175699-9188-499f-88f0-64452820dc46-1024x683.jpeg\" alt=\"\" class=\"wp-image-3121\" srcset=\"https:\/\/www.confederaciondelcobre.cl\/wp-content\/uploads\/2022\/12\/e0175699-9188-499f-88f0-64452820dc46-1024x683.jpeg 1024w, https:\/\/www.confederaciondelcobre.cl\/wp-content\/uploads\/2022\/12\/e0175699-9188-499f-88f0-64452820dc46-300x200.jpeg 300w, https:\/\/www.confederaciondelcobre.cl\/wp-content\/uploads\/2022\/12\/e0175699-9188-499f-88f0-64452820dc46-768x512.jpeg 768w, https:\/\/www.confederaciondelcobre.cl\/wp-content\/uploads\/2022\/12\/e0175699-9188-499f-88f0-64452820dc46.jpeg 1280w\" sizes=\"auto, (max-width: 1024px) 100vw, 1024px\" \/><\/figure>\n\n\n\n<figure class=\"wp-block-image size-large\"><img loading=\"lazy\" decoding=\"async\" width=\"1024\" height=\"683\" data-id=\"3122\" src=\"https:\/\/www.confederaciondelcobre.cl\/wp-content\/uploads\/2022\/12\/5c802dbd-f65d-4c41-ba3b-1ae7a8017905-1024x683.jpeg\" alt=\"\" class=\"wp-image-3122\" srcset=\"https:\/\/www.confederaciondelcobre.cl\/wp-content\/uploads\/2022\/12\/5c802dbd-f65d-4c41-ba3b-1ae7a8017905-1024x683.jpeg 1024w, https:\/\/www.confederaciondelcobre.cl\/wp-content\/uploads\/2022\/12\/5c802dbd-f65d-4c41-ba3b-1ae7a8017905-300x200.jpeg 300w, https:\/\/www.confederaciondelcobre.cl\/wp-content\/uploads\/2022\/12\/5c802dbd-f65d-4c41-ba3b-1ae7a8017905-768x512.jpeg 768w, https:\/\/www.confederaciondelcobre.cl\/wp-content\/uploads\/2022\/12\/5c802dbd-f65d-4c41-ba3b-1ae7a8017905.jpeg 1280w\" sizes=\"auto, (max-width: 1024px) 100vw, 1024px\" \/><\/figure>\n\n\n\n<figure class=\"wp-block-image size-large\"><img loading=\"lazy\" decoding=\"async\" width=\"1024\" height=\"683\" data-id=\"3123\" src=\"https:\/\/www.confederaciondelcobre.cl\/wp-content\/uploads\/2022\/12\/8d5a094c-406d-4d86-8000-f4238aed2431-1024x683.jpeg\" alt=\"\" class=\"wp-image-3123\" srcset=\"https:\/\/www.confederaciondelcobre.cl\/wp-content\/uploads\/2022\/12\/8d5a094c-406d-4d86-8000-f4238aed2431-1024x683.jpeg 1024w, https:\/\/www.confederaciondelcobre.cl\/wp-content\/uploads\/2022\/12\/8d5a094c-406d-4d86-8000-f4238aed2431-300x200.jpeg 300w, https:\/\/www.confederaciondelcobre.cl\/wp-content\/uploads\/2022\/12\/8d5a094c-406d-4d86-8000-f4238aed2431-768x512.jpeg 768w, https:\/\/www.confederaciondelcobre.cl\/wp-content\/uploads\/2022\/12\/8d5a094c-406d-4d86-8000-f4238aed2431.jpeg 1280w\" sizes=\"auto, (max-width: 1024px) 100vw, 1024px\" \/><\/figure>\n\n\n\n<figure class=\"wp-block-image size-large\"><img loading=\"lazy\" decoding=\"async\" width=\"1024\" height=\"683\" data-id=\"3124\" src=\"https:\/\/www.confederaciondelcobre.cl\/wp-content\/uploads\/2022\/12\/37ec9cf6-704d-4a04-9278-cd9b59840f15-1024x683.jpeg\" alt=\"\" class=\"wp-image-3124\" srcset=\"https:\/\/www.confederaciondelcobre.cl\/wp-content\/uploads\/2022\/12\/37ec9cf6-704d-4a04-9278-cd9b59840f15-1024x683.jpeg 1024w, https:\/\/www.confederaciondelcobre.cl\/wp-content\/uploads\/2022\/12\/37ec9cf6-704d-4a04-9278-cd9b59840f15-300x200.jpeg 300w, https:\/\/www.confederaciondelcobre.cl\/wp-content\/uploads\/2022\/12\/37ec9cf6-704d-4a04-9278-cd9b59840f15-768x512.jpeg 768w, https:\/\/www.confederaciondelcobre.cl\/wp-content\/uploads\/2022\/12\/37ec9cf6-704d-4a04-9278-cd9b59840f15.jpeg 1280w\" sizes=\"auto, (max-width: 1024px) 100vw, 1024px\" \/><\/figure>\n\n\n\n<figure class=\"wp-block-image size-large\"><img loading=\"lazy\" decoding=\"async\" width=\"1024\" height=\"683\" data-id=\"3125\" src=\"https:\/\/www.confederaciondelcobre.cl\/wp-content\/uploads\/2022\/12\/99a75c49-a7ae-4daa-910f-98ffeb3d4ee6-1024x683.jpeg\" alt=\"\" class=\"wp-image-3125\" srcset=\"https:\/\/www.confederaciondelcobre.cl\/wp-content\/uploads\/2022\/12\/99a75c49-a7ae-4daa-910f-98ffeb3d4ee6-1024x683.jpeg 1024w, https:\/\/www.confederaciondelcobre.cl\/wp-content\/uploads\/2022\/12\/99a75c49-a7ae-4daa-910f-98ffeb3d4ee6-300x200.jpeg 300w, https:\/\/www.confederaciondelcobre.cl\/wp-content\/uploads\/2022\/12\/99a75c49-a7ae-4daa-910f-98ffeb3d4ee6-768x512.jpeg 768w, https:\/\/www.confederaciondelcobre.cl\/wp-content\/uploads\/2022\/12\/99a75c49-a7ae-4daa-910f-98ffeb3d4ee6.jpeg 1280w\" sizes=\"auto, (max-width: 1024px) 100vw, 1024px\" \/><\/figure>\n\n\n\n<figure class=\"wp-block-image size-large\"><img loading=\"lazy\" decoding=\"async\" width=\"1024\" height=\"683\" data-id=\"3127\" src=\"https:\/\/www.confederaciondelcobre.cl\/wp-content\/uploads\/2022\/12\/124c81a5-7c7c-44ad-90e2-346b5b495791-1024x683.jpeg\" alt=\"\" class=\"wp-image-3127\" srcset=\"https:\/\/www.confederaciondelcobre.cl\/wp-content\/uploads\/2022\/12\/124c81a5-7c7c-44ad-90e2-346b5b495791-1024x683.jpeg 1024w, https:\/\/www.confederaciondelcobre.cl\/wp-content\/uploads\/2022\/12\/124c81a5-7c7c-44ad-90e2-346b5b495791-300x200.jpeg 300w, https:\/\/www.confederaciondelcobre.cl\/wp-content\/uploads\/2022\/12\/124c81a5-7c7c-44ad-90e2-346b5b495791-768x512.jpeg 768w, https:\/\/www.confederaciondelcobre.cl\/wp-content\/uploads\/2022\/12\/124c81a5-7c7c-44ad-90e2-346b5b495791.jpeg 1280w\" sizes=\"auto, (max-width: 1024px) 100vw, 1024px\" \/><\/figure>\n\n\n\n<figure class=\"wp-block-image size-large\"><img loading=\"lazy\" decoding=\"async\" width=\"1024\" height=\"683\" data-id=\"3126\" src=\"https:\/\/www.confederaciondelcobre.cl\/wp-content\/uploads\/2022\/12\/ac231f6d-33cc-4c95-929f-1a3e05b22eb0-1024x683.jpeg\" alt=\"\" class=\"wp-image-3126\" srcset=\"https:\/\/www.confederaciondelcobre.cl\/wp-content\/uploads\/2022\/12\/ac231f6d-33cc-4c95-929f-1a3e05b22eb0-1024x683.jpeg 1024w, https:\/\/www.confederaciondelcobre.cl\/wp-content\/uploads\/2022\/12\/ac231f6d-33cc-4c95-929f-1a3e05b22eb0-300x200.jpeg 300w, https:\/\/www.confederaciondelcobre.cl\/wp-content\/uploads\/2022\/12\/ac231f6d-33cc-4c95-929f-1a3e05b22eb0-768x512.jpeg 768w, https:\/\/www.confederaciondelcobre.cl\/wp-content\/uploads\/2022\/12\/ac231f6d-33cc-4c95-929f-1a3e05b22eb0.jpeg 1280w\" sizes=\"auto, (max-width: 1024px) 100vw, 1024px\" \/><\/figure>\n\n\n\n<figure class=\"wp-block-image size-large\"><img loading=\"lazy\" decoding=\"async\" width=\"1024\" height=\"683\" data-id=\"3128\" src=\"https:\/\/www.confederaciondelcobre.cl\/wp-content\/uploads\/2022\/12\/b6bd1647-be89-4857-b542-3f776dd8108c-1024x683.jpeg\" alt=\"\" class=\"wp-image-3128\" srcset=\"https:\/\/www.confederaciondelcobre.cl\/wp-content\/uploads\/2022\/12\/b6bd1647-be89-4857-b542-3f776dd8108c-1024x683.jpeg 1024w, https:\/\/www.confederaciondelcobre.cl\/wp-content\/uploads\/2022\/12\/b6bd1647-be89-4857-b542-3f776dd8108c-300x200.jpeg 300w, https:\/\/www.confederaciondelcobre.cl\/wp-content\/uploads\/2022\/12\/b6bd1647-be89-4857-b542-3f776dd8108c-768x512.jpeg 768w, https:\/\/www.confederaciondelcobre.cl\/wp-content\/uploads\/2022\/12\/b6bd1647-be89-4857-b542-3f776dd8108c.jpeg 1280w\" sizes=\"auto, (max-width: 1024px) 100vw, 1024px\" \/><\/figure>\n\n\n\n<figure class=\"wp-block-image size-large\"><img loading=\"lazy\" decoding=\"async\" width=\"1024\" height=\"683\" data-id=\"3129\" src=\"https:\/\/www.confederaciondelcobre.cl\/wp-content\/uploads\/2022\/12\/cdfb56d6-4d0e-41b4-aa75-44efa319c93e-1024x683.jpeg\" alt=\"\" class=\"wp-image-3129\" srcset=\"https:\/\/www.confederaciondelcobre.cl\/wp-content\/uploads\/2022\/12\/cdfb56d6-4d0e-41b4-aa75-44efa319c93e-1024x683.jpeg 1024w, https:\/\/www.confederaciondelcobre.cl\/wp-content\/uploads\/2022\/12\/cdfb56d6-4d0e-41b4-aa75-44efa319c93e-300x200.jpeg 300w, https:\/\/www.confederaciondelcobre.cl\/wp-content\/uploads\/2022\/12\/cdfb56d6-4d0e-41b4-aa75-44efa319c93e-768x512.jpeg 768w, https:\/\/www.confederaciondelcobre.cl\/wp-content\/uploads\/2022\/12\/cdfb56d6-4d0e-41b4-aa75-44efa319c93e.jpeg 1280w\" sizes=\"auto, (max-width: 1024px) 100vw, 1024px\" \/><\/figure>\n\n\n\n<figure class=\"wp-block-image size-large\"><img loading=\"lazy\" decoding=\"async\" width=\"1024\" height=\"683\" data-id=\"3130\" src=\"https:\/\/www.confederaciondelcobre.cl\/wp-content\/uploads\/2022\/12\/e42eb1c5-c26b-4d14-8a27-309da870f01e-1024x683.jpeg\" alt=\"\" class=\"wp-image-3130\" srcset=\"https:\/\/www.confederaciondelcobre.cl\/wp-content\/uploads\/2022\/12\/e42eb1c5-c26b-4d14-8a27-309da870f01e-1024x683.jpeg 1024w, https:\/\/www.confederaciondelcobre.cl\/wp-content\/uploads\/2022\/12\/e42eb1c5-c26b-4d14-8a27-309da870f01e-300x200.jpeg 300w, https:\/\/www.confederaciondelcobre.cl\/wp-content\/uploads\/2022\/12\/e42eb1c5-c26b-4d14-8a27-309da870f01e-768x512.jpeg 768w, https:\/\/www.confederaciondelcobre.cl\/wp-content\/uploads\/2022\/12\/e42eb1c5-c26b-4d14-8a27-309da870f01e.jpeg 1280w\" sizes=\"auto, (max-width: 1024px) 100vw, 1024px\" \/><\/figure>\n\n\n\n<figure class=\"wp-block-image size-large\"><img loading=\"lazy\" decoding=\"async\" width=\"1024\" height=\"1024\" data-id=\"3133\" src=\"https:\/\/www.confederaciondelcobre.cl\/wp-content\/uploads\/2022\/12\/IQQ-1024x1024.jpg\" alt=\"\" class=\"wp-image-3133\" srcset=\"https:\/\/www.confederaciondelcobre.cl\/wp-content\/uploads\/2022\/12\/IQQ-1024x1024.jpg 1024w, https:\/\/www.confederaciondelcobre.cl\/wp-content\/uploads\/2022\/12\/IQQ-300x300.jpg 300w, https:\/\/www.confederaciondelcobre.cl\/wp-content\/uploads\/2022\/12\/IQQ-150x150.jpg 150w, https:\/\/www.confederaciondelcobre.cl\/wp-content\/uploads\/2022\/12\/IQQ-768x768.jpg 768w, https:\/\/www.confederaciondelcobre.cl\/wp-content\/uploads\/2022\/12\/IQQ.jpg 1080w\" sizes=\"auto, (max-width: 1024px) 100vw, 1024px\" \/><\/figure>\n<\/figure>\n","protected":false},"excerpt":{"rendered":"<p>El conversatorio, organizado por la Federaci\u00f3n Minera del Norte (Feminort), la Central Unitaria de Trabajadores (CUT) de Iquique y por la Confederaci\u00f3n de Trabajadores del Cobre (CTC), abord\u00f3 el dram\u00e1tico &hellip; <\/p>\n","protected":false},"author":2,"featured_media":3119,"comment_status":"closed","ping_status":"closed","sticky":false,"template":"","format":"standard","meta":{"jetpack_post_was_ever_published":false,"_jetpack_newsletter_access":"","_jetpack_dont_email_post_to_subs":false,"_jetpack_newsletter_tier_id":0,"_jetpack_memberships_contains_paywalled_content":false,"_jetpack_memberships_contains_paid_content":false,"footnotes":"","jetpack_publicize_message":"","jetpack_publicize_feature_enabled":true,"jetpack_social_post_already_shared":true,"jetpack_social_options":{"image_generator_settings":{"template":"highway","default_image_id":0,"enabled":false},"version":2}},"categories":[9],"tags":[],"class_list":["post-3115","post","type-post","status-publish","format-standard","has-post-thumbnail","hentry","category-confederacion"],"jetpack_publicize_connections":[],"jetpack_featured_media_url":"https:\/\/www.confederaciondelcobre.cl\/wp-content\/uploads\/2022\/12\/PortIqq.jpg","jetpack_sharing_enabled":true,"post_mailing_queue_ids":[],"_links":{"self":[{"href":"https:\/\/www.confederaciondelcobre.cl\/index.php\/wp-json\/wp\/v2\/posts\/3115","targetHints":{"allow":["GET"]}}],"collection":[{"href":"https:\/\/www.confederaciondelcobre.cl\/index.php\/wp-json\/wp\/v2\/posts"}],"about":[{"href":"https:\/\/www.confederaciondelcobre.cl\/index.php\/wp-json\/wp\/v2\/types\/post"}],"author":[{"embeddable":true,"href":"https:\/\/www.confederaciondelcobre.cl\/index.php\/wp-json\/wp\/v2\/users\/2"}],"replies":[{"embeddable":true,"href":"https:\/\/www.confederaciondelcobre.cl\/index.php\/wp-json\/wp\/v2\/comments?post=3115"}],"version-history":[{"count":4,"href":"https:\/\/www.confederaciondelcobre.cl\/index.php\/wp-json\/wp\/v2\/posts\/3115\/revisions"}],"predecessor-version":[{"id":3136,"href":"https:\/\/www.confederaciondelcobre.cl\/index.php\/wp-json\/wp\/v2\/posts\/3115\/revisions\/3136"}],"wp:featuredmedia":[{"embeddable":true,"href":"https:\/\/www.confederaciondelcobre.cl\/index.php\/wp-json\/wp\/v2\/media\/3119"}],"wp:attachment":[{"href":"https:\/\/www.confederaciondelcobre.cl\/index.php\/wp-json\/wp\/v2\/media?parent=3115"}],"wp:term":[{"taxonomy":"category","embeddable":true,"href":"https:\/\/www.confederaciondelcobre.cl\/index.php\/wp-json\/wp\/v2\/categories?post=3115"},{"taxonomy":"post_tag","embeddable":true,"href":"https:\/\/www.confederaciondelcobre.cl\/index.php\/wp-json\/wp\/v2\/tags?post=3115"}],"curies":[{"name":"wp","href":"https:\/\/api.w.org\/{rel}","templated":true}]}}