{"id":3156,"date":"2022-12-31T11:43:08","date_gmt":"2022-12-31T15:43:08","guid":{"rendered":"https:\/\/www.confederaciondelcobre.cl\/?p=3156"},"modified":"2022-12-31T11:43:11","modified_gmt":"2022-12-31T15:43:11","slug":"feliz-ano-nuevo-2023","status":"publish","type":"post","link":"https:\/\/www.confederaciondelcobre.cl\/index.php\/2022\/12\/31\/feliz-ano-nuevo-2023\/","title":{"rendered":"\u00a1Feliz A\u00f1o Nuevo 2023!"},"content":{"rendered":"\n<p>Que el encuentro con nuestros m\u00e1s cercanos nos permita renovar energ\u00edas, y que este nuevo a\u00f1o sea la continuaci\u00f3n del camino para construir una sociedad mejor.<\/p>\n\n\n\n<p>A las y los trabajadores subcontratados del cobre y de todo el pa\u00eds: \u00a1Feliz A\u00f1o Nuevo 2023!<\/p>\n\n\n<div class=\"wp-block-image\">\n<figure class=\"aligncenter size-large\"><img loading=\"lazy\" decoding=\"async\" width=\"1024\" height=\"1024\" src=\"https:\/\/www.confederaciondelcobre.cl\/wp-content\/uploads\/2022\/12\/An\u0303o-Nuevo-2023-1024x1024.png\" alt=\"\" class=\"wp-image-3157\" srcset=\"https:\/\/www.confederaciondelcobre.cl\/wp-content\/uploads\/2022\/12\/An\u0303o-Nuevo-2023-1024x1024.png 1024w, https:\/\/www.confederaciondelcobre.cl\/wp-content\/uploads\/2022\/12\/An\u0303o-Nuevo-2023-300x300.png 300w, https:\/\/www.confederaciondelcobre.cl\/wp-content\/uploads\/2022\/12\/An\u0303o-Nuevo-2023-150x150.png 150w, https:\/\/www.confederaciondelcobre.cl\/wp-content\/uploads\/2022\/12\/An\u0303o-Nuevo-2023-768x768.png 768w, https:\/\/www.confederaciondelcobre.cl\/wp-content\/uploads\/2022\/12\/An\u0303o-Nuevo-2023.png 1080w\" sizes=\"auto, (max-width: 1024px) 100vw, 1024px\" \/><\/figure><\/div>","protected":false},"excerpt":{"rendered":"<p>Que el encuentro con nuestros m\u00e1s cercanos nos permita renovar energ\u00edas, y que este nuevo a\u00f1o sea la continuaci\u00f3n del camino para construir una sociedad mejor. A las y los &hellip; <\/p>\n","protected":false},"author":2,"featured_media":3158,"comment_status":"closed","ping_status":"closed","sticky":false,"template":"","format":"standard","meta":{"jetpack_post_was_ever_published":false,"_jetpack_newsletter_access":"","_jetpack_dont_email_post_to_subs":false,"_jetpack_newsletter_tier_id":0,"_jetpack_memberships_contains_paywalled_content":false,"_jetpack_memberships_contains_paid_content":false,"footnotes":"","jetpack_publicize_message":"","jetpack_publicize_feature_enabled":false,"jetpack_social_post_already_shared":true,"jetpack_social_options":{"image_generator_settings":{"template":"highway","default_image_id":0,"enabled":false},"version":2}},"categories":[9,21,15,19],"tags":[],"class_list":["post-3156","post","type-post","status-publish","format-standard","has-post-thumbnail","hentry","category-confederacion","category-federaciones","category-nacional","category-trabajadores"],"jetpack_publicize_connections":[],"jetpack_featured_media_url":"https:\/\/www.confederaciondelcobre.cl\/wp-content\/uploads\/2022\/12\/PortAn\u0303oNuevo2023.jpg","jetpack_sharing_enabled":true,"post_mailing_queue_ids":[],"_links":{"self":[{"href":"https:\/\/www.confederaciondelcobre.cl\/index.php\/wp-json\/wp\/v2\/posts\/3156","targetHints":{"allow":["GET"]}}],"collection":[{"href":"https:\/\/www.confederaciondelcobre.cl\/index.php\/wp-json\/wp\/v2\/posts"}],"about":[{"href":"https:\/\/www.confederaciondelcobre.cl\/index.php\/wp-json\/wp\/v2\/types\/post"}],"author":[{"embeddable":true,"href":"https:\/\/www.confederaciondelcobre.cl\/index.php\/wp-json\/wp\/v2\/users\/2"}],"replies":[{"embeddable":true,"href":"https:\/\/www.confederaciondelcobre.cl\/index.php\/wp-json\/wp\/v2\/comments?post=3156"}],"version-history":[{"count":1,"href":"https:\/\/www.confederaciondelcobre.cl\/index.php\/wp-json\/wp\/v2\/posts\/3156\/revisions"}],"predecessor-version":[{"id":3159,"href":"https:\/\/www.confederaciondelcobre.cl\/index.php\/wp-json\/wp\/v2\/posts\/3156\/revisions\/3159"}],"wp:featuredmedia":[{"embeddable":true,"href":"https:\/\/www.confederaciondelcobre.cl\/index.php\/wp-json\/wp\/v2\/media\/3158"}],"wp:attachment":[{"href":"https:\/\/www.confederaciondelcobre.cl\/index.php\/wp-json\/wp\/v2\/media?parent=3156"}],"wp:term":[{"taxonomy":"category","embeddable":true,"href":"https:\/\/www.confederaciondelcobre.cl\/index.php\/wp-json\/wp\/v2\/categories?post=3156"},{"taxonomy":"post_tag","embeddable":true,"href":"https:\/\/www.confederaciondelcobre.cl\/index.php\/wp-json\/wp\/v2\/tags?post=3156"}],"curies":[{"name":"wp","href":"https:\/\/api.w.org\/{rel}","templated":true}]}}