{"id":3160,"date":"2023-01-03T17:47:49","date_gmt":"2023-01-03T21:47:49","guid":{"rendered":"https:\/\/www.confederaciondelcobre.cl\/?p=3160"},"modified":"2023-01-03T17:47:53","modified_gmt":"2023-01-03T21:47:53","slug":"sindicato-de-empresa-schwager-dmh-se-incorpora-a-federacion-de-la-ctc-en-calama","status":"publish","type":"post","link":"https:\/\/www.confederaciondelcobre.cl\/index.php\/2023\/01\/03\/sindicato-de-empresa-schwager-dmh-se-incorpora-a-federacion-de-la-ctc-en-calama\/","title":{"rendered":"Sindicato de Empresa Schwager (DMH) se incorpora a Federaci\u00f3n de la CTC en Calama."},"content":{"rendered":"\n<p>&#8220;Los trabajadores hab\u00edamos tomado la decisi\u00f3n hace tiempo, solo faltaba hacer la gesti\u00f3n de formalizaci\u00f3n&#8221; -Bernardo Toroco, Presidente del Sindicato de Empresa Schwager (DMH).<\/p>\n\n\n\n<hr class=\"wp-block-separator has-alpha-channel-opacity\"\/>\n\n\n\n<p>Hoy, martes 03 de enero de 2023, y en dependencias de la Inspecci\u00f3n del Trabajo de la Provincia de El Loa, el Sindicato de Empresa Schwager Divisi\u00f3n Ministro Hales, finalmente formaliz\u00f3 su incorporaci\u00f3n a la Federaci\u00f3n de Sindicatos de Trabajadores de la Miner\u00eda y Organizaciones afines de la 2\u00aa regi\u00f3n (FESITRAM), que es brazo org\u00e1nico de la Confederaci\u00f3n de Trabajadores del Cobre (CTC) en la regi\u00f3n de Antofagasta.<\/p>\n\n\n\n<p>El procedimiento, realizado en presencia del ministro de fe de la Inspecci\u00f3n del trabajo de la Provincia de El Loa, Sr. Patricio \u00c1lvarez, es la conclusi\u00f3n de una decisi\u00f3n adoptada por los socios del Sindicato hace ya alg\u00fan tiempo. As\u00ed lo afirm\u00f3 el Presidente del Sindicato, Bernardo Toroco, al se\u00f1alar que &#8220;los trabajadores hab\u00edamos tomado la decisi\u00f3n hace tiempo, solo faltaba hacer la gesti\u00f3n de formalizaci\u00f3n&#8221;, agregando que &#8220;para mi es importante pertenecer a esta federaci\u00f3n, pues con esta incorporaci\u00f3n fortaleceremos no solo a nuestro sindicato, sino tambi\u00e9n a la Federaci\u00f3n y a la propia CTC&#8221;.  <\/p>\n\n\n\n<p> Por su parte, Juan Galindo, Presidente de la FESITRAM y Director Nacional Encargado de Relaciones Internacionales de la CTC, reafirm\u00f3 que esta incorporaci\u00f3n es la concreci\u00f3n de una definici\u00f3n que el propio Sindicato Schwager hab\u00eda tomado tiempo atr\u00e1s. Sin ir m\u00e1s lejos, agrega Juan Galindo, &#8220;la aprobaci\u00f3n, entre los socios del sindicato, fue por una muy amplia mayor\u00eda&#8221;. Para finalizar, el Presidente de la FESITRAM se\u00f1al\u00f3 que esta nueva afiliaci\u00f3n, que se suma a otras anteriores,  es sin duda la demostraci\u00f3n de un trabajo serio, ya que &#8220;esta Confederaci\u00f3n [CTC] es la \u00fanica que ha avanzado con claridad y decisi\u00f3n en la b\u00fasqueda de mejores condiciones para todos los trabajadores. Muestra de ello \u2014recalca Galindo\u2014 es la mejora del Acuerdo Marco (con Codelco), un acuerdo que va en directo beneficio de las y los trabajadores contratistas y subcontratistas y tambi\u00e9n de sus familias&#8221;, puntualiz\u00f3.<\/p>\n\n\n\n<p>Desde la Presidencia de la CTC, Ana Lamas Aguirre envi\u00f3 un saludo y palabras de bienvenida al Sindicato de Empresa Schwager Divisi\u00f3n Ministro Hales, indicando que esto &#8220;reafirma que el trabajo de nuestra organizaci\u00f3n es reconocido y valorado positivamente por los trabajadores y trabajadoras, que nuestro trabajo no se trata de algo espor\u00e1dico sino que de un trabajo que se prolonga en el tiempo y que tiene objetivos y metas claras. As\u00ed lo han entendido y los hechos est\u00e1n a la vista&#8221;, recalcando adem\u00e1s que esta nueva incorporaci\u00f3n &#8220;demuestra que la unidad de los trabajadores y trabajadoras, en torno a la organizaci\u00f3n, es clave para seguir avanzando en la recuperaci\u00f3n y conquista de m\u00e1s derechos&#8221;. Para finalizar, la Presidenta de la CTC, hizo un llamado a las trabajadoras y trabajadores a seguir organiz\u00e1ndose, pues &#8220;en la unidad est\u00e1 la fuerza&#8221;, subray\u00f3, a la vez que salud\u00f3 y di\u00f3 la bienvenida &#8220;a los trabajadores del Sindicato Schwager de DMH que a partir de hoy son parte de nuestra Federaci\u00f3n en la regi\u00f3n de Antofagasta y de la propia Confederaci\u00f3n de Trabajadores del Cobre&#8221;.<\/p>\n\n\n<div class=\"wp-block-image\">\n<figure class=\"aligncenter size-large\"><img loading=\"lazy\" decoding=\"async\" width=\"1024\" height=\"576\" src=\"https:\/\/www.confederaciondelcobre.cl\/wp-content\/uploads\/2023\/01\/WhatsApp-Image-2023-01-03-at-14.06.38-1024x576.jpeg\" alt=\"\" class=\"wp-image-3162\" srcset=\"https:\/\/www.confederaciondelcobre.cl\/wp-content\/uploads\/2023\/01\/WhatsApp-Image-2023-01-03-at-14.06.38-1024x576.jpeg 1024w, https:\/\/www.confederaciondelcobre.cl\/wp-content\/uploads\/2023\/01\/WhatsApp-Image-2023-01-03-at-14.06.38-300x169.jpeg 300w, https:\/\/www.confederaciondelcobre.cl\/wp-content\/uploads\/2023\/01\/WhatsApp-Image-2023-01-03-at-14.06.38-768x432.jpeg 768w, https:\/\/www.confederaciondelcobre.cl\/wp-content\/uploads\/2023\/01\/WhatsApp-Image-2023-01-03-at-14.06.38-1536x864.jpeg 1536w, https:\/\/www.confederaciondelcobre.cl\/wp-content\/uploads\/2023\/01\/WhatsApp-Image-2023-01-03-at-14.06.38.jpeg 1600w\" sizes=\"auto, (max-width: 1024px) 100vw, 1024px\" \/><figcaption>En la foto, de izquierda a derecha: Juan Galindo, Pdte. Fesitram y Dir. Nac. CTC; Bernardo Toroco, Pdte. Sind. Schwager DMH; Patricio \u00c1lvarez, min. de fe Inspecci\u00f3n del trabajo El Loa.<\/figcaption><\/figure><\/div>","protected":false},"excerpt":{"rendered":"<p>&#8220;Los trabajadores hab\u00edamos tomado la decisi\u00f3n hace tiempo, solo faltaba hacer la gesti\u00f3n de formalizaci\u00f3n&#8221; -Bernardo Toroco, Presidente del Sindicato de Empresa Schwager (DMH). Hoy, martes 03 de enero de &hellip; <\/p>\n","protected":false},"author":2,"featured_media":3161,"comment_status":"closed","ping_status":"closed","sticky":false,"template":"","format":"standard","meta":{"jetpack_post_was_ever_published":false,"_jetpack_newsletter_access":"","_jetpack_dont_email_post_to_subs":false,"_jetpack_newsletter_tier_id":0,"_jetpack_memberships_contains_paywalled_content":false,"_jetpack_memberships_contains_paid_content":false,"footnotes":"","jetpack_publicize_message":"","jetpack_publicize_feature_enabled":true,"jetpack_social_post_already_shared":true,"jetpack_social_options":{"image_generator_settings":{"template":"highway","default_image_id":0,"enabled":false},"version":2}},"categories":[9,21,33,19],"tags":[],"class_list":["post-3160","post","type-post","status-publish","format-standard","has-post-thumbnail","hentry","category-confederacion","category-federaciones","category-fesitram","category-trabajadores"],"jetpack_publicize_connections":[],"jetpack_featured_media_url":"https:\/\/www.confederaciondelcobre.cl\/wp-content\/uploads\/2023\/01\/Port03.01.jpg","jetpack_sharing_enabled":true,"post_mailing_queue_ids":[],"_links":{"self":[{"href":"https:\/\/www.confederaciondelcobre.cl\/index.php\/wp-json\/wp\/v2\/posts\/3160","targetHints":{"allow":["GET"]}}],"collection":[{"href":"https:\/\/www.confederaciondelcobre.cl\/index.php\/wp-json\/wp\/v2\/posts"}],"about":[{"href":"https:\/\/www.confederaciondelcobre.cl\/index.php\/wp-json\/wp\/v2\/types\/post"}],"author":[{"embeddable":true,"href":"https:\/\/www.confederaciondelcobre.cl\/index.php\/wp-json\/wp\/v2\/users\/2"}],"replies":[{"embeddable":true,"href":"https:\/\/www.confederaciondelcobre.cl\/index.php\/wp-json\/wp\/v2\/comments?post=3160"}],"version-history":[{"count":5,"href":"https:\/\/www.confederaciondelcobre.cl\/index.php\/wp-json\/wp\/v2\/posts\/3160\/revisions"}],"predecessor-version":[{"id":3167,"href":"https:\/\/www.confederaciondelcobre.cl\/index.php\/wp-json\/wp\/v2\/posts\/3160\/revisions\/3167"}],"wp:featuredmedia":[{"embeddable":true,"href":"https:\/\/www.confederaciondelcobre.cl\/index.php\/wp-json\/wp\/v2\/media\/3161"}],"wp:attachment":[{"href":"https:\/\/www.confederaciondelcobre.cl\/index.php\/wp-json\/wp\/v2\/media?parent=3160"}],"wp:term":[{"taxonomy":"category","embeddable":true,"href":"https:\/\/www.confederaciondelcobre.cl\/index.php\/wp-json\/wp\/v2\/categories?post=3160"},{"taxonomy":"post_tag","embeddable":true,"href":"https:\/\/www.confederaciondelcobre.cl\/index.php\/wp-json\/wp\/v2\/tags?post=3160"}],"curies":[{"name":"wp","href":"https:\/\/api.w.org\/{rel}","templated":true}]}}