{"id":3169,"date":"2023-01-17T11:54:54","date_gmt":"2023-01-17T15:54:54","guid":{"rendered":"https:\/\/www.confederaciondelcobre.cl\/?p=3169"},"modified":"2023-01-17T11:54:58","modified_gmt":"2023-01-17T15:54:58","slug":"comunicadoctc-fallecimiento-por-accidente-de-trabajador-subcontratado-frank-olguin-mori","status":"publish","type":"post","link":"https:\/\/www.confederaciondelcobre.cl\/index.php\/2023\/01\/17\/comunicadoctc-fallecimiento-por-accidente-de-trabajador-subcontratado-frank-olguin-mori\/","title":{"rendered":"#ComunicadoCTC: fallecimiento por accidente de trabajador subcontratado, Frank Olgu\u00edn Mori."},"content":{"rendered":"\n<p class=\"has-text-align-center\"><strong>COMUNICADO<\/strong><\/p>\n\n\n\n<p class=\"has-text-align-center\"><strong>Fallecimiento por accidente de trabajador subcontratado.<\/strong><strong><\/strong><\/p>\n\n\n\n<p>Ante el lamentable fallecimiento de&nbsp;<strong>Frank Olgu\u00edn Mori, de 28 a\u00f1os,&nbsp;<\/strong>trabajador con el cargo de Mec\u00e1nico en la empresa contratista Schwager S.A. que presta servicios a Codelco en la Divisi\u00f3n El Teniente (VI regi\u00f3n, Chile),&nbsp;<strong>la Confederaci\u00f3n de Trabajadores del Cobre, organizaci\u00f3n que agrupa y organiza a las y los trabajadores subcontratados de la miner\u00eda, presenta sus m\u00e1s sentidas condolencias a la familia, amigas, amigos, compa\u00f1eras y compa\u00f1eros de labores de nuestro compa\u00f1ero subcontratado,<\/strong>&nbsp;<strong>Frank Olgu\u00edn Mori<\/strong>.<\/p>\n\n\n\n<p>El accidente, que produjo su lamentable fallecimiento, aconteci\u00f3 alrededor de las 15:00 horas de ayer lunes 16 de enero, y ocurri\u00f3 mientras&nbsp;<strong>Frank Olgu\u00edn Mori<\/strong>&nbsp;realizaba labores de mantenci\u00f3n en una de las correas transportadoras de la Planta de Chancado Primario de la Concentradora de Sewell, en la Divisi\u00f3n El Teniente.<\/p>\n\n\n\n<p><strong>Nuestra organizaci\u00f3n, junto con hacer un llamado a la empresa Schwager S.A., a la administraci\u00f3n de Codelco y a la Gerencia General de la Divisi\u00f3n El Teniente, a poner todos los antecedentes a disposici\u00f3n a fin de conocer con claridad los hechos y causas de este fatal accidente, nuevamente insiste en la necesidad de que cada labor y faena minera se realice en condiciones que aseguren el absoluto cuidado y respeto de la salud, seguridad y vida de las personas. De igual manera, llamamos al gobierno de Chile y organismos pertinentes a seguir avanzando en el proceso de ratificaci\u00f3n y posterior implementaci\u00f3n del Convenio 176 de la Organizaci\u00f3n Internacional del Trabajo (OIT), sobre Seguridad y Salud en las Minas<\/strong>, para avanzar decididamente en lo se\u00f1alado, y sobre lo cual seguiremos insistiendo: la realizaci\u00f3n de cada labor y faena minera debe desarrollarse en condiciones que aseguren el absoluto cuidado y respeto de la salud, seguridad y vida de las personas.<\/p>\n\n\n\n<p><strong>CONFEDERACI\u00d3N DE TRABAJADORES DEL COBRE<\/strong><\/p>\n\n\n\n<p class=\"has-text-align-right\">Chile, martes 17 de enero de 2023.<\/p>\n\n\n<div class=\"wp-block-image\">\n<figure class=\"aligncenter size-large\"><img loading=\"lazy\" decoding=\"async\" width=\"664\" height=\"1024\" src=\"https:\/\/www.confederaciondelcobre.cl\/wp-content\/uploads\/2023\/01\/ComFallecimientoFOM16.01.23-664x1024.jpg\" alt=\"\" class=\"wp-image-3170\" srcset=\"https:\/\/www.confederaciondelcobre.cl\/wp-content\/uploads\/2023\/01\/ComFallecimientoFOM16.01.23-664x1024.jpg 664w, https:\/\/www.confederaciondelcobre.cl\/wp-content\/uploads\/2023\/01\/ComFallecimientoFOM16.01.23-194x300.jpg 194w, https:\/\/www.confederaciondelcobre.cl\/wp-content\/uploads\/2023\/01\/ComFallecimientoFOM16.01.23.jpg 700w\" sizes=\"auto, (max-width: 664px) 100vw, 664px\" \/><\/figure><\/div>","protected":false},"excerpt":{"rendered":"<p>COMUNICADO Fallecimiento por accidente de trabajador subcontratado. Ante el lamentable fallecimiento de&nbsp;Frank Olgu\u00edn Mori, de 28 a\u00f1os,&nbsp;trabajador con el cargo de Mec\u00e1nico en la empresa contratista Schwager S.A. que presta &hellip; <\/p>\n","protected":false},"author":2,"featured_media":3171,"comment_status":"closed","ping_status":"closed","sticky":false,"template":"","format":"standard","meta":{"jetpack_post_was_ever_published":false,"_jetpack_newsletter_access":"","_jetpack_dont_email_post_to_subs":false,"_jetpack_newsletter_tier_id":0,"_jetpack_memberships_contains_paywalled_content":false,"_jetpack_memberships_contains_paid_content":false,"footnotes":"","jetpack_publicize_message":"","jetpack_publicize_feature_enabled":false,"jetpack_social_post_already_shared":true,"jetpack_social_options":{"image_generator_settings":{"template":"highway","default_image_id":0,"enabled":false},"version":2}},"categories":[8,9,19],"tags":[],"class_list":["post-3169","post","type-post","status-publish","format-standard","has-post-thumbnail","hentry","category-comunicado","category-confederacion","category-trabajadores"],"jetpack_publicize_connections":[],"jetpack_featured_media_url":"https:\/\/www.confederaciondelcobre.cl\/wp-content\/uploads\/2023\/01\/PortWebCTC17.01.jpg","jetpack_sharing_enabled":true,"post_mailing_queue_ids":[],"_links":{"self":[{"href":"https:\/\/www.confederaciondelcobre.cl\/index.php\/wp-json\/wp\/v2\/posts\/3169","targetHints":{"allow":["GET"]}}],"collection":[{"href":"https:\/\/www.confederaciondelcobre.cl\/index.php\/wp-json\/wp\/v2\/posts"}],"about":[{"href":"https:\/\/www.confederaciondelcobre.cl\/index.php\/wp-json\/wp\/v2\/types\/post"}],"author":[{"embeddable":true,"href":"https:\/\/www.confederaciondelcobre.cl\/index.php\/wp-json\/wp\/v2\/users\/2"}],"replies":[{"embeddable":true,"href":"https:\/\/www.confederaciondelcobre.cl\/index.php\/wp-json\/wp\/v2\/comments?post=3169"}],"version-history":[{"count":1,"href":"https:\/\/www.confederaciondelcobre.cl\/index.php\/wp-json\/wp\/v2\/posts\/3169\/revisions"}],"predecessor-version":[{"id":3172,"href":"https:\/\/www.confederaciondelcobre.cl\/index.php\/wp-json\/wp\/v2\/posts\/3169\/revisions\/3172"}],"wp:featuredmedia":[{"embeddable":true,"href":"https:\/\/www.confederaciondelcobre.cl\/index.php\/wp-json\/wp\/v2\/media\/3171"}],"wp:attachment":[{"href":"https:\/\/www.confederaciondelcobre.cl\/index.php\/wp-json\/wp\/v2\/media?parent=3169"}],"wp:term":[{"taxonomy":"category","embeddable":true,"href":"https:\/\/www.confederaciondelcobre.cl\/index.php\/wp-json\/wp\/v2\/categories?post=3169"},{"taxonomy":"post_tag","embeddable":true,"href":"https:\/\/www.confederaciondelcobre.cl\/index.php\/wp-json\/wp\/v2\/tags?post=3169"}],"curies":[{"name":"wp","href":"https:\/\/api.w.org\/{rel}","templated":true}]}}