{"id":3245,"date":"2023-03-02T15:41:32","date_gmt":"2023-03-02T19:41:32","guid":{"rendered":"https:\/\/www.confederaciondelcobre.cl\/?p=3245"},"modified":"2023-03-02T15:41:35","modified_gmt":"2023-03-02T19:41:35","slug":"dirigente-nacional-de-la-ctc-es-candidato-a-consejero-constitucional-por-la-region-de-antofagasta","status":"publish","type":"post","link":"https:\/\/www.confederaciondelcobre.cl\/index.php\/2023\/03\/02\/dirigente-nacional-de-la-ctc-es-candidato-a-consejero-constitucional-por-la-region-de-antofagasta\/","title":{"rendered":"Dirigente Nacional de la CTC es candidato a Consejero Constitucional por la regi\u00f3n de Antofagasta."},"content":{"rendered":"\n<p>Dirigente sindical de la CUT y la CTC, ex Concejal de la Municipalidad de Calama por dos per\u00edodos consecutivos y hoy candidato a Consejero Constitucional por el pacto Unidad Para Chile en la regi\u00f3n de Antofagasta. Conversamos con <strong>Jos\u00e9 Mardones Gallardo<\/strong>, quien adem\u00e1s es militante del Partido Comunista de Chile, y nos cont\u00f3 sobre este nuevo desaf\u00edo, un proceso que \u00e9l mismo describe como &#8220;muy trascendente para Chile y su futuro&#8221;.<\/p>\n\n\n\n<hr class=\"wp-block-separator has-alpha-channel-opacity\"\/>\n\n\n\n<p><strong>\u00bfDe que manera surge esta candidatura, y como describir\u00eda el momento pol\u00edtico en que se da este segundo proceso para escribir una nueva constituci\u00f3n para Chile?<\/strong><\/p>\n\n\n\n<p>Surge del debate, del an\u00e1lisis de un colectivo de trabajadoras y trabajadores, de dirigentes sindicales, en donde concluimos que nuestros temas, lo crucial para nosotros, como el trabajo decente, no estaba presente. Incluso el mismo compa\u00f1ero David Acu\u00f1a, presidente nacional de la CUT,  lo se\u00f1al\u00f3 al advertir que en los 12 ejes constituyentes no se habla del tema trabajo. Entonces, a pesar de sentirnos excluidos del nuevo proceso constituyente, auto excluirnos ser\u00eda empeorar el panorama. Por otro lado, el Partido Comunista, partido en el que milito, tuvo a bien acoger mi candidatura y aqu\u00ed estamos. As\u00ed que vamos a estar como pulga en la oreja con los problemas que afectan al conjunto de los y las trabajadoras del pa\u00eds.<\/p>\n\n\n\n<p>Sobre el momento pol\u00edtico, creo que es complejo. Existe desconfianza y tambi\u00e9n desconocimiento del proceso, por lo que es una enorme tarea convencer a la inmensa mayor\u00eda de chilenas y chilenos, que somos los trabajadores.\u00a0 Somos cuatro millones, seg\u00fan el Ministerio del Trabajo, y otros cuatro [millones] en trabajos informales. Eso el movimiento sindical, y no lo podemos hacer solos.<\/p>\n\n\n\n<p><strong>\u00bfCuales son los asuntos que m\u00e1s destacar\u00eda en la discusi\u00f3n constitucional?<\/strong><\/p>\n\n\n\n<p>El rayado principal de la cancha es que Chile sea\u00a0un Estado Social y Democr\u00e1tico de Derechos. Es decir terminar con el Estado Subsidiario de la actual constituci\u00f3n, que es fuente de desigualdades econ\u00f3micas y sociales. Ahora, para nosotros como trabajadores, es fundamental consagrar el Trabajo Decente como derecho constitucional y lo dem\u00e1s viene por a\u00f1adidura. Me explico: frente a una huelga general, como est\u00e1 pasando en Francia, Espa\u00f1a o Inglaterra, ning\u00fan gobierno o parlamento se va a negar a entregar pensiones dignas, acceso a una salud y educaci\u00f3n de calidad, derechos que adem\u00e1s son perfectamente posibles. Y es en ese sentido que tambi\u00e9n\u00a0estamos\u00a0por incorporar la Renacionalizaci\u00f3n de los Recursos Naturales como el cobre, el agua y el litio. Entonces, por supuesto que haremos nuestras las demandas del pueblo trabajador, y si no quedan escritas las soluciones, se deben instalar lo mecanismos constitucionales para habilitar leyes en favor de las grandes mayor\u00edas, por ejemplo respecto de la negociaci\u00f3n ramal o multinivel y el derecho a huelga efectiva.<\/p>\n\n\n<div class=\"wp-block-image\">\n<figure class=\"aligncenter size-full\"><img loading=\"lazy\" decoding=\"async\" width=\"800\" height=\"800\" src=\"https:\/\/www.confederaciondelcobre.cl\/wp-content\/uploads\/2023\/03\/JM.jpg\" alt=\"\" class=\"wp-image-3258\" srcset=\"https:\/\/www.confederaciondelcobre.cl\/wp-content\/uploads\/2023\/03\/JM.jpg 800w, https:\/\/www.confederaciondelcobre.cl\/wp-content\/uploads\/2023\/03\/JM-300x300.jpg 300w, https:\/\/www.confederaciondelcobre.cl\/wp-content\/uploads\/2023\/03\/JM-150x150.jpg 150w, https:\/\/www.confederaciondelcobre.cl\/wp-content\/uploads\/2023\/03\/JM-768x768.jpg 768w\" sizes=\"auto, (max-width: 800px) 100vw, 800px\" \/><\/figure><\/div>\n\n\n<p><strong>Usted es dirigente sindical, de la CUT y de la CTC, pero tambi\u00e9n ha sido concejal de la ciudad de Calama por dos per\u00edodos consecutivos. En ese sentido, \u00bfc\u00f3mo se plantea usted esta candidatura, y cuales son sus \u00e9nfasis?<\/strong><\/p>\n\n\n\n<p>Como trabajadoras y trabajadores de la Regi\u00f3n de Antofagasta nos agobia el centralismo, que todo se resuelva en Santiago.\u00a0 No vamos a tener democracia sin una verdadera regionalizaci\u00f3n y descentralizaci\u00f3n. No es sostenible, por ejemplo, que los recursos, el equipamiento y personal para prevenir y combatir el delito, la delincuencia organizada o el narcotr\u00e1fico, que son flagelos que afectan directamente al pueblo trabajador y sus familias, se intente resolver dese Santiago.\u00a0 Y esto ocurre en todos los \u00e1mbitos, poner en una poblaci\u00f3n de Antofagasta, de Tocopilla o Calama, un nuevo ret\u00e9n, una nuevo Consultorio o m\u00e1s ambulancias, depende de Santiago.\u00a0 Somos la Regi\u00f3n que m\u00e1s aportamos al Producto Interno Bruto, y es la que proporcionalmente menos recibimos.<\/p>\n\n\n\n<p><strong>El estallido, o revuelta social de octubre de 2019, puso en evidencia las profundas desigualdades e injusticias que a\u00fan aquejan a la poblaci\u00f3n en general. Una de sus dimensiones son las relaciones laborales, el mundo del trabajo: \u00bfcuales son los asuntos m\u00e1s sentidos que como trabajadoras y trabajadores, junto a sus organizaciones sindicales, esperan sean discutidos en este nuevo proceso?<\/strong><\/p>\n\n\n\n<p>Cuando nos referimos al mundo del trabajo, hay que entenderlo de manera integral: el trabajador o trabajadora est\u00e1 mal pagada, en general no tiene acceso a derechos fundamentales como la salud, vivienda y educaci\u00f3n dignas o de calidad. Ahora yo no s\u00e9 de d\u00f3nde sali\u00f3 la teor\u00eda de que los trabajadores y trabajadoras venimos de Marte, porque esa misma persona, en su lugar de residencia, es el poblador o pobladora y es v\u00edctima de asaltos, de violencia contra las mujeres, es objeto de discriminaciones y sufre el constante aumento de precios\u00a0de los productos de primera necesidad. Esa misma persona, que, insisto, es trabajador o trabajadora, sufre con las colusiones que se generaron\u00a0de empresas\u00a0que ya todos saben, colusiones\u00a0que como castigo\u00a0tuvieron\u00a0clases de \u00e9tica, y que lamentablemente, a esos ladrones de cuello y corbata,\u00a0la actual constituci\u00f3n\u00a0protegi\u00f3. Por otro lado, es tambi\u00e9n el trabajador y la trabajadora quien lidia con los atentados al medio ambiente, con la falta de agua potable, con la falta de vivienda. Es la trabajadora la que lidia constantemente con la desigualdad de sueldo entre hombres y mujeres, en fin, el mundo del trabajo es tan amplio como los problemas que aquejan a toda la poblaci\u00f3n. <\/p>\n\n\n\n<p>Un dato no menor sobre la situaci\u00f3n laboral es que los pa\u00edses avanzados tienen negociaciones ramales, y que de esa forma lograron tener indicadores de mejor distribuci\u00f3n de la riqueza.\u00a0sin ir m\u00e1s lejos, en el proceso anterior [de discusi\u00f3n constitucional] los cinco o seis art\u00edculos referidos a los derechos colectivos de las y los trabajadores, como lo son la sindicalizaci\u00f3n, la negociaci\u00f3n colectiva y el real derecho a huelga, fueron aprobados por casi la unanimidad de los convencionales constituyentes, tanto de izquierda como de centro y de derecha. Esperamos, entonces, que en este nuevo proceso, el consenso frente a este tema sea igual o superior.<\/p>\n\n\n\n<p><strong>Sobre su candidatura, \u00bfque busca con ella y cual es el sello a imprimir en esta campa\u00f1a?<\/strong><\/p>\n\n\n\n<p>Quienes nos conocen saben que hablamos con la verdad, con sinceridad y actuamos en consecuencia, aunque a muchos les moleste.\u00a0No hay dirigentes sindicales en el Comit\u00e9 de Expertos, y sobran dedos de una mano para contar cuantos dirigentes sindicales van de candidatos a Consejeros\u00a0Constitucionales. Pues bien, la cosa podr\u00eda ser peor. El voto ser\u00e1 obligatorio y no cabe duda de que la mayor\u00eda de las y los trabajadores van a ir por obligaci\u00f3n a votar el 07 de mayo, para evitar pagar la multa y, con toda la rabia e indignaci\u00f3n que hay, incluso habr\u00e1 quienes van votar nulo o en blanco.  Se\u00f1alamos entonces que restarse de este proceso solo va a llevar agua al molino de quienes est\u00e1n en contra de los cambios, en contra de las transformaciones y de los derechos sociales. Por eso nuestro llamado es a estar atentos, a informarse sobre las distintas propuestas, en especial de las propuestas de Unidad para Chile. Este proceso, que es muy trascendente para chile y su futuro, tiene que ser lo m\u00e1s democr\u00e1tico posible, y eso se va a dar en la medida de que haya m\u00e1s participaci\u00f3n ciudadana. Democratizar a\u00fan m\u00e1s nuestro pa\u00eds, sin lugar a dudas, pasa porque en la pr\u00f3xima y nueva constituci\u00f3n est\u00e9n expresados los anhelos de millones de mujeres, hombres, j\u00f3venes, ni\u00f1os, ni\u00f1as, adolescentes y adultos mayores, pero por sobre todo de trabajadoras, trabajadores y sus familias. A eso aspiramos, y en eso vamos a poner todo nuestro empe\u00f1o.<\/p>\n\n\n\n<hr class=\"wp-block-separator has-alpha-channel-opacity\"\/>\n\n\n\n<ul class=\"has-small-font-size wp-block-list\"><li><strong>Nota:<\/strong> las fotograf\u00edas que ilustran esta publicaci\u00f3n fueron tomadas desde las redes sociales de Jos\u00e9 Mardones Gallardo.<\/li><\/ul>\n","protected":false},"excerpt":{"rendered":"<p>Dirigente sindical de la CUT y la CTC, ex Concejal de la Municipalidad de Calama por dos per\u00edodos consecutivos y hoy candidato a Consejero Constitucional por el pacto Unidad Para &hellip; <\/p>\n","protected":false},"author":2,"featured_media":3256,"comment_status":"closed","ping_status":"closed","sticky":false,"template":"","format":"standard","meta":{"jetpack_post_was_ever_published":false,"_jetpack_newsletter_access":"","_jetpack_dont_email_post_to_subs":false,"_jetpack_newsletter_tier_id":0,"_jetpack_memberships_contains_paywalled_content":false,"_jetpack_memberships_contains_paid_content":false,"footnotes":"","jetpack_publicize_message":"","jetpack_publicize_feature_enabled":false,"jetpack_social_post_already_shared":true,"jetpack_social_options":{"image_generator_settings":{"template":"highway","default_image_id":0,"enabled":false},"version":2}},"categories":[9,15,20,17,19],"tags":[],"class_list":["post-3245","post","type-post","status-publish","format-standard","has-post-thumbnail","hentry","category-confederacion","category-nacional","category-negociacion-colectiva","category-regiones","category-trabajadores"],"jetpack_publicize_connections":[],"jetpack_featured_media_url":"https:\/\/www.confederaciondelcobre.cl\/wp-content\/uploads\/2023\/03\/PortWebCTCEntJM.jpg","jetpack_sharing_enabled":true,"post_mailing_queue_ids":[],"_links":{"self":[{"href":"https:\/\/www.confederaciondelcobre.cl\/index.php\/wp-json\/wp\/v2\/posts\/3245","targetHints":{"allow":["GET"]}}],"collection":[{"href":"https:\/\/www.confederaciondelcobre.cl\/index.php\/wp-json\/wp\/v2\/posts"}],"about":[{"href":"https:\/\/www.confederaciondelcobre.cl\/index.php\/wp-json\/wp\/v2\/types\/post"}],"author":[{"embeddable":true,"href":"https:\/\/www.confederaciondelcobre.cl\/index.php\/wp-json\/wp\/v2\/users\/2"}],"replies":[{"embeddable":true,"href":"https:\/\/www.confederaciondelcobre.cl\/index.php\/wp-json\/wp\/v2\/comments?post=3245"}],"version-history":[{"count":13,"href":"https:\/\/www.confederaciondelcobre.cl\/index.php\/wp-json\/wp\/v2\/posts\/3245\/revisions"}],"predecessor-version":[{"id":3260,"href":"https:\/\/www.confederaciondelcobre.cl\/index.php\/wp-json\/wp\/v2\/posts\/3245\/revisions\/3260"}],"wp:featuredmedia":[{"embeddable":true,"href":"https:\/\/www.confederaciondelcobre.cl\/index.php\/wp-json\/wp\/v2\/media\/3256"}],"wp:attachment":[{"href":"https:\/\/www.confederaciondelcobre.cl\/index.php\/wp-json\/wp\/v2\/media?parent=3245"}],"wp:term":[{"taxonomy":"category","embeddable":true,"href":"https:\/\/www.confederaciondelcobre.cl\/index.php\/wp-json\/wp\/v2\/categories?post=3245"},{"taxonomy":"post_tag","embeddable":true,"href":"https:\/\/www.confederaciondelcobre.cl\/index.php\/wp-json\/wp\/v2\/tags?post=3245"}],"curies":[{"name":"wp","href":"https:\/\/api.w.org\/{rel}","templated":true}]}}