{"id":3262,"date":"2023-03-08T12:41:43","date_gmt":"2023-03-08T16:41:43","guid":{"rendered":"https:\/\/www.confederaciondelcobre.cl\/?p=3262"},"modified":"2023-03-08T12:41:46","modified_gmt":"2023-03-08T16:41:46","slug":"08-de-marzo-dia-internacional-de-la-mujer","status":"publish","type":"post","link":"https:\/\/www.confederaciondelcobre.cl\/index.php\/2023\/03\/08\/08-de-marzo-dia-internacional-de-la-mujer\/","title":{"rendered":"08 de marzo: D\u00eda Internacional de la Mujer."},"content":{"rendered":"\n<p>Hoy conmemoramos el d\u00eda Internacional de la mujer trabajadora, el que surge en el contexto de grandes movilizaciones de mujeres ocurridas en el mundo a finales del siglo XIX y principios del siglo XX. Entre sus demandas estaban el reconocimiento de derechos, como la mejora de sus condiciones de vida y trabajo.<\/p>\n\n\n\n<p>En el D\u00eda Internacional de la Mujer el mundo recuerda la muerte de 146 trabajadoras, la mayor\u00eda de ellas j\u00f3venes inmigrantes, en un incendio en la f\u00e1brica de camisas en la ciudad de Nueva York el 25 de marzo de 1911.<\/p>\n\n\n\n<p>La Confederaci\u00f3n de Trabajadores del Cobre, organizaci\u00f3n nacional de trabajadoras y trabajadores contratistas y subcontratistas de la miner\u00eda de Chile, saluda con admiraci\u00f3n y respeto a las mujeres que, organizadas, unidas y movilizadas por sus derechos, luchan d\u00eda a d\u00eda por su definitiva emancipaci\u00f3n de la cultura e institucionalidad machista que hist\u00f3ricamente las ha discriminado y marginado.<\/p>\n\n\n\n<p>Porque los derechos de la mujer trabajadora son demandas de la clase trabajadora en su conjunto, y porque s\u00f3lo con unidad, conciencia, organizaci\u00f3n y lucha construiremos, por fin, una sociedad donde la humanidad sea libre, justa y solidaria, \u00a1Arriba las que luchan y no se rinden jam\u00e1s!<\/p>\n\n\n<div class=\"wp-block-image\">\n<figure class=\"aligncenter size-large\"><img loading=\"lazy\" decoding=\"async\" width=\"1024\" height=\"1024\" src=\"https:\/\/www.confederaciondelcobre.cl\/wp-content\/uploads\/2023\/03\/MemoriaCTC_Dia-de-la-Mujer-08.03.23-1024x1024.png\" alt=\"\" class=\"wp-image-3263\" srcset=\"https:\/\/www.confederaciondelcobre.cl\/wp-content\/uploads\/2023\/03\/MemoriaCTC_Dia-de-la-Mujer-08.03.23-1024x1024.png 1024w, https:\/\/www.confederaciondelcobre.cl\/wp-content\/uploads\/2023\/03\/MemoriaCTC_Dia-de-la-Mujer-08.03.23-300x300.png 300w, https:\/\/www.confederaciondelcobre.cl\/wp-content\/uploads\/2023\/03\/MemoriaCTC_Dia-de-la-Mujer-08.03.23-150x150.png 150w, https:\/\/www.confederaciondelcobre.cl\/wp-content\/uploads\/2023\/03\/MemoriaCTC_Dia-de-la-Mujer-08.03.23-768x768.png 768w, https:\/\/www.confederaciondelcobre.cl\/wp-content\/uploads\/2023\/03\/MemoriaCTC_Dia-de-la-Mujer-08.03.23.png 1080w\" sizes=\"auto, (max-width: 1024px) 100vw, 1024px\" \/><\/figure><\/div>","protected":false},"excerpt":{"rendered":"<p>Hoy conmemoramos el d\u00eda Internacional de la mujer trabajadora, el que surge en el contexto de grandes movilizaciones de mujeres ocurridas en el mundo a finales del siglo XIX y &hellip; <\/p>\n","protected":false},"author":2,"featured_media":3264,"comment_status":"closed","ping_status":"closed","sticky":false,"template":"","format":"standard","meta":{"jetpack_post_was_ever_published":false,"_jetpack_newsletter_access":"","_jetpack_dont_email_post_to_subs":false,"_jetpack_newsletter_tier_id":0,"_jetpack_memberships_contains_paywalled_content":false,"_jetpack_memberships_contains_paid_content":false,"footnotes":"","jetpack_publicize_message":"","jetpack_publicize_feature_enabled":false,"jetpack_social_post_already_shared":true,"jetpack_social_options":{"image_generator_settings":{"template":"highway","default_image_id":0,"enabled":false},"version":2}},"categories":[9,13,14,15,19],"tags":[],"class_list":["post-3262","post","type-post","status-publish","format-standard","has-post-thumbnail","hentry","category-confederacion","category-internacional","category-movimientos-sociales","category-nacional","category-trabajadores"],"jetpack_publicize_connections":[],"jetpack_featured_media_url":"https:\/\/www.confederaciondelcobre.cl\/wp-content\/uploads\/2023\/03\/8m.jpg","jetpack_sharing_enabled":true,"post_mailing_queue_ids":[],"_links":{"self":[{"href":"https:\/\/www.confederaciondelcobre.cl\/index.php\/wp-json\/wp\/v2\/posts\/3262","targetHints":{"allow":["GET"]}}],"collection":[{"href":"https:\/\/www.confederaciondelcobre.cl\/index.php\/wp-json\/wp\/v2\/posts"}],"about":[{"href":"https:\/\/www.confederaciondelcobre.cl\/index.php\/wp-json\/wp\/v2\/types\/post"}],"author":[{"embeddable":true,"href":"https:\/\/www.confederaciondelcobre.cl\/index.php\/wp-json\/wp\/v2\/users\/2"}],"replies":[{"embeddable":true,"href":"https:\/\/www.confederaciondelcobre.cl\/index.php\/wp-json\/wp\/v2\/comments?post=3262"}],"version-history":[{"count":2,"href":"https:\/\/www.confederaciondelcobre.cl\/index.php\/wp-json\/wp\/v2\/posts\/3262\/revisions"}],"predecessor-version":[{"id":3266,"href":"https:\/\/www.confederaciondelcobre.cl\/index.php\/wp-json\/wp\/v2\/posts\/3262\/revisions\/3266"}],"wp:featuredmedia":[{"embeddable":true,"href":"https:\/\/www.confederaciondelcobre.cl\/index.php\/wp-json\/wp\/v2\/media\/3264"}],"wp:attachment":[{"href":"https:\/\/www.confederaciondelcobre.cl\/index.php\/wp-json\/wp\/v2\/media?parent=3262"}],"wp:term":[{"taxonomy":"category","embeddable":true,"href":"https:\/\/www.confederaciondelcobre.cl\/index.php\/wp-json\/wp\/v2\/categories?post=3262"},{"taxonomy":"post_tag","embeddable":true,"href":"https:\/\/www.confederaciondelcobre.cl\/index.php\/wp-json\/wp\/v2\/tags?post=3262"}],"curies":[{"name":"wp","href":"https:\/\/api.w.org\/{rel}","templated":true}]}}