{"id":3267,"date":"2023-03-10T18:53:29","date_gmt":"2023-03-10T22:53:29","guid":{"rendered":"https:\/\/www.confederaciondelcobre.cl\/?p=3267"},"modified":"2023-03-10T18:53:32","modified_gmt":"2023-03-10T22:53:32","slug":"primer-encuentro-ctmin-del-ano-se-desarrollo-en-la-quinta-region","status":"publish","type":"post","link":"https:\/\/www.confederaciondelcobre.cl\/index.php\/2023\/03\/10\/primer-encuentro-ctmin-del-ano-se-desarrollo-en-la-quinta-region\/","title":{"rendered":"Primer encuentro CTMIN del a\u00f1o se desarroll\u00f3 en la quinta regi\u00f3n."},"content":{"rendered":"\n<p>La instancia, que cont\u00f3 con la participaci\u00f3n de sobre cien dirigentas y dirigentes de las siete organizaciones sindicales de nivel superior de la miner\u00eda nacional que se agrupan en la Coordinadora de Trabajadores de la Miner\u00eda (CTMIN), defini\u00f3 agenda y cursos de acci\u00f3n para este 2023.<\/p>\n\n\n\n<hr class=\"wp-block-separator has-alpha-channel-opacity\"\/>\n\n\n\n<p>Los d\u00edas jueves 09 y viernes 10 de marzo del presente se desarroll\u00f3 el primer encuentro 2023 de la Coordinadora de Trabajadores de la Miner\u00eda, instancia de organizaciones sindicales de nivel superior que agrupa a la Confederaci\u00f3n de Trabajadores del Cobre (CTC), a la Federaci\u00f3n de Sindicatos de Supervisores Rol A y Profesionales de Codelco Chile (FESUC), a la Federaci\u00f3n de Supervisores de la Miner\u00eda Privada (FESUMIN), a la Federaci\u00f3n Minera de Chile (FMC), a la Confederaci\u00f3n Minera de Chile (CONFEMIN), a la Federaci\u00f3n de Sindicatos Antofagasta Minerals (FESAM) y a la Federaci\u00f3n de Trabajadores del Cobre (FTC). Ambas jornadas, que se llevaron a cabo en la ciudad de Quiplu\u00e9 (V regi\u00f3n), tuvieron el objetivo definir una agenda y cursos de acci\u00f3n para este a\u00f1o, donde asuntos como la Mesa Tripartita del Consejo Superior Laboral de la Miner\u00eda, la ratificaci\u00f3n e implementaci\u00f3n del Convenio 176 de la OIT, la reducci\u00f3n de la jornada laboral a 40 horas y el reglamento de jornadas excepcionales, la diversidad de g\u00e9nero y la inclusi\u00f3n, los impactos laborales de la transformaci\u00f3n tecnol\u00f3gica y la negociaci\u00f3n colectiva ramal o multinivel fueron ejes transversales.<\/p>\n\n\n<div class=\"wp-block-image\">\n<figure class=\"aligncenter size-large\"><img loading=\"lazy\" decoding=\"async\" width=\"1024\" height=\"576\" src=\"https:\/\/www.confederaciondelcobre.cl\/wp-content\/uploads\/2023\/03\/9c937e7b-5439-4636-b7d6-5626ed71fcee-1024x576.jpeg\" alt=\"\" class=\"wp-image-3272\" srcset=\"https:\/\/www.confederaciondelcobre.cl\/wp-content\/uploads\/2023\/03\/9c937e7b-5439-4636-b7d6-5626ed71fcee-1024x576.jpeg 1024w, https:\/\/www.confederaciondelcobre.cl\/wp-content\/uploads\/2023\/03\/9c937e7b-5439-4636-b7d6-5626ed71fcee-300x169.jpeg 300w, https:\/\/www.confederaciondelcobre.cl\/wp-content\/uploads\/2023\/03\/9c937e7b-5439-4636-b7d6-5626ed71fcee-768x432.jpeg 768w, https:\/\/www.confederaciondelcobre.cl\/wp-content\/uploads\/2023\/03\/9c937e7b-5439-4636-b7d6-5626ed71fcee-1536x864.jpeg 1536w, https:\/\/www.confederaciondelcobre.cl\/wp-content\/uploads\/2023\/03\/9c937e7b-5439-4636-b7d6-5626ed71fcee.jpeg 1600w\" sizes=\"auto, (max-width: 1024px) 100vw, 1024px\" \/><figcaption>En la foto, de izquierda a derecha: Francisco Cabezas, Vicepresidente de la CTC; Corina Alfaro, Directora Nacional Encargada de G\u00e9nero e Inclusi\u00f3n de la CTC; Luis Marchant, Director Nacional Encargado de comunicaciones de la CTC; Stephanie Gonz\u00e1lez, Secretaria General de la CTC; Patricio Roco, Director Nacional Encargado de Organizaci\u00f3n de la CTC; Ana Lamas, Presidenta de la CTC; Jedry Velis, Tesorero de la CTC; Luis P\u00e1ez, Director Nacional de la CTC; Jos\u00e9 Mardones, Director Nacional Encargado Jur\u00eddico de la CTC; Claudio Escobar, Director Nacional de la CTC.<\/figcaption><\/figure><\/div>\n\n\n<p>En dichas jornadas se desarrollaron din\u00e1micas de trabajo, en donde representantes de cada organizaci\u00f3n evaluaron y plantearon diversos temas que les son relevantes en lo particular, pero que adem\u00e1s tienen relaci\u00f3n o tocan al conjunto de las dem\u00e1s organizaciones. Por parte de la CTC, por ejemplo, la necesidad de avanzar hacia la eliminaci\u00f3n de brechas y discriminaci\u00f3n que se da en raz\u00f3n de la situaci\u00f3n contractual de las y los trabajadores (contratista, subcontratista &#8211; de planta), tambi\u00e9n la necesidad, y a prop\u00f3sito del nuevo proceso constitucional, de insistir en la renacionalizaci\u00f3n del cobre y de los recursos naturales estrat\u00e9gicos, que implica, necesariamente, avanzar hacia una nueva pol\u00edtica de explotaci\u00f3n minera que ponga por delante el cuidado de la salud y seguridad de las personas, el cuidado y respeto del medioambiente y comunidades, y que deje de ser meramente exportadora de materias primas pasando a incorporar valor agregado a los recursos que se exploten. En la misma l\u00ednea, y no menos importante, fue el categ\u00f3rico rechazo a lo manifestado por el subsecretario de miner\u00eda, Willy Kracht, en relaci\u00f3n al eventual inicio de nuevos proyectos de explotaci\u00f3n del litio mediante el mecanismo de licitaci\u00f3n. Ante aquello, recalc\u00f3 la CTC, se torna urgente la necesidad de crear la Empresa Nacional del Litio, que, por cierto, debe estar en manos del Estado.<\/p>\n\n\n<div class=\"wp-block-image\">\n<figure class=\"aligncenter size-large\"><img loading=\"lazy\" decoding=\"async\" width=\"1024\" height=\"576\" src=\"https:\/\/www.confederaciondelcobre.cl\/wp-content\/uploads\/2023\/03\/WhatsApp-Image-2023-03-09-at-13.06.10-1024x576.jpeg\" alt=\"\" class=\"wp-image-3286\" srcset=\"https:\/\/www.confederaciondelcobre.cl\/wp-content\/uploads\/2023\/03\/WhatsApp-Image-2023-03-09-at-13.06.10-1024x576.jpeg 1024w, https:\/\/www.confederaciondelcobre.cl\/wp-content\/uploads\/2023\/03\/WhatsApp-Image-2023-03-09-at-13.06.10-300x169.jpeg 300w, https:\/\/www.confederaciondelcobre.cl\/wp-content\/uploads\/2023\/03\/WhatsApp-Image-2023-03-09-at-13.06.10-768x432.jpeg 768w, https:\/\/www.confederaciondelcobre.cl\/wp-content\/uploads\/2023\/03\/WhatsApp-Image-2023-03-09-at-13.06.10-1536x864.jpeg 1536w, https:\/\/www.confederaciondelcobre.cl\/wp-content\/uploads\/2023\/03\/WhatsApp-Image-2023-03-09-at-13.06.10.jpeg 1600w\" sizes=\"auto, (max-width: 1024px) 100vw, 1024px\" \/><\/figure><\/div>\n\n\n<p>Por otro lado, y en relaci\u00f3n a la contingencia nacional, el rechazo a la idea de legislar la reforma tributaria en la c\u00e1mara de diputadas y diputados fue evaluado como algo muy negativo para el pa\u00eds, pues impide avanzar en el mejoramiento de la distribuci\u00f3n de las riquezas y en la soluci\u00f3n de problemas sociales, en especial en materia previsional, educacional y de salud, asuntos que son especialmente cr\u00edticos para los sectores m\u00e1s postergados y necesitados.<\/p>\n\n\n\n<p>Como confederaci\u00f3n de Trabajadores del Cobre saludamos y valoramos este primer encuentro del a\u00f1o, un encuentro que ratifica y afianza no solo a la CTMIN como instancia superior de coordinaci\u00f3n, sino que es clara muestra de que la uni\u00f3n en torno a objetivos e intereses de la clase trabajadora en su conjunto es el camino a seguir.<\/p>\n\n\n\n<figure class=\"wp-block-gallery has-nested-images columns-default is-cropped wp-block-gallery-1 is-layout-flex wp-block-gallery-is-layout-flex\">\n<figure class=\"wp-block-image size-large\"><img loading=\"lazy\" decoding=\"async\" width=\"1024\" height=\"576\" data-id=\"3278\" src=\"https:\/\/www.confederaciondelcobre.cl\/wp-content\/uploads\/2023\/03\/WhatsApp-Image-2023-03-09-at-13.23.04-3-1024x576.jpeg\" alt=\"\" class=\"wp-image-3278\" srcset=\"https:\/\/www.confederaciondelcobre.cl\/wp-content\/uploads\/2023\/03\/WhatsApp-Image-2023-03-09-at-13.23.04-3-1024x576.jpeg 1024w, https:\/\/www.confederaciondelcobre.cl\/wp-content\/uploads\/2023\/03\/WhatsApp-Image-2023-03-09-at-13.23.04-3-300x169.jpeg 300w, https:\/\/www.confederaciondelcobre.cl\/wp-content\/uploads\/2023\/03\/WhatsApp-Image-2023-03-09-at-13.23.04-3-768x432.jpeg 768w, https:\/\/www.confederaciondelcobre.cl\/wp-content\/uploads\/2023\/03\/WhatsApp-Image-2023-03-09-at-13.23.04-3-1536x864.jpeg 1536w, https:\/\/www.confederaciondelcobre.cl\/wp-content\/uploads\/2023\/03\/WhatsApp-Image-2023-03-09-at-13.23.04-3.jpeg 1600w\" sizes=\"auto, (max-width: 1024px) 100vw, 1024px\" \/><\/figure>\n\n\n\n<figure class=\"wp-block-image size-large\"><img loading=\"lazy\" decoding=\"async\" width=\"1024\" height=\"576\" data-id=\"3279\" src=\"https:\/\/www.confederaciondelcobre.cl\/wp-content\/uploads\/2023\/03\/WhatsApp-Image-2023-03-09-at-14.36.16-2-1024x576.jpeg\" alt=\"\" class=\"wp-image-3279\" srcset=\"https:\/\/www.confederaciondelcobre.cl\/wp-content\/uploads\/2023\/03\/WhatsApp-Image-2023-03-09-at-14.36.16-2-1024x576.jpeg 1024w, https:\/\/www.confederaciondelcobre.cl\/wp-content\/uploads\/2023\/03\/WhatsApp-Image-2023-03-09-at-14.36.16-2-300x169.jpeg 300w, https:\/\/www.confederaciondelcobre.cl\/wp-content\/uploads\/2023\/03\/WhatsApp-Image-2023-03-09-at-14.36.16-2-768x432.jpeg 768w, https:\/\/www.confederaciondelcobre.cl\/wp-content\/uploads\/2023\/03\/WhatsApp-Image-2023-03-09-at-14.36.16-2-1536x864.jpeg 1536w, https:\/\/www.confederaciondelcobre.cl\/wp-content\/uploads\/2023\/03\/WhatsApp-Image-2023-03-09-at-14.36.16-2.jpeg 1600w\" sizes=\"auto, (max-width: 1024px) 100vw, 1024px\" \/><\/figure>\n\n\n\n<figure class=\"wp-block-image size-large\"><img loading=\"lazy\" decoding=\"async\" width=\"1024\" height=\"576\" data-id=\"3280\" src=\"https:\/\/www.confederaciondelcobre.cl\/wp-content\/uploads\/2023\/03\/WhatsApp-Image-2023-03-09-at-13.23.04-2-1024x576.jpeg\" alt=\"\" class=\"wp-image-3280\" srcset=\"https:\/\/www.confederaciondelcobre.cl\/wp-content\/uploads\/2023\/03\/WhatsApp-Image-2023-03-09-at-13.23.04-2-1024x576.jpeg 1024w, https:\/\/www.confederaciondelcobre.cl\/wp-content\/uploads\/2023\/03\/WhatsApp-Image-2023-03-09-at-13.23.04-2-300x169.jpeg 300w, https:\/\/www.confederaciondelcobre.cl\/wp-content\/uploads\/2023\/03\/WhatsApp-Image-2023-03-09-at-13.23.04-2-768x432.jpeg 768w, https:\/\/www.confederaciondelcobre.cl\/wp-content\/uploads\/2023\/03\/WhatsApp-Image-2023-03-09-at-13.23.04-2-1536x864.jpeg 1536w, https:\/\/www.confederaciondelcobre.cl\/wp-content\/uploads\/2023\/03\/WhatsApp-Image-2023-03-09-at-13.23.04-2.jpeg 1600w\" sizes=\"auto, (max-width: 1024px) 100vw, 1024px\" \/><\/figure>\n\n\n\n<figure class=\"wp-block-image size-large\"><img loading=\"lazy\" decoding=\"async\" width=\"1024\" height=\"576\" data-id=\"3281\" src=\"https:\/\/www.confederaciondelcobre.cl\/wp-content\/uploads\/2023\/03\/WhatsApp-Image-2023-03-09-at-13.23.03-2-1024x576.jpeg\" alt=\"\" class=\"wp-image-3281\" srcset=\"https:\/\/www.confederaciondelcobre.cl\/wp-content\/uploads\/2023\/03\/WhatsApp-Image-2023-03-09-at-13.23.03-2-1024x576.jpeg 1024w, https:\/\/www.confederaciondelcobre.cl\/wp-content\/uploads\/2023\/03\/WhatsApp-Image-2023-03-09-at-13.23.03-2-300x169.jpeg 300w, https:\/\/www.confederaciondelcobre.cl\/wp-content\/uploads\/2023\/03\/WhatsApp-Image-2023-03-09-at-13.23.03-2-768x432.jpeg 768w, https:\/\/www.confederaciondelcobre.cl\/wp-content\/uploads\/2023\/03\/WhatsApp-Image-2023-03-09-at-13.23.03-2-1536x864.jpeg 1536w, https:\/\/www.confederaciondelcobre.cl\/wp-content\/uploads\/2023\/03\/WhatsApp-Image-2023-03-09-at-13.23.03-2.jpeg 1600w\" sizes=\"auto, (max-width: 1024px) 100vw, 1024px\" \/><\/figure>\n\n\n\n<figure class=\"wp-block-image size-large\"><img loading=\"lazy\" decoding=\"async\" width=\"1024\" height=\"576\" data-id=\"3282\" src=\"https:\/\/www.confederaciondelcobre.cl\/wp-content\/uploads\/2023\/03\/WhatsApp-Image-2023-03-09-at-14.36.09-1024x576.jpeg\" alt=\"\" class=\"wp-image-3282\" srcset=\"https:\/\/www.confederaciondelcobre.cl\/wp-content\/uploads\/2023\/03\/WhatsApp-Image-2023-03-09-at-14.36.09-1024x576.jpeg 1024w, https:\/\/www.confederaciondelcobre.cl\/wp-content\/uploads\/2023\/03\/WhatsApp-Image-2023-03-09-at-14.36.09-300x169.jpeg 300w, https:\/\/www.confederaciondelcobre.cl\/wp-content\/uploads\/2023\/03\/WhatsApp-Image-2023-03-09-at-14.36.09-768x432.jpeg 768w, https:\/\/www.confederaciondelcobre.cl\/wp-content\/uploads\/2023\/03\/WhatsApp-Image-2023-03-09-at-14.36.09.jpeg 1280w\" sizes=\"auto, (max-width: 1024px) 100vw, 1024px\" \/><\/figure>\n\n\n\n<figure class=\"wp-block-image size-large\"><img loading=\"lazy\" decoding=\"async\" width=\"1024\" height=\"576\" data-id=\"3283\" src=\"https:\/\/www.confederaciondelcobre.cl\/wp-content\/uploads\/2023\/03\/WhatsApp-Image-2023-03-09-at-14.36.11-1-1024x576.jpeg\" alt=\"\" class=\"wp-image-3283\" srcset=\"https:\/\/www.confederaciondelcobre.cl\/wp-content\/uploads\/2023\/03\/WhatsApp-Image-2023-03-09-at-14.36.11-1-1024x576.jpeg 1024w, https:\/\/www.confederaciondelcobre.cl\/wp-content\/uploads\/2023\/03\/WhatsApp-Image-2023-03-09-at-14.36.11-1-300x169.jpeg 300w, https:\/\/www.confederaciondelcobre.cl\/wp-content\/uploads\/2023\/03\/WhatsApp-Image-2023-03-09-at-14.36.11-1-768x432.jpeg 768w, https:\/\/www.confederaciondelcobre.cl\/wp-content\/uploads\/2023\/03\/WhatsApp-Image-2023-03-09-at-14.36.11-1.jpeg 1280w\" sizes=\"auto, (max-width: 1024px) 100vw, 1024px\" \/><\/figure>\n\n\n\n<figure class=\"wp-block-image size-large\"><img loading=\"lazy\" decoding=\"async\" width=\"1024\" height=\"576\" data-id=\"3284\" src=\"https:\/\/www.confederaciondelcobre.cl\/wp-content\/uploads\/2023\/03\/WhatsApp-Image-2023-03-09-at-14.36.11-3-1024x576.jpeg\" alt=\"\" class=\"wp-image-3284\" srcset=\"https:\/\/www.confederaciondelcobre.cl\/wp-content\/uploads\/2023\/03\/WhatsApp-Image-2023-03-09-at-14.36.11-3-1024x576.jpeg 1024w, https:\/\/www.confederaciondelcobre.cl\/wp-content\/uploads\/2023\/03\/WhatsApp-Image-2023-03-09-at-14.36.11-3-300x169.jpeg 300w, https:\/\/www.confederaciondelcobre.cl\/wp-content\/uploads\/2023\/03\/WhatsApp-Image-2023-03-09-at-14.36.11-3-768x432.jpeg 768w, https:\/\/www.confederaciondelcobre.cl\/wp-content\/uploads\/2023\/03\/WhatsApp-Image-2023-03-09-at-14.36.11-3.jpeg 1280w\" sizes=\"auto, (max-width: 1024px) 100vw, 1024px\" \/><\/figure>\n\n\n\n<figure class=\"wp-block-image size-large\"><img loading=\"lazy\" decoding=\"async\" width=\"1024\" height=\"576\" data-id=\"3285\" src=\"https:\/\/www.confederaciondelcobre.cl\/wp-content\/uploads\/2023\/03\/WhatsApp-Image-2023-03-09-at-14.36.14-1-1024x576.jpeg\" alt=\"\" class=\"wp-image-3285\" srcset=\"https:\/\/www.confederaciondelcobre.cl\/wp-content\/uploads\/2023\/03\/WhatsApp-Image-2023-03-09-at-14.36.14-1-1024x576.jpeg 1024w, https:\/\/www.confederaciondelcobre.cl\/wp-content\/uploads\/2023\/03\/WhatsApp-Image-2023-03-09-at-14.36.14-1-300x169.jpeg 300w, https:\/\/www.confederaciondelcobre.cl\/wp-content\/uploads\/2023\/03\/WhatsApp-Image-2023-03-09-at-14.36.14-1-768x432.jpeg 768w, https:\/\/www.confederaciondelcobre.cl\/wp-content\/uploads\/2023\/03\/WhatsApp-Image-2023-03-09-at-14.36.14-1.jpeg 1280w\" sizes=\"auto, (max-width: 1024px) 100vw, 1024px\" \/><\/figure>\n\n\n\n<figure class=\"wp-block-image size-large\"><img loading=\"lazy\" decoding=\"async\" width=\"1024\" height=\"576\" data-id=\"3288\" src=\"https:\/\/www.confederaciondelcobre.cl\/wp-content\/uploads\/2023\/03\/a31d98a3-e945-403e-93c9-35c2f268b08b-1024x576.jpeg\" alt=\"\" class=\"wp-image-3288\" srcset=\"https:\/\/www.confederaciondelcobre.cl\/wp-content\/uploads\/2023\/03\/a31d98a3-e945-403e-93c9-35c2f268b08b-1024x576.jpeg 1024w, https:\/\/www.confederaciondelcobre.cl\/wp-content\/uploads\/2023\/03\/a31d98a3-e945-403e-93c9-35c2f268b08b-300x169.jpeg 300w, https:\/\/www.confederaciondelcobre.cl\/wp-content\/uploads\/2023\/03\/a31d98a3-e945-403e-93c9-35c2f268b08b-768x432.jpeg 768w, https:\/\/www.confederaciondelcobre.cl\/wp-content\/uploads\/2023\/03\/a31d98a3-e945-403e-93c9-35c2f268b08b-1536x864.jpeg 1536w, https:\/\/www.confederaciondelcobre.cl\/wp-content\/uploads\/2023\/03\/a31d98a3-e945-403e-93c9-35c2f268b08b.jpeg 1600w\" sizes=\"auto, (max-width: 1024px) 100vw, 1024px\" \/><\/figure>\n<\/figure>\n\n\n\n<p><\/p>\n\n\n\n<p><\/p>\n\n\n\n<p><\/p>\n","protected":false},"excerpt":{"rendered":"<p>La instancia, que cont\u00f3 con la participaci\u00f3n de sobre cien dirigentas y dirigentes de las siete organizaciones sindicales de nivel superior de la miner\u00eda nacional que se agrupan en la &hellip; <\/p>\n","protected":false},"author":2,"featured_media":3271,"comment_status":"closed","ping_status":"closed","sticky":false,"template":"","format":"standard","meta":{"jetpack_post_was_ever_published":false,"_jetpack_newsletter_access":"","_jetpack_dont_email_post_to_subs":false,"_jetpack_newsletter_tier_id":0,"_jetpack_memberships_contains_paywalled_content":false,"_jetpack_memberships_contains_paid_content":false,"footnotes":"","jetpack_publicize_message":"","jetpack_publicize_feature_enabled":false,"jetpack_social_post_already_shared":true,"jetpack_social_options":{"image_generator_settings":{"template":"highway","default_image_id":0,"enabled":false},"version":2}},"categories":[9,11,15,19],"tags":[],"class_list":["post-3267","post","type-post","status-publish","format-standard","has-post-thumbnail","hentry","category-confederacion","category-ctmin","category-nacional","category-trabajadores"],"jetpack_publicize_connections":[],"jetpack_featured_media_url":"https:\/\/www.confederaciondelcobre.cl\/wp-content\/uploads\/2023\/03\/Port1EncCTMIN2023.jpg","jetpack_sharing_enabled":true,"post_mailing_queue_ids":[],"_links":{"self":[{"href":"https:\/\/www.confederaciondelcobre.cl\/index.php\/wp-json\/wp\/v2\/posts\/3267","targetHints":{"allow":["GET"]}}],"collection":[{"href":"https:\/\/www.confederaciondelcobre.cl\/index.php\/wp-json\/wp\/v2\/posts"}],"about":[{"href":"https:\/\/www.confederaciondelcobre.cl\/index.php\/wp-json\/wp\/v2\/types\/post"}],"author":[{"embeddable":true,"href":"https:\/\/www.confederaciondelcobre.cl\/index.php\/wp-json\/wp\/v2\/users\/2"}],"replies":[{"embeddable":true,"href":"https:\/\/www.confederaciondelcobre.cl\/index.php\/wp-json\/wp\/v2\/comments?post=3267"}],"version-history":[{"count":10,"href":"https:\/\/www.confederaciondelcobre.cl\/index.php\/wp-json\/wp\/v2\/posts\/3267\/revisions"}],"predecessor-version":[{"id":3289,"href":"https:\/\/www.confederaciondelcobre.cl\/index.php\/wp-json\/wp\/v2\/posts\/3267\/revisions\/3289"}],"wp:featuredmedia":[{"embeddable":true,"href":"https:\/\/www.confederaciondelcobre.cl\/index.php\/wp-json\/wp\/v2\/media\/3271"}],"wp:attachment":[{"href":"https:\/\/www.confederaciondelcobre.cl\/index.php\/wp-json\/wp\/v2\/media?parent=3267"}],"wp:term":[{"taxonomy":"category","embeddable":true,"href":"https:\/\/www.confederaciondelcobre.cl\/index.php\/wp-json\/wp\/v2\/categories?post=3267"},{"taxonomy":"post_tag","embeddable":true,"href":"https:\/\/www.confederaciondelcobre.cl\/index.php\/wp-json\/wp\/v2\/tags?post=3267"}],"curies":[{"name":"wp","href":"https:\/\/api.w.org\/{rel}","templated":true}]}}