{"id":3290,"date":"2023-03-13T17:52:02","date_gmt":"2023-03-13T21:52:02","guid":{"rendered":"https:\/\/www.confederaciondelcobre.cl\/?p=3290"},"modified":"2023-03-13T17:52:04","modified_gmt":"2023-03-13T21:52:04","slug":"ctc-y-fetramac-se-reunieron-con-directora-de-fiscalizacion-a-terceros-de-codelco-andina","status":"publish","type":"post","link":"https:\/\/www.confederaciondelcobre.cl\/index.php\/2023\/03\/13\/ctc-y-fetramac-se-reunieron-con-directora-de-fiscalizacion-a-terceros-de-codelco-andina\/","title":{"rendered":"CTC y Fetramac se reunieron con Directora de Fiscalizaci\u00f3n a Terceros de Codelco Andina."},"content":{"rendered":"\n<p>Se establecieron canales directos entre Codelco Andina y la Fetramac, federaci\u00f3n que es \u00fanica interlocutora v\u00e1lida de la CTC en la zona, adem\u00e1s de evaluar y hacer seguimiento a la implementaci\u00f3n del Acuerdo Marco entre la CTC, Codelco y Agema.<\/p>\n\n\n\n<hr class=\"wp-block-separator has-alpha-channel-opacity\"\/>\n\n\n\n<p>El encuentro, desarrollado en Los Andes durante la ma\u00f1ana de hoy lunes 13 marzo, y principalmente de car\u00e1cter protocolar, comenz\u00f3 con palabras <strong>Ana Lamas Aguirre, Presidenta de la Confederaci\u00f3n de Trabajadores del Cobre (CTC)<\/strong>, quien present\u00f3 a las y los directores nacionales y miembros del ejecutivo que le acompa\u00f1aron, adem\u00e1s de dirigentes de la Fetramac, que es federaci\u00f3n de la CTC en el territorio.<\/p>\n\n\n\n<figure class=\"wp-block-image size-large\"><img loading=\"lazy\" decoding=\"async\" width=\"1024\" height=\"578\" src=\"https:\/\/www.confederaciondelcobre.cl\/wp-content\/uploads\/2023\/03\/Ana-Lamas-1024x578.jpg\" alt=\"\" class=\"wp-image-3294\" srcset=\"https:\/\/www.confederaciondelcobre.cl\/wp-content\/uploads\/2023\/03\/Ana-Lamas-1024x578.jpg 1024w, https:\/\/www.confederaciondelcobre.cl\/wp-content\/uploads\/2023\/03\/Ana-Lamas-300x169.jpg 300w, https:\/\/www.confederaciondelcobre.cl\/wp-content\/uploads\/2023\/03\/Ana-Lamas-768x433.jpg 768w, https:\/\/www.confederaciondelcobre.cl\/wp-content\/uploads\/2023\/03\/Ana-Lamas-1536x867.jpg 1536w, https:\/\/www.confederaciondelcobre.cl\/wp-content\/uploads\/2023\/03\/Ana-Lamas-2048x1156.jpg 2048w\" sizes=\"auto, (max-width: 1024px) 100vw, 1024px\" \/><figcaption>En la foto,  Stephanie Gonz\u00e1lez Ch\u00e1vez, Secretaria General de la CTC; Ana Lamas Aguirre, Presidenta de la CTC.<\/figcaption><\/figure>\n\n\n\n<p>La Presidenta de la CTC, junto con saludar y valorar este encuentro, se\u00f1al\u00f3 <strong>algunas observaciones en relaci\u00f3n al pago de bonos e incentivos del Acuerdo Marco en la Divisi\u00f3n Andina de Codelco<\/strong>, d\u00f3nde existe un grupo de trabajadores cuya situaci\u00f3n a\u00fan est\u00e1 a la espera de ser resuelta. Tambi\u00e9n, para formalizar las relaciones y dotarlas de mayor fluidez, indic\u00f3 que <strong>el v\u00ednculo entre la CTC y Codelco (en esta divisi\u00f3n) es con la Federaci\u00f3n de Trabajadores de la Miner\u00eda de Aconcagua (Fetramac). Lo anterior, subray\u00f3 la Presidenta de la CTC, no obstante la existencia de canales de comunicaci\u00f3n directos entre la mandante y la propia Confederaci\u00f3n<\/strong>.<\/p>\n\n\n<div class=\"wp-block-image\">\n<figure class=\"aligncenter size-large\"><img loading=\"lazy\" decoding=\"async\" width=\"1024\" height=\"578\" src=\"https:\/\/www.confederaciondelcobre.cl\/wp-content\/uploads\/2023\/03\/IMG_0321-1024x578.jpg\" alt=\"\" class=\"wp-image-3292\" srcset=\"https:\/\/www.confederaciondelcobre.cl\/wp-content\/uploads\/2023\/03\/IMG_0321-1024x578.jpg 1024w, https:\/\/www.confederaciondelcobre.cl\/wp-content\/uploads\/2023\/03\/IMG_0321-300x169.jpg 300w, https:\/\/www.confederaciondelcobre.cl\/wp-content\/uploads\/2023\/03\/IMG_0321-768x434.jpg 768w, https:\/\/www.confederaciondelcobre.cl\/wp-content\/uploads\/2023\/03\/IMG_0321-1536x867.jpg 1536w, https:\/\/www.confederaciondelcobre.cl\/wp-content\/uploads\/2023\/03\/IMG_0321-2048x1156.jpg 2048w\" sizes=\"auto, (max-width: 1024px) 100vw, 1024px\" \/><figcaption>Leslye Cornejo, Directora de Fiscalizaci\u00f3n a Terceros &#8211; Codelco Andina<\/figcaption><\/figure><\/div>\n\n\n<p>Por su parte la <strong>Directora de Fiscalizaci\u00f3n a Terceros de Codelco Divisi\u00f3n Andina, Leslye Cornejo<\/strong>, y refiri\u00e9ndose a la situaci\u00f3n pendiente de algunos trabajadores, <strong>se\u00f1al\u00f3 que los casos se est\u00e1n revisando, que ha habido avances y que hay contratos (en la relaci\u00f3n empresa mandante con la empresa contratista\/subcontratista) que se est\u00e1n revisando y que eventualmente ser\u00e1n objeto de modificaci\u00f3n<\/strong>. Aquello para los casos que corresponda, puntualiz\u00f3 la Directora de Fiscalizaci\u00f3n de Terceros, a fin de dar efectivo cumplimiento a lo establecido en el Acuerdo Marco, un acuerdo que, cabe destacar, fue revisado, ampliado y mejorado en la negociaci\u00f3n llevada a cabo por la CTC, Codelco y sus empresas contratistas y subcontratistas el \u00faltimo trimestre del a\u00f1o pasado.<\/p>\n\n\n\n<p>Finalmente, en el encuentro se acord\u00f3 <strong>continuar con el seguimiento a la implementaci\u00f3n del Acuerdo Marco, esto con la idea de dar pronta soluci\u00f3n o respuesta a los casos y situaciones especiales respecto del pago y su implementaci\u00f3n<\/strong>. Por otra parte, tambi\u00e9n <strong>quedaron establecidos los canales de comunicaci\u00f3n directa entre la Divisi\u00f3n Andina de Codelco y la Fetramac, \u00fanica interlocutora v\u00e1lida de la CTC con la mandante en el territorio<\/strong>, no obstante, como se indic\u00f3 anteriormente, la l\u00ednea directa existente con el directorio nacional de la propia CTC.<\/p>\n\n\n\n<hr class=\"wp-block-separator has-alpha-channel-opacity\"\/>\n\n\n\n<p>Asistieron al encuentro, por parte del Directorio Nacional de la Confederaci\u00f3n de Trabajadores del Cobre (CTC), Ana Lamas Aguirre, Presidenta; Stephanie Gonz\u00e1lez Ch\u00e1vez, Secretaria General; Francisco Cabezas Cort\u00e9s, Vicepresidente; Corina Alfaro D\u00edaz, Directora Nacional Encargada de G\u00e9nero e Inclusi\u00f3n; y Luis P\u00e1ez Maldonado junto a Claudio Escobar Albornoz, ambos Directores Nacionales. Tambi\u00e9n, por la Federaci\u00f3n de Trabajadores de la Miner\u00eda de Aconcagua (Fetramac): Miguel V\u00e1squez, Presidente; Claudio Escobar, Tesorero; los Directores Sergio Figueroa, Luis Paez y Juan Guerra; y Francisco Ibaceta junto a Jonathan Ot\u00e1rola, Secretario y Tesorero del sindicato Puic, respectivamente.<\/p>\n\n\n\n<figure class=\"wp-block-gallery has-nested-images columns-default is-cropped wp-block-gallery-1 is-layout-flex wp-block-gallery-is-layout-flex\">\n<figure class=\"wp-block-image size-large\"><img loading=\"lazy\" decoding=\"async\" width=\"1024\" height=\"578\" data-id=\"3295\" src=\"https:\/\/www.confederaciondelcobre.cl\/wp-content\/uploads\/2023\/03\/IMG_0319-1024x578.jpg\" alt=\"\" class=\"wp-image-3295\" srcset=\"https:\/\/www.confederaciondelcobre.cl\/wp-content\/uploads\/2023\/03\/IMG_0319-1024x578.jpg 1024w, https:\/\/www.confederaciondelcobre.cl\/wp-content\/uploads\/2023\/03\/IMG_0319-300x169.jpg 300w, https:\/\/www.confederaciondelcobre.cl\/wp-content\/uploads\/2023\/03\/IMG_0319-768x434.jpg 768w, https:\/\/www.confederaciondelcobre.cl\/wp-content\/uploads\/2023\/03\/IMG_0319-1536x867.jpg 1536w, https:\/\/www.confederaciondelcobre.cl\/wp-content\/uploads\/2023\/03\/IMG_0319-2048x1156.jpg 2048w\" sizes=\"auto, (max-width: 1024px) 100vw, 1024px\" \/><\/figure>\n\n\n\n<figure class=\"wp-block-image size-large\"><img loading=\"lazy\" decoding=\"async\" width=\"1024\" height=\"578\" data-id=\"3296\" src=\"https:\/\/www.confederaciondelcobre.cl\/wp-content\/uploads\/2023\/03\/IMG_0350-1024x578.jpg\" alt=\"\" class=\"wp-image-3296\" srcset=\"https:\/\/www.confederaciondelcobre.cl\/wp-content\/uploads\/2023\/03\/IMG_0350-1024x578.jpg 1024w, https:\/\/www.confederaciondelcobre.cl\/wp-content\/uploads\/2023\/03\/IMG_0350-300x169.jpg 300w, https:\/\/www.confederaciondelcobre.cl\/wp-content\/uploads\/2023\/03\/IMG_0350-768x434.jpg 768w, https:\/\/www.confederaciondelcobre.cl\/wp-content\/uploads\/2023\/03\/IMG_0350-1536x867.jpg 1536w, https:\/\/www.confederaciondelcobre.cl\/wp-content\/uploads\/2023\/03\/IMG_0350-2048x1156.jpg 2048w\" sizes=\"auto, (max-width: 1024px) 100vw, 1024px\" \/><\/figure>\n\n\n\n<figure class=\"wp-block-image size-large\"><img loading=\"lazy\" decoding=\"async\" width=\"1024\" height=\"578\" data-id=\"3297\" src=\"https:\/\/www.confederaciondelcobre.cl\/wp-content\/uploads\/2023\/03\/IMG_0355-1024x578.jpg\" alt=\"\" class=\"wp-image-3297\" srcset=\"https:\/\/www.confederaciondelcobre.cl\/wp-content\/uploads\/2023\/03\/IMG_0355-1024x578.jpg 1024w, https:\/\/www.confederaciondelcobre.cl\/wp-content\/uploads\/2023\/03\/IMG_0355-300x169.jpg 300w, https:\/\/www.confederaciondelcobre.cl\/wp-content\/uploads\/2023\/03\/IMG_0355-768x434.jpg 768w, https:\/\/www.confederaciondelcobre.cl\/wp-content\/uploads\/2023\/03\/IMG_0355-1536x867.jpg 1536w, https:\/\/www.confederaciondelcobre.cl\/wp-content\/uploads\/2023\/03\/IMG_0355-2048x1156.jpg 2048w\" sizes=\"auto, (max-width: 1024px) 100vw, 1024px\" \/><\/figure>\n<\/figure>\n","protected":false},"excerpt":{"rendered":"<p>Se establecieron canales directos entre Codelco Andina y la Fetramac, federaci\u00f3n que es \u00fanica interlocutora v\u00e1lida de la CTC en la zona, adem\u00e1s de evaluar y hacer seguimiento a la &hellip; <\/p>\n","protected":false},"author":2,"featured_media":3291,"comment_status":"closed","ping_status":"closed","sticky":false,"template":"","format":"standard","meta":{"jetpack_post_was_ever_published":false,"_jetpack_newsletter_access":"","_jetpack_dont_email_post_to_subs":false,"_jetpack_newsletter_tier_id":0,"_jetpack_memberships_contains_paywalled_content":false,"_jetpack_memberships_contains_paid_content":false,"footnotes":"","jetpack_publicize_message":"","jetpack_publicize_feature_enabled":false,"jetpack_social_post_already_shared":true,"jetpack_social_options":{"image_generator_settings":{"template":"highway","default_image_id":0,"enabled":false},"version":2}},"categories":[5,23,9,21,29,19],"tags":[],"class_list":["post-3290","post","type-post","status-publish","format-standard","has-post-thumbnail","hentry","category-acuerdo-marco","category-acuerdo-marco-codelco","category-confederacion","category-federaciones","category-fetramac","category-trabajadores"],"jetpack_publicize_connections":[],"jetpack_featured_media_url":"https:\/\/www.confederaciondelcobre.cl\/wp-content\/uploads\/2023\/03\/PortAnd.jpg","jetpack_sharing_enabled":true,"post_mailing_queue_ids":[],"_links":{"self":[{"href":"https:\/\/www.confederaciondelcobre.cl\/index.php\/wp-json\/wp\/v2\/posts\/3290","targetHints":{"allow":["GET"]}}],"collection":[{"href":"https:\/\/www.confederaciondelcobre.cl\/index.php\/wp-json\/wp\/v2\/posts"}],"about":[{"href":"https:\/\/www.confederaciondelcobre.cl\/index.php\/wp-json\/wp\/v2\/types\/post"}],"author":[{"embeddable":true,"href":"https:\/\/www.confederaciondelcobre.cl\/index.php\/wp-json\/wp\/v2\/users\/2"}],"replies":[{"embeddable":true,"href":"https:\/\/www.confederaciondelcobre.cl\/index.php\/wp-json\/wp\/v2\/comments?post=3290"}],"version-history":[{"count":3,"href":"https:\/\/www.confederaciondelcobre.cl\/index.php\/wp-json\/wp\/v2\/posts\/3290\/revisions"}],"predecessor-version":[{"id":3310,"href":"https:\/\/www.confederaciondelcobre.cl\/index.php\/wp-json\/wp\/v2\/posts\/3290\/revisions\/3310"}],"wp:featuredmedia":[{"embeddable":true,"href":"https:\/\/www.confederaciondelcobre.cl\/index.php\/wp-json\/wp\/v2\/media\/3291"}],"wp:attachment":[{"href":"https:\/\/www.confederaciondelcobre.cl\/index.php\/wp-json\/wp\/v2\/media?parent=3290"}],"wp:term":[{"taxonomy":"category","embeddable":true,"href":"https:\/\/www.confederaciondelcobre.cl\/index.php\/wp-json\/wp\/v2\/categories?post=3290"},{"taxonomy":"post_tag","embeddable":true,"href":"https:\/\/www.confederaciondelcobre.cl\/index.php\/wp-json\/wp\/v2\/tags?post=3290"}],"curies":[{"name":"wp","href":"https:\/\/api.w.org\/{rel}","templated":true}]}}