{"id":3300,"date":"2023-03-14T15:41:37","date_gmt":"2023-03-14T19:41:37","guid":{"rendered":"https:\/\/www.confederaciondelcobre.cl\/?p=3300"},"modified":"2023-03-14T15:41:40","modified_gmt":"2023-03-14T19:41:40","slug":"ctc-se-reunio-con-delegado-presidencial-provincial-de-los-andes","status":"publish","type":"post","link":"https:\/\/www.confederaciondelcobre.cl\/index.php\/2023\/03\/14\/ctc-se-reunio-con-delegado-presidencial-provincial-de-los-andes\/","title":{"rendered":"CTC se reuni\u00f3 con Delegado Presidencial Provincial de Los Andes."},"content":{"rendered":"\n<p>En la cita, que se llev\u00f3 a cabo en dependencias de la Delegaci\u00f3n Presidencial Provincial de Los Andes, y que cuyo car\u00e1cter fue principalmente protocolar, se abordaron asuntos que son inter\u00e9s de las y los trabajadores contratistas y subcontratistas de la miner\u00eda del cobre.<\/p>\n\n\n\n<hr class=\"wp-block-separator has-alpha-channel-opacity\"\/>\n\n\n\n<p>En la tarde de ayer lunes 13 de marzo, la Confederaci\u00f3n de Trabajadores del Cobre (CTC), en conjunto con la Federaci\u00f3n de Trabajadores de la Miner\u00eda de Aconcagua (Fetramac), se reunieron con el Delegado Presidencial Provincial de Los Andes, Cristian Aravena Reyes. En dicho encuentro, la Presidenta de la CTC, <strong>Ana Lamas Aguirre, hizo una breve exposici\u00f3n de los tres ejes principales de la organizaci\u00f3n, que son el fin a todo tipo de discriminaci\u00f3n laboral, el fin a la subcontrataci\u00f3n por tratarse de un mecanismo de precarizaci\u00f3n laboral y la renacionalizaci\u00f3n del cobre<\/strong>. Asuntos, todos ellos, que nacen como objetivos de la CTC desde su fundaci\u00f3n por all\u00e1 en 2007, y que en la actualidad, dicho sea de paso, se mantienen como horizonte.<\/p>\n\n\n\n<p>Tambi\u00e9n se hizo menci\u00f3n a experiencias de <strong>coordinaci\u00f3n y trabajo multisectorial que se desarrollan en otras regiones, como es el caso de Tarapac\u00e1, en donde concurren organizaciones de las y los trabajadores (como la CUT y la CTC), distintos Servicios Regionales Ministeriales y Delegaciones Presidenciales, entre otros estamentos de gobierno y la sociedad civil<\/strong>. Dichas instancias, coment\u00f3 Francisco Cabezas Cort\u00e9s (Vicepresidente de la CTC), tienen por finalidad conocer y abordar las distintas problem\u00e1ticas o proyectos de desarrollo en todas sus dimensiones, una experiencia que, en voz del Vicepresidente de la CTC, ha sido bastante fruct\u00edfera para todas y todos los participantes, y estim\u00f3 que dicha instancia, de replicarse aqu\u00ed (en Los Andes) ser\u00eda del todo positiva.<\/p>\n\n\n\n<figure class=\"wp-block-gallery has-nested-images columns-default is-cropped wp-block-gallery-1 is-layout-flex wp-block-gallery-is-layout-flex\">\n<figure class=\"wp-block-image size-large\"><img loading=\"lazy\" decoding=\"async\" width=\"1024\" height=\"578\" data-id=\"3305\" src=\"https:\/\/www.confederaciondelcobre.cl\/wp-content\/uploads\/2023\/03\/IMG_0378-1024x578.jpg\" alt=\"\" class=\"wp-image-3305\" srcset=\"https:\/\/www.confederaciondelcobre.cl\/wp-content\/uploads\/2023\/03\/IMG_0378-1024x578.jpg 1024w, https:\/\/www.confederaciondelcobre.cl\/wp-content\/uploads\/2023\/03\/IMG_0378-300x169.jpg 300w, https:\/\/www.confederaciondelcobre.cl\/wp-content\/uploads\/2023\/03\/IMG_0378-768x434.jpg 768w, https:\/\/www.confederaciondelcobre.cl\/wp-content\/uploads\/2023\/03\/IMG_0378-1536x867.jpg 1536w, https:\/\/www.confederaciondelcobre.cl\/wp-content\/uploads\/2023\/03\/IMG_0378-2048x1156.jpg 2048w\" sizes=\"auto, (max-width: 1024px) 100vw, 1024px\" \/><\/figure>\n\n\n\n<figure class=\"wp-block-image size-large\"><img loading=\"lazy\" decoding=\"async\" width=\"1024\" height=\"578\" data-id=\"3306\" src=\"https:\/\/www.confederaciondelcobre.cl\/wp-content\/uploads\/2023\/03\/IMG_0366-1024x578.jpg\" alt=\"\" class=\"wp-image-3306\" srcset=\"https:\/\/www.confederaciondelcobre.cl\/wp-content\/uploads\/2023\/03\/IMG_0366-1024x578.jpg 1024w, https:\/\/www.confederaciondelcobre.cl\/wp-content\/uploads\/2023\/03\/IMG_0366-300x169.jpg 300w, https:\/\/www.confederaciondelcobre.cl\/wp-content\/uploads\/2023\/03\/IMG_0366-768x434.jpg 768w, https:\/\/www.confederaciondelcobre.cl\/wp-content\/uploads\/2023\/03\/IMG_0366-1536x867.jpg 1536w, https:\/\/www.confederaciondelcobre.cl\/wp-content\/uploads\/2023\/03\/IMG_0366-2048x1156.jpg 2048w\" sizes=\"auto, (max-width: 1024px) 100vw, 1024px\" \/><\/figure>\n<\/figure>\n\n\n\n<p>Por su parte, el <strong>Delegado Presidencial Provincial, Cristian Aravena, se\u00f1al\u00f3 que siempre habr\u00e1 disposici\u00f3n para conversar con su Delegaci\u00f3n<\/strong>. Esto, agreg\u00f3, es una pol\u00edtica que se est\u00e1 implementando en todas partes y que es un sello de gobierno, por lo que insisti\u00f3 en que las puertas de la delegaci\u00f3n estar\u00e1n siempre abiertas, <strong>a la vez que comprometi\u00f3 su voluntad de seguir en contacto y reuni\u00e9ndose peri\u00f3dicamente, tanto con la CTC como con la Fetramac<\/strong>.<\/p>\n\n\n\n<p>En tanto <strong>Ana Lamas Aguirre, refiri\u00e9ndose a la firma e implementaci\u00f3n del Acuerdo Marco firmado entre la CTC, Codelco y Agema, y tambi\u00e9n respecto de las relaciones con la organizaci\u00f3n que ella preside, se\u00f1al\u00f3 que los \u00fanicos interlocutores v\u00e1lidos con la CTC en el territorio del Aconcagua o Los Andes es la Federaci\u00f3n de Trabajadores de la Miner\u00eda de Aconcagua (Fetramac)<\/strong>. Lo anterior, recalc\u00f3 la Presidenta de la CTC, no obstante la comunicaci\u00f3n directa que se pueda tener con la propia CTC.<\/p>\n\n\n\n<p>Al finalizar, el Delegado Presidencial Cristian Aravena insisti\u00f3 en su disposici\u00f3n a seguir en contacto con la CTC y su federaci\u00f3n en Los Andes (Fetramac). Esto a fin de estar al tanto de la situaci\u00f3n laboral de las y los trabajadores subcontratados de la miner\u00eda del cobre, adem\u00e1s de explorar otras instancias de intercambio y trabajo en el futuro.<\/p>\n\n\n\n<hr class=\"wp-block-separator has-alpha-channel-opacity\"\/>\n\n\n\n<p>En esta reuni\u00f3n participaron, por parte del Directorio Nacional de la Confederaci\u00f3n de Trabajadores del Cobre (CTC), Ana Lamas Aguirre, Presidenta; Stephanie Gonz\u00e1lez Ch\u00e1vez, Secretaria General; Francisco Cabezas Cort\u00e9s, Vicepresidente; Corina Alfaro D\u00edaz, Directora Nacional Encargada de G\u00e9nero e Inclusi\u00f3n; y Luis P\u00e1ez Maldonado junto a Claudio Escobar Albornoz, ambos Directores Nacionales. Tambi\u00e9n, por la Federaci\u00f3n de Trabajadores de la Miner\u00eda de Aconcagua (Fetramac): Miguel V\u00e1squez, Presidente; Claudio Escobar, Tesorero; los Directores Luis Paez y Juan Guerra; y Francisco Ibaceta junto a Jonathan Ot\u00e1rola, Secretario y Tesorero del sindicato Puic, respectivamente.<\/p>\n\n\n\n<figure class=\"wp-block-gallery has-nested-images columns-default is-cropped wp-block-gallery-2 is-layout-flex wp-block-gallery-is-layout-flex\">\n<figure class=\"wp-block-image size-large\"><img loading=\"lazy\" decoding=\"async\" width=\"1024\" height=\"578\" data-id=\"3307\" src=\"https:\/\/www.confederaciondelcobre.cl\/wp-content\/uploads\/2023\/03\/IMG_0370-1024x578.jpg\" alt=\"\" class=\"wp-image-3307\" srcset=\"https:\/\/www.confederaciondelcobre.cl\/wp-content\/uploads\/2023\/03\/IMG_0370-1024x578.jpg 1024w, https:\/\/www.confederaciondelcobre.cl\/wp-content\/uploads\/2023\/03\/IMG_0370-300x169.jpg 300w, https:\/\/www.confederaciondelcobre.cl\/wp-content\/uploads\/2023\/03\/IMG_0370-768x434.jpg 768w, https:\/\/www.confederaciondelcobre.cl\/wp-content\/uploads\/2023\/03\/IMG_0370-1536x867.jpg 1536w, https:\/\/www.confederaciondelcobre.cl\/wp-content\/uploads\/2023\/03\/IMG_0370-2048x1156.jpg 2048w\" sizes=\"auto, (max-width: 1024px) 100vw, 1024px\" \/><\/figure>\n\n\n\n<figure class=\"wp-block-image size-large\"><img loading=\"lazy\" decoding=\"async\" width=\"1024\" height=\"578\" data-id=\"3308\" src=\"https:\/\/www.confederaciondelcobre.cl\/wp-content\/uploads\/2023\/03\/IMG_0367-1024x578.jpg\" alt=\"\" class=\"wp-image-3308\" srcset=\"https:\/\/www.confederaciondelcobre.cl\/wp-content\/uploads\/2023\/03\/IMG_0367-1024x578.jpg 1024w, https:\/\/www.confederaciondelcobre.cl\/wp-content\/uploads\/2023\/03\/IMG_0367-300x169.jpg 300w, https:\/\/www.confederaciondelcobre.cl\/wp-content\/uploads\/2023\/03\/IMG_0367-768x434.jpg 768w, https:\/\/www.confederaciondelcobre.cl\/wp-content\/uploads\/2023\/03\/IMG_0367-1536x867.jpg 1536w, https:\/\/www.confederaciondelcobre.cl\/wp-content\/uploads\/2023\/03\/IMG_0367-2048x1156.jpg 2048w\" sizes=\"auto, (max-width: 1024px) 100vw, 1024px\" \/><\/figure>\n<\/figure>\n","protected":false},"excerpt":{"rendered":"<p>En la cita, que se llev\u00f3 a cabo en dependencias de la Delegaci\u00f3n Presidencial Provincial de Los Andes, y que cuyo car\u00e1cter fue principalmente protocolar, se abordaron asuntos que son &hellip; <\/p>\n","protected":false},"author":2,"featured_media":3303,"comment_status":"closed","ping_status":"closed","sticky":false,"template":"","format":"standard","meta":{"jetpack_post_was_ever_published":false,"_jetpack_newsletter_access":"","_jetpack_dont_email_post_to_subs":false,"_jetpack_newsletter_tier_id":0,"_jetpack_memberships_contains_paywalled_content":false,"_jetpack_memberships_contains_paid_content":false,"footnotes":"","jetpack_publicize_message":"","jetpack_publicize_feature_enabled":false,"jetpack_social_post_already_shared":true,"jetpack_social_options":{"image_generator_settings":{"template":"highway","default_image_id":0,"enabled":false},"version":2}},"categories":[9,21,31,19],"tags":[],"class_list":["post-3300","post","type-post","status-publish","format-standard","has-post-thumbnail","hentry","category-confederacion","category-federaciones","category-fetratec","category-trabajadores"],"jetpack_publicize_connections":[],"jetpack_featured_media_url":"https:\/\/www.confederaciondelcobre.cl\/wp-content\/uploads\/2023\/03\/PortDel.jpg","jetpack_sharing_enabled":true,"post_mailing_queue_ids":[],"_links":{"self":[{"href":"https:\/\/www.confederaciondelcobre.cl\/index.php\/wp-json\/wp\/v2\/posts\/3300","targetHints":{"allow":["GET"]}}],"collection":[{"href":"https:\/\/www.confederaciondelcobre.cl\/index.php\/wp-json\/wp\/v2\/posts"}],"about":[{"href":"https:\/\/www.confederaciondelcobre.cl\/index.php\/wp-json\/wp\/v2\/types\/post"}],"author":[{"embeddable":true,"href":"https:\/\/www.confederaciondelcobre.cl\/index.php\/wp-json\/wp\/v2\/users\/2"}],"replies":[{"embeddable":true,"href":"https:\/\/www.confederaciondelcobre.cl\/index.php\/wp-json\/wp\/v2\/comments?post=3300"}],"version-history":[{"count":4,"href":"https:\/\/www.confederaciondelcobre.cl\/index.php\/wp-json\/wp\/v2\/posts\/3300\/revisions"}],"predecessor-version":[{"id":3311,"href":"https:\/\/www.confederaciondelcobre.cl\/index.php\/wp-json\/wp\/v2\/posts\/3300\/revisions\/3311"}],"wp:featuredmedia":[{"embeddable":true,"href":"https:\/\/www.confederaciondelcobre.cl\/index.php\/wp-json\/wp\/v2\/media\/3303"}],"wp:attachment":[{"href":"https:\/\/www.confederaciondelcobre.cl\/index.php\/wp-json\/wp\/v2\/media?parent=3300"}],"wp:term":[{"taxonomy":"category","embeddable":true,"href":"https:\/\/www.confederaciondelcobre.cl\/index.php\/wp-json\/wp\/v2\/categories?post=3300"},{"taxonomy":"post_tag","embeddable":true,"href":"https:\/\/www.confederaciondelcobre.cl\/index.php\/wp-json\/wp\/v2\/tags?post=3300"}],"curies":[{"name":"wp","href":"https:\/\/api.w.org\/{rel}","templated":true}]}}