{"id":3328,"date":"2023-03-20T20:15:53","date_gmt":"2023-03-21T00:15:53","guid":{"rendered":"https:\/\/www.confederaciondelcobre.cl\/?p=3328"},"modified":"2023-03-31T11:35:33","modified_gmt":"2023-03-31T15:35:33","slug":"negociacion-colectiva-trabajadores-de-ameco-votan-huelga","status":"publish","type":"post","link":"https:\/\/www.confederaciondelcobre.cl\/index.php\/2023\/03\/20\/negociacion-colectiva-trabajadores-de-ameco-votan-huelga\/","title":{"rendered":"Negociaci\u00f3n Colectiva: trabajadores de AMECO votan huelga."},"content":{"rendered":"\n<p>La empresa, que primero se neg\u00f3 a recibir el proyecto de negociaci\u00f3n propuesto por el sindicato, y que despu\u00e9s busc\u00f3 impugnar a un 70% de sus socios, hoy es notificada de la decisi\u00f3n de los trabajadores que votaron la huelga.<\/p>\n\n\n\n<hr class=\"wp-block-separator has-alpha-channel-opacity\"\/>\n\n\n\n<p>El Sindicato Interempresa Trabajadores Multiservicios Salvador Potrerillos (TRAMSALPO), que organiza a trabajadoras y trabajadores que se desempe\u00f1an tanto en El Salvador como en Potrerillos, present\u00f3 el 03 de febrero el proyecto de Negociaci\u00f3n Colectiva que est\u00e1n llevando adelante los trabajadores de la Empresa AMECO Chile en la Divisi\u00f3n de El Salvador. Dicho proceso, cabe se\u00f1alar, no ha estado exento de dificultades, pues desde un principio la Empresa ha mostrado una actitud de nulo acercamiento con los trabajadores. Sin ir m\u00e1s lejos, y ante la negativa de la Empresa para recibir el proyecto de negociaci\u00f3n propuesto por el Sindicato, los trabajadores tuvieron que recurrir a la Inspecci\u00f3n del Trabajo, donde finalmente -y gracias a un Dictamen de la propia Direcci\u00f3n del Trabajo- la Negociaci\u00f3n Colectiva reglada pudo darse por iniciada.<\/p>\n\n\n\n<p>Y es que la Empresa, m\u00e1s tarde, y continuando con su hostil af\u00e1n en contra de los trabajadores, quiso impugnar (en este proceso) a un 70% de los socios del Sindicato. La estrategia, evidentemente, era afectar el qu\u00f3rum a fin de echar por tierra el proceso de Negociaci\u00f3n Colectiva. Sin embargo, los argumentos presentados, tanto por el Sindicato como por la propia Confederaci\u00f3n de Trabajadores del Cobre (CTC), frustraron las mencionadas intenciones de la Empresa.<\/p>\n\n\n\n<p>Los intentos del Sindicato por llevar adelante este proceso bajo un clima de normalidad han sido varios. En esta negociaci\u00f3n, que es instancia para mejorar la calidad de vida de los trabajadores y sus familias, sus demandas se refieren a derechos y beneficios largamente anhelados, que apuntan principalmente a un justo reconocimiento por el trabajo realizado, y en circunstancias, adem\u00e1s, en que el costo de la vida est\u00e1 en constante aumento. Por otro lado, las diferencias y puntos de vista distintos, entre trabajadores y empresa, son algo normal y hasta esperable. Pero ha sido la hostilidad de la empresa, al punto de no querer siquiera recibir el proyecto de negociaci\u00f3n, o de pretender impugnar a un alto porcentaje de socios, lo que ha llevado a los trabajadores a usar una hist\u00f3rica herramienta, que es legal y leg\u00edtima: la huelga, votada y aprobada hoy con sobre un 80% a favor.<\/p>\n\n\n\n<p>Finalmente, \u00bfQue viene? Comienza el per\u00edodo de mediaci\u00f3n obligatoria, y de no haber resultados satisfactorios, o un acercamiento razonable por parte de la empresa, la huelga es solo cosas de d\u00edas. La palabra, ahora, la tiene la empresa.<\/p>\n","protected":false},"excerpt":{"rendered":"<p>La empresa, que primero se neg\u00f3 a recibir el proyecto de negociaci\u00f3n propuesto por el sindicato, y que despu\u00e9s busc\u00f3 impugnar a un 70% de sus socios, hoy es notificada &hellip; <\/p>\n","protected":false},"author":2,"featured_media":3335,"comment_status":"closed","ping_status":"closed","sticky":false,"template":"","format":"standard","meta":{"jetpack_post_was_ever_published":false,"_jetpack_newsletter_access":"","_jetpack_dont_email_post_to_subs":false,"_jetpack_newsletter_tier_id":0,"_jetpack_memberships_contains_paywalled_content":false,"_jetpack_memberships_contains_paid_content":false,"footnotes":"","jetpack_publicize_message":"","jetpack_publicize_feature_enabled":false,"jetpack_social_post_already_shared":true,"jetpack_social_options":{"image_generator_settings":{"template":"highway","default_image_id":0,"enabled":false},"version":2}},"categories":[9,20,19],"tags":[],"class_list":["post-3328","post","type-post","status-publish","format-standard","has-post-thumbnail","hentry","category-confederacion","category-negociacion-colectiva","category-trabajadores"],"jetpack_publicize_connections":[],"jetpack_featured_media_url":"https:\/\/www.confederaciondelcobre.cl\/wp-content\/uploads\/2023\/03\/PortAMECO.jpg","jetpack_sharing_enabled":true,"post_mailing_queue_ids":[],"_links":{"self":[{"href":"https:\/\/www.confederaciondelcobre.cl\/index.php\/wp-json\/wp\/v2\/posts\/3328","targetHints":{"allow":["GET"]}}],"collection":[{"href":"https:\/\/www.confederaciondelcobre.cl\/index.php\/wp-json\/wp\/v2\/posts"}],"about":[{"href":"https:\/\/www.confederaciondelcobre.cl\/index.php\/wp-json\/wp\/v2\/types\/post"}],"author":[{"embeddable":true,"href":"https:\/\/www.confederaciondelcobre.cl\/index.php\/wp-json\/wp\/v2\/users\/2"}],"replies":[{"embeddable":true,"href":"https:\/\/www.confederaciondelcobre.cl\/index.php\/wp-json\/wp\/v2\/comments?post=3328"}],"version-history":[{"count":8,"href":"https:\/\/www.confederaciondelcobre.cl\/index.php\/wp-json\/wp\/v2\/posts\/3328\/revisions"}],"predecessor-version":[{"id":3350,"href":"https:\/\/www.confederaciondelcobre.cl\/index.php\/wp-json\/wp\/v2\/posts\/3328\/revisions\/3350"}],"wp:featuredmedia":[{"embeddable":true,"href":"https:\/\/www.confederaciondelcobre.cl\/index.php\/wp-json\/wp\/v2\/media\/3335"}],"wp:attachment":[{"href":"https:\/\/www.confederaciondelcobre.cl\/index.php\/wp-json\/wp\/v2\/media?parent=3328"}],"wp:term":[{"taxonomy":"category","embeddable":true,"href":"https:\/\/www.confederaciondelcobre.cl\/index.php\/wp-json\/wp\/v2\/categories?post=3328"},{"taxonomy":"post_tag","embeddable":true,"href":"https:\/\/www.confederaciondelcobre.cl\/index.php\/wp-json\/wp\/v2\/tags?post=3328"}],"curies":[{"name":"wp","href":"https:\/\/api.w.org\/{rel}","templated":true}]}}