{"id":3337,"date":"2023-03-24T13:41:19","date_gmt":"2023-03-24T17:41:19","guid":{"rendered":"https:\/\/www.confederaciondelcobre.cl\/?p=3337"},"modified":"2023-03-24T13:53:27","modified_gmt":"2023-03-24T17:53:27","slug":"ctc-se-reunio-con-director-s-regional-del-trabajo-de-atacama","status":"publish","type":"post","link":"https:\/\/www.confederaciondelcobre.cl\/index.php\/2023\/03\/24\/ctc-se-reunio-con-director-s-regional-del-trabajo-de-atacama\/","title":{"rendered":"CTC se reuni\u00f3 con Director (s) Regional del Trabajo de Atacama."},"content":{"rendered":"\n<p>El encuentro, de car\u00e1cter protocolar, tuvo por finalidad presentar a las federaciones de la organizaci\u00f3n en Atacama, como tambi\u00e9n establecer v\u00edas de comunicaci\u00f3n entre la CTC y sus federaciones con la Direcci\u00f3n Regional del Trabajo.<\/p>\n\n\n\n<hr class=\"wp-block-separator has-alpha-channel-opacity\"\/>\n\n\n\n<p>El d\u00eda de ayer, jueves 23 de marzo, y en dependencias de la Direcci\u00f3n Regional del Trabajo de Atacama, la Presidenta de la Confederaci\u00f3n de Trabajadores del Cobre (CTC), Ana Lamas Aguirre, se reuni\u00f3 con el Director (subrogante) Regional del Trabajo, Sergio Santiba\u00f1ez Catal\u00e1n. El encuentro, al que tambi\u00e9n asistieron Daniel C\u00e1ceres, Director Nacional Encargado de Negociaci\u00f3n y Conflicto de la CTC, y Maudy Contreras, Dirigenta de la Federaci\u00f3n de Sindicatos El Salvador (FESAL), fue de car\u00e1cter protocolar y tuvo como principal prop\u00f3sito hacer una presentaci\u00f3n de la organizaci\u00f3n y de sus federaciones en dicha regi\u00f3n (FESAL y FESAMAV), como tambi\u00e9n establecer v\u00edas de comunicaci\u00f3n entre la organizaci\u00f3n y la propia Direcci\u00f3n Regional.<\/p>\n\n\n\n<p>En la oportunidad tambi\u00e9n se hizo una hist\u00f3rica rese\u00f1a de la CTC, a la vez que se enfatiz\u00f3 sobre la existencia, vigencia y reciente fortalecimiento del Acuerdo Marco con Codelco y sus empresas contratistas. Un Acuerdo que, cabe destacar, acaba de ser revisado, ampliado y mejorado en la \u00faltima parte del a\u00f1o 2022, y que representa \u2014en la pr\u00e1ctica\u2014 una negociaci\u00f3n ramal para el sector minero e in\u00e9dita para el mundo privado. Junto con lo anterior, adem\u00e1s, se hizo un breve relato del actual estado de negociaciones colectivas en curso y tambi\u00e9n de aquellas por venir.<\/p>\n\n\n\n<p>Ana Lamas Aguirre, Presidenta de la CTC, valor\u00f3 este encuentro como muy positivo, toda vez que se trat\u00f3 de una especie de restablecimiento y normalizaci\u00f3n de las v\u00edas de comunicaci\u00f3n entre la organizaci\u00f3n que encabeza y la propia Direcci\u00f3n Regional del Trabajo de Atacama. Esto debido a que, durante la administraci\u00f3n y gobierno anterior, las autoridades de dicho servicio hab\u00edan tenido una actitud un tanto renuente en su disposici\u00f3n al di\u00e1logo con las organizaciones sindicales, en particular con la CTC. Finalmente la Presidenta de la CTC, junto con agradecer la disposici\u00f3n del Director (s) Regional del Trabajo de Atacama, hizo especial hincapi\u00e9 sobre la importancia de las organizaciones sindicales para un mejor di\u00e1logo social y, por supuesto, en la relaci\u00f3n que trabajadoras y trabajadores deben tener con las autoridades.<\/p>\n\n\n\n<p><\/p>\n\n\n\n<p><br><\/p>\n","protected":false},"excerpt":{"rendered":"<p>El encuentro, de car\u00e1cter protocolar, tuvo por finalidad presentar a las federaciones de la organizaci\u00f3n en Atacama, como tambi\u00e9n establecer v\u00edas de comunicaci\u00f3n entre la CTC y sus federaciones con &hellip; <\/p>\n","protected":false},"author":2,"featured_media":3339,"comment_status":"closed","ping_status":"closed","sticky":false,"template":"","format":"standard","meta":{"jetpack_post_was_ever_published":false,"_jetpack_newsletter_access":"","_jetpack_dont_email_post_to_subs":false,"_jetpack_newsletter_tier_id":0,"_jetpack_memberships_contains_paywalled_content":false,"_jetpack_memberships_contains_paid_content":false,"footnotes":"","jetpack_publicize_message":"","jetpack_publicize_feature_enabled":false,"jetpack_social_post_already_shared":true,"jetpack_social_options":{"image_generator_settings":{"template":"highway","default_image_id":0,"enabled":false},"version":2}},"categories":[9,21,28,25,17],"tags":[],"class_list":["post-3337","post","type-post","status-publish","format-standard","has-post-thumbnail","hentry","category-confederacion","category-federaciones","category-fesal","category-fesamav","category-regiones"],"jetpack_publicize_connections":[],"jetpack_featured_media_url":"https:\/\/www.confederaciondelcobre.cl\/wp-content\/uploads\/2023\/03\/PortDirRegAt.jpg","jetpack_sharing_enabled":true,"post_mailing_queue_ids":[],"_links":{"self":[{"href":"https:\/\/www.confederaciondelcobre.cl\/index.php\/wp-json\/wp\/v2\/posts\/3337","targetHints":{"allow":["GET"]}}],"collection":[{"href":"https:\/\/www.confederaciondelcobre.cl\/index.php\/wp-json\/wp\/v2\/posts"}],"about":[{"href":"https:\/\/www.confederaciondelcobre.cl\/index.php\/wp-json\/wp\/v2\/types\/post"}],"author":[{"embeddable":true,"href":"https:\/\/www.confederaciondelcobre.cl\/index.php\/wp-json\/wp\/v2\/users\/2"}],"replies":[{"embeddable":true,"href":"https:\/\/www.confederaciondelcobre.cl\/index.php\/wp-json\/wp\/v2\/comments?post=3337"}],"version-history":[{"count":3,"href":"https:\/\/www.confederaciondelcobre.cl\/index.php\/wp-json\/wp\/v2\/posts\/3337\/revisions"}],"predecessor-version":[{"id":3342,"href":"https:\/\/www.confederaciondelcobre.cl\/index.php\/wp-json\/wp\/v2\/posts\/3337\/revisions\/3342"}],"wp:featuredmedia":[{"embeddable":true,"href":"https:\/\/www.confederaciondelcobre.cl\/index.php\/wp-json\/wp\/v2\/media\/3339"}],"wp:attachment":[{"href":"https:\/\/www.confederaciondelcobre.cl\/index.php\/wp-json\/wp\/v2\/media?parent=3337"}],"wp:term":[{"taxonomy":"category","embeddable":true,"href":"https:\/\/www.confederaciondelcobre.cl\/index.php\/wp-json\/wp\/v2\/categories?post=3337"},{"taxonomy":"post_tag","embeddable":true,"href":"https:\/\/www.confederaciondelcobre.cl\/index.php\/wp-json\/wp\/v2\/tags?post=3337"}],"curies":[{"name":"wp","href":"https:\/\/api.w.org\/{rel}","templated":true}]}}