{"id":3392,"date":"2023-04-10T14:37:14","date_gmt":"2023-04-10T18:37:14","guid":{"rendered":"https:\/\/www.confederaciondelcobre.cl\/?p=3392"},"modified":"2023-04-10T14:37:17","modified_gmt":"2023-04-10T18:37:17","slug":"ctc-y-fetratec-se-reunieron-con-director-de-gestion-y-fiscalizacion-de-empresas-contratistas-de-codelco-division-el-teniente","status":"publish","type":"post","link":"https:\/\/www.confederaciondelcobre.cl\/index.php\/2023\/04\/10\/ctc-y-fetratec-se-reunieron-con-director-de-gestion-y-fiscalizacion-de-empresas-contratistas-de-codelco-division-el-teniente\/","title":{"rendered":"CTC y Fetratec se reunieron con Director de gesti\u00f3n y fiscalizaci\u00f3n de empresas contratistas de Codelco Divisi\u00f3n El Teniente."},"content":{"rendered":"\n<p>Se afianzaron canales de comunicaci\u00f3n entre Codelco El Teniente y la Fetratec, que es federaci\u00f3n e interlocutora v\u00e1lida de la CTC en la VI regi\u00f3n, adem\u00e1s de hacer seguimiento y evaluaci\u00f3n a la implementaci\u00f3n del Acuerdo Marco entre la CTC, Codelco y Agema.<\/p>\n\n\n\n<hr class=\"wp-block-separator has-alpha-channel-opacity\"\/>\n\n\n\n<p>En horas de la tarde del jueves 06 de abril, el ejecutivo Nacional de la Confederaci\u00f3n de Trabajadores del Cobre (CTC), en conjunto con la Federaci\u00f3n de Trabajadores Territorial del Cobre (Fetratec), que es federaci\u00f3n e interlocutora v\u00e1lida de la CTC en la VI regi\u00f3n, se reunieron con el Director de gesti\u00f3n y fiscalizaci\u00f3n de empresas contratistas de Codelco de la Divisi\u00f3n El Teniente (VI regi\u00f3n), Luis Mu\u00f1oz Astorga. En la cita, <strong>la Presidenta de la CTC, Ana Lamas Aguirre, junto a los Directores Nacionales Jedry Velis, Patricio Roco y Francisco Cabezas, hicieron una exposici\u00f3n y evaluaci\u00f3n sobre el cumplimiento del Acuerdo Marco que fue ampliado y mejorado durante el \u00faltimo trimestre de 2022, destacando que, si bien en t\u00e9rminos generales este ha tenido una positiva implementaci\u00f3n, a\u00fan hay casos en que la organizaci\u00f3n (CTC) esperar\u00eda mayor celeridad a fin de ser resueltos<\/strong>. Dicha situaci\u00f3n, indic\u00f3 la Presidenta de la CTC, merece una comunicaci\u00f3n mas fluida entre la administraci\u00f3n de la Divisi\u00f3n y la organizaci\u00f3n en el territorio.<\/p>\n\n\n\n<p>En el encuentro, al que tambi\u00e9n asistieron Luis Marchant, Director Nacional Encargado de Comunicaciones de la CTC y Presidente de la Fetratec; junto a los directores Rodrigo Berr\u00edos, Tom\u00e1s Cisterna, Marco Ibarra y Cristian Ruiz, tambi\u00e9n se abordaron asuntos relativos al control que lleva Codelco con las empresas contratistas, espec\u00edficamente en torno a las fiscalizaciones v\u00eda documentaci\u00f3n y en terreno. Del mismo modo, se expuso la necesidad de establecer conversaciones con la mandante (Codelco) sobre la futura implementaci\u00f3n del proyecto de ley que reduce la jornada laboral semanal de 45 a 40 horas en el rubro de la miner\u00eda, como tambi\u00e9n en la pr\u00f3xima aplicaci\u00f3n del Convenio 176 de la OIT sobre seguridad y salud en las minas.<\/p>\n\n\n\n<p>Por su parte, <strong>Luis Mu\u00f1oz, Director de gesti\u00f3n y fiscalizaci\u00f3n de empresas contratistas de Codelco en la Divisi\u00f3n El Teniente, coincidi\u00f3 en que, si bien ha habido importantes avances en la implementaci\u00f3n del Acuerdo Marco, destacando<\/strong> de paso que de 12 mil trabajadores [subcontratados] de la Divisi\u00f3n ya van 11 mil cubiertos<strong>, a\u00fan hay casos que se encuentran pendientes. Sin embargo, a\u00f1adi\u00f3 Luis Mu\u00f1oz, estos casos se est\u00e1n revisando con miras a una pronta resoluci\u00f3n<\/strong>, reafirmando que para ello es muy importante que la comunicaci\u00f3n con representantes de la organizaci\u00f3n en el territorio se desarrolle de la manera m\u00e1s fluida posible, no solo respecto del Acuerdo Marco, como por ejemplo el trabajo sobre g\u00e9nero e inclusi\u00f3n que se est\u00e1 desarrollando, sino que respecto de otras materias que sean necesarias abordar.<\/p>\n\n\n\n<figure class=\"wp-block-image size-full\"><img loading=\"lazy\" decoding=\"async\" width=\"735\" height=\"360\" src=\"https:\/\/www.confederaciondelcobre.cl\/wp-content\/uploads\/2023\/04\/Port.jpg\" alt=\"\" class=\"wp-image-3404\" srcset=\"https:\/\/www.confederaciondelcobre.cl\/wp-content\/uploads\/2023\/04\/Port.jpg 735w, https:\/\/www.confederaciondelcobre.cl\/wp-content\/uploads\/2023\/04\/Port-300x147.jpg 300w\" sizes=\"auto, (max-width: 735px) 100vw, 735px\" \/><figcaption>En la foto, y sosteniendo prendedor insignia de campa\u00f1a por la inclusi\u00f3n: Ejecutivo Nacional de la CTC, Directores de la Fetratec y Luis Mu\u00f1oz, Director de gesti\u00f3n y fiscalizaci\u00f3n de empresas contratistas de Codelco en la Divisi\u00f3n El Teniente.<\/figcaption><\/figure>\n\n\n\n<p>Mas tarde el ejecutivo nacional de la CTC, encabezado por Ana Lamas Aguirre, y la Federaci\u00f3n de Trabajadores Territorial del Cobre se reunieron en la sede de la CTC en la ciudad de Rancagua. En este encuentro, donde tambi\u00e9n particip\u00f3 Luis Marchant Vald\u00e9s, Presidente de la Fetratec y Director Nacional Encargado de Comunicaciones de la CTC, se analiz\u00f3 el cuadro de negociaciones colectivas en curso y de aquellas por venir en el territorio. La situaci\u00f3n, seg\u00fan evaluaron, siempre tiene un grado de incertidumbre, no obstante el panorama desde los trabajadores se ve en buen pi\u00e9. As\u00ed lo destac\u00f3 Luis Marchant, al se\u00f1alar que los trabajadores &#8220;mantienen muy en alto su convicci\u00f3n en torno a la unidad y disposici\u00f3n de lucha, sobre todo cuando se trata de sus justos y leg\u00edtimos derechos&#8221;. Por ahora, recalc\u00f3 Marchant, las cosas avanzan seg\u00fan lo previsto, &#8220;paso a paso, como debe ser&#8221;. Ana Lamas Aguirre, en tanto, salud\u00f3 el trabajo que se ha ido desarrollando respecto de las actuales negociaciones colectivas, sin embargo insisti\u00f3 en &#8220;seguir atentos, a no perder de vista cualquier intento que busque minar procesos que debieran resolverse de manera que resulte bien para todos, pero por sobre todo para las y los trabajadores y sus familias&#8221;, poniendo como ejemplo el reciente cierre de negociaci\u00f3n colectiva entre el Sindicato Tramsalpo (en El Salvador) con la empresa AMECO, una negociaci\u00f3n en que la empresa permanentemente puso trabas, pero que a pesar de ello los trabajadores lograron terminar su negociaci\u00f3n de manera exitosa. Finalmente, la Presidenta de la CTC llam\u00f3 a las y los trabajadores socios de la CTC en el territorio a seguir vigilantes respecto del cumplimiento e implementaci\u00f3n del Acuerdo Marco en la zona, a la vez que subray\u00f3 la importancia de seguir participando activamente en torno a sus sindicatos.<\/p>\n\n\n\n<figure class=\"wp-block-gallery has-nested-images columns-default is-cropped wp-block-gallery-1 is-layout-flex wp-block-gallery-is-layout-flex\">\n<figure class=\"wp-block-image size-large\"><img loading=\"lazy\" decoding=\"async\" width=\"1024\" height=\"461\" data-id=\"3398\" src=\"https:\/\/www.confederaciondelcobre.cl\/wp-content\/uploads\/2023\/04\/26761f2d-93b7-4030-b34e-e4b09bb9ebf7-1024x461.jpeg\" alt=\"\" class=\"wp-image-3398\" srcset=\"https:\/\/www.confederaciondelcobre.cl\/wp-content\/uploads\/2023\/04\/26761f2d-93b7-4030-b34e-e4b09bb9ebf7-1024x461.jpeg 1024w, https:\/\/www.confederaciondelcobre.cl\/wp-content\/uploads\/2023\/04\/26761f2d-93b7-4030-b34e-e4b09bb9ebf7-300x135.jpeg 300w, https:\/\/www.confederaciondelcobre.cl\/wp-content\/uploads\/2023\/04\/26761f2d-93b7-4030-b34e-e4b09bb9ebf7-768x346.jpeg 768w, https:\/\/www.confederaciondelcobre.cl\/wp-content\/uploads\/2023\/04\/26761f2d-93b7-4030-b34e-e4b09bb9ebf7.jpeg 1280w\" sizes=\"auto, (max-width: 1024px) 100vw, 1024px\" \/><\/figure>\n\n\n\n<figure class=\"wp-block-image size-large\"><img loading=\"lazy\" decoding=\"async\" width=\"1024\" height=\"461\" data-id=\"3399\" src=\"https:\/\/www.confederaciondelcobre.cl\/wp-content\/uploads\/2023\/04\/f3f425b9-d39f-43a0-830c-5b1dac9d3b8c-1024x461.jpeg\" alt=\"\" class=\"wp-image-3399\" srcset=\"https:\/\/www.confederaciondelcobre.cl\/wp-content\/uploads\/2023\/04\/f3f425b9-d39f-43a0-830c-5b1dac9d3b8c-1024x461.jpeg 1024w, https:\/\/www.confederaciondelcobre.cl\/wp-content\/uploads\/2023\/04\/f3f425b9-d39f-43a0-830c-5b1dac9d3b8c-300x135.jpeg 300w, https:\/\/www.confederaciondelcobre.cl\/wp-content\/uploads\/2023\/04\/f3f425b9-d39f-43a0-830c-5b1dac9d3b8c-768x346.jpeg 768w, https:\/\/www.confederaciondelcobre.cl\/wp-content\/uploads\/2023\/04\/f3f425b9-d39f-43a0-830c-5b1dac9d3b8c.jpeg 1280w\" sizes=\"auto, (max-width: 1024px) 100vw, 1024px\" \/><\/figure>\n<\/figure>\n","protected":false},"excerpt":{"rendered":"<p>Se afianzaron canales de comunicaci\u00f3n entre Codelco El Teniente y la Fetratec, que es federaci\u00f3n e interlocutora v\u00e1lida de la CTC en la VI regi\u00f3n, adem\u00e1s de hacer seguimiento y &hellip; <\/p>\n","protected":false},"author":2,"featured_media":3404,"comment_status":"closed","ping_status":"closed","sticky":false,"template":"","format":"standard","meta":{"jetpack_post_was_ever_published":false,"_jetpack_newsletter_access":"","_jetpack_dont_email_post_to_subs":false,"_jetpack_newsletter_tier_id":0,"_jetpack_memberships_contains_paywalled_content":false,"_jetpack_memberships_contains_paid_content":false,"footnotes":"","jetpack_publicize_message":"","jetpack_publicize_feature_enabled":false,"jetpack_social_post_already_shared":true,"jetpack_social_options":{"image_generator_settings":{"template":"highway","default_image_id":0,"enabled":false},"version":2}},"categories":[5,23,9,21,31],"tags":[],"class_list":["post-3392","post","type-post","status-publish","format-standard","has-post-thumbnail","hentry","category-acuerdo-marco","category-acuerdo-marco-codelco","category-confederacion","category-federaciones","category-fetratec"],"jetpack_publicize_connections":[],"jetpack_featured_media_url":"https:\/\/www.confederaciondelcobre.cl\/wp-content\/uploads\/2023\/04\/Port.jpg","jetpack_sharing_enabled":true,"post_mailing_queue_ids":[],"_links":{"self":[{"href":"https:\/\/www.confederaciondelcobre.cl\/index.php\/wp-json\/wp\/v2\/posts\/3392","targetHints":{"allow":["GET"]}}],"collection":[{"href":"https:\/\/www.confederaciondelcobre.cl\/index.php\/wp-json\/wp\/v2\/posts"}],"about":[{"href":"https:\/\/www.confederaciondelcobre.cl\/index.php\/wp-json\/wp\/v2\/types\/post"}],"author":[{"embeddable":true,"href":"https:\/\/www.confederaciondelcobre.cl\/index.php\/wp-json\/wp\/v2\/users\/2"}],"replies":[{"embeddable":true,"href":"https:\/\/www.confederaciondelcobre.cl\/index.php\/wp-json\/wp\/v2\/comments?post=3392"}],"version-history":[{"count":10,"href":"https:\/\/www.confederaciondelcobre.cl\/index.php\/wp-json\/wp\/v2\/posts\/3392\/revisions"}],"predecessor-version":[{"id":3406,"href":"https:\/\/www.confederaciondelcobre.cl\/index.php\/wp-json\/wp\/v2\/posts\/3392\/revisions\/3406"}],"wp:featuredmedia":[{"embeddable":true,"href":"https:\/\/www.confederaciondelcobre.cl\/index.php\/wp-json\/wp\/v2\/media\/3404"}],"wp:attachment":[{"href":"https:\/\/www.confederaciondelcobre.cl\/index.php\/wp-json\/wp\/v2\/media?parent=3392"}],"wp:term":[{"taxonomy":"category","embeddable":true,"href":"https:\/\/www.confederaciondelcobre.cl\/index.php\/wp-json\/wp\/v2\/categories?post=3392"},{"taxonomy":"post_tag","embeddable":true,"href":"https:\/\/www.confederaciondelcobre.cl\/index.php\/wp-json\/wp\/v2\/tags?post=3392"}],"curies":[{"name":"wp","href":"https:\/\/api.w.org\/{rel}","templated":true}]}}