{"id":3407,"date":"2023-04-11T17:37:14","date_gmt":"2023-04-11T21:37:14","guid":{"rendered":"https:\/\/www.confederaciondelcobre.cl\/?p=3407"},"modified":"2023-04-11T17:45:49","modified_gmt":"2023-04-11T21:45:49","slug":"calama-se-constituye-nuevo-sindicato-wss","status":"publish","type":"post","link":"https:\/\/www.confederaciondelcobre.cl\/index.php\/2023\/04\/11\/calama-se-constituye-nuevo-sindicato-wss\/","title":{"rendered":"Calama: se constituye nuevo Sindicato WSS"},"content":{"rendered":"\n<p>Conformado con alrededor de un 90% de mujeres, es el primer sindicato de la empresa WSS a nivel nacional.<\/p>\n\n\n\n<hr class=\"wp-block-separator has-alpha-channel-opacity\"\/>\n\n\n\n<p>El d\u00eda de hoy, martes 11 de abril, y en dependencias de la Inspecci\u00f3n del Trabajo en la Ciudad de Calama, se constituy\u00f3 el primer sindicato de la empresa WSS a nivel nacional, empresa que presta servicios tanto a Codelco como a otras mineras privadas. Dicho sindicato, conformado por pr\u00e1cticamente un 90% de mujeres, nace luego un intenso trabajo de organizaci\u00f3n previa por parte de sus socias y socios. As\u00ed lo destac\u00f3 su <strong>Presidente, Felipe Carrazana, quien hizo un llamado a las y los trabajadores de la empresa sumarse e incorporarse al recientemente constituido sindicato<\/strong>.<\/p>\n\n\n\n<p><strong>Los Directores Nacionales de la CTC, <strong>Juan Galindo<\/strong> y <strong>Jos\u00e9 Mardones,<\/strong><\/strong> quienes adem\u00e1s<strong> son Presidente y Director de organizaci\u00f3n <\/strong>de la<strong> FESITRAM (federaci\u00f3n de la CTC en el territorio), junto con felicitar la constituci\u00f3n de este nuevo sindicato, insistieron en el llamado a las y los trabajadores a sumarse y a seguir fortaleciendo esta nueva organizaci\u00f3n<\/strong>, pues es la \u00fanica v\u00eda para avanzar en la recuperaci\u00f3n y conquista de m\u00e1s y mejores derechos, tanto en lo remuneracional, como en condiciones sociales y de trabajo.<\/p>\n\n\n\n<p>Desde la Confederaci\u00f3n de Trabajadores del Cobre (CTC), saludamos y felicitamos la constituci\u00f3n del Sindicato de Trabajadoras y Trabajadores de Empresa WSS en la regi\u00f3n de Antofagasta, a la vez que reiteramos el llamado a fortalecerlo a\u00fan mas con la incorporaci\u00f3n de m\u00e1s socias y socios.<\/p>\n\n\n\n<p><\/p>\n","protected":false},"excerpt":{"rendered":"<p>Conformado con alrededor de un 90% de mujeres, es el primer sindicato de la empresa WSS a nivel nacional. El d\u00eda de hoy, martes 11 de abril, y en dependencias &hellip; <\/p>\n","protected":false},"author":2,"featured_media":3410,"comment_status":"closed","ping_status":"closed","sticky":false,"template":"","format":"standard","meta":{"jetpack_post_was_ever_published":false,"_jetpack_newsletter_access":"","_jetpack_dont_email_post_to_subs":false,"_jetpack_newsletter_tier_id":0,"_jetpack_memberships_contains_paywalled_content":false,"_jetpack_memberships_contains_paid_content":false,"footnotes":"","jetpack_publicize_message":"","jetpack_publicize_feature_enabled":false,"jetpack_social_post_already_shared":true,"jetpack_social_options":{"image_generator_settings":{"template":"highway","default_image_id":0,"enabled":false},"version":2}},"categories":[21,33,19],"tags":[],"class_list":["post-3407","post","type-post","status-publish","format-standard","has-post-thumbnail","hentry","category-federaciones","category-fesitram","category-trabajadores"],"jetpack_publicize_connections":[],"jetpack_featured_media_url":"https:\/\/www.confederaciondelcobre.cl\/wp-content\/uploads\/2023\/04\/PortWSS.jpg","jetpack_sharing_enabled":true,"post_mailing_queue_ids":[],"_links":{"self":[{"href":"https:\/\/www.confederaciondelcobre.cl\/index.php\/wp-json\/wp\/v2\/posts\/3407","targetHints":{"allow":["GET"]}}],"collection":[{"href":"https:\/\/www.confederaciondelcobre.cl\/index.php\/wp-json\/wp\/v2\/posts"}],"about":[{"href":"https:\/\/www.confederaciondelcobre.cl\/index.php\/wp-json\/wp\/v2\/types\/post"}],"author":[{"embeddable":true,"href":"https:\/\/www.confederaciondelcobre.cl\/index.php\/wp-json\/wp\/v2\/users\/2"}],"replies":[{"embeddable":true,"href":"https:\/\/www.confederaciondelcobre.cl\/index.php\/wp-json\/wp\/v2\/comments?post=3407"}],"version-history":[{"count":5,"href":"https:\/\/www.confederaciondelcobre.cl\/index.php\/wp-json\/wp\/v2\/posts\/3407\/revisions"}],"predecessor-version":[{"id":3414,"href":"https:\/\/www.confederaciondelcobre.cl\/index.php\/wp-json\/wp\/v2\/posts\/3407\/revisions\/3414"}],"wp:featuredmedia":[{"embeddable":true,"href":"https:\/\/www.confederaciondelcobre.cl\/index.php\/wp-json\/wp\/v2\/media\/3410"}],"wp:attachment":[{"href":"https:\/\/www.confederaciondelcobre.cl\/index.php\/wp-json\/wp\/v2\/media?parent=3407"}],"wp:term":[{"taxonomy":"category","embeddable":true,"href":"https:\/\/www.confederaciondelcobre.cl\/index.php\/wp-json\/wp\/v2\/categories?post=3407"},{"taxonomy":"post_tag","embeddable":true,"href":"https:\/\/www.confederaciondelcobre.cl\/index.php\/wp-json\/wp\/v2\/tags?post=3407"}],"curies":[{"name":"wp","href":"https:\/\/api.w.org\/{rel}","templated":true}]}}