{"id":3421,"date":"2023-04-20T16:19:27","date_gmt":"2023-04-20T20:19:27","guid":{"rendered":"https:\/\/www.confederaciondelcobre.cl\/?p=3421"},"modified":"2023-04-20T16:27:15","modified_gmt":"2023-04-20T20:27:15","slug":"acuerdomarco-ctc-codelco-postulacion-a-becas-de-educacion-superior-proceso-2023","status":"publish","type":"post","link":"https:\/\/www.confederaciondelcobre.cl\/index.php\/2023\/04\/20\/acuerdomarco-ctc-codelco-postulacion-a-becas-de-educacion-superior-proceso-2023\/","title":{"rendered":"#AcuerdoMarco CTC-Codelco: postulaci\u00f3n a Becas de Educaci\u00f3n Superior, proceso 2023."},"content":{"rendered":"\n<p>Compa\u00f1eras y Compa\u00f1eros, comunicamos que a partir del<strong> lunes 24 de abril inicia el proceso de postulaci\u00f3n a las Becas de Educaci\u00f3n Superior correspondientes a este a\u00f1o 2023.<\/strong><\/p>\n\n\n\n<ul class=\"wp-block-list\"><li>Las becas, contenidas en el nuevo y actual Acuerdo Marco entre la Confederaci\u00f3n de Trabajadores del Cobre (CTC), Agema y Codelco, son <strong>para trabajadoras y trabajadores que presten servicios personales, permanentes, continuos y exclusivos a la empresa contratista en los recintos industriales o establecimientos productivos o administrativos de las Divisiones Productivas de Codelco Chile<\/strong> (incluidas las dependencias de casa Matriz de la Empresa Principal), <strong>por un per\u00edodo m\u00ednimo de un mes calendario, en servicios para la operaci\u00f3n y para proyectos de obras que son contratados y administrados directamente por las Divisiones Productivas de Codelco, en r\u00e9gimen de subcontrataci\u00f3n laboral<\/strong>.<\/li><\/ul>\n\n\n\n<ul class=\"wp-block-list\"><li>Las becas establecen una cantidad de <strong>4.500 cupos\u00a0por un total de $959.840 pesos brutos\u00a0cada una, y se ampl\u00edan adem\u00e1s a las y los hijos del trabajador o trabajadora, a el o la c\u00f3nyuge o conviviente civil, y a el o la conviviente acompa\u00f1ando la respectiva declaraci\u00f3n notarial. Incluye tambi\u00e9n a las y los hijos no comunes de el o la c\u00f3nyuge o conviviente civil y del o la conviviente<\/strong>.<\/li><\/ul>\n\n\n\n<p><strong>IMPORTANTE: si bien el plazo para la postulaci\u00f3n comienza el lunes 24 de abril y termina el mi\u00e9rcoles 24 de mayo<\/strong>, la plataforma de postulaciones ya se encuentra habilitada para conocer las bases y antecedentes requeridos. Para hacerlo, debes ingresar preferentemente&nbsp;<strong>desde un computador<\/strong> (aunque tambi\u00e9n se puede hacer desde un dispositivo m\u00f3vil)&nbsp;al sitio de la OTIC de la C\u00e1mara Chilena de la Construcci\u00f3n&nbsp;<strong>(<a rel=\"noreferrer noopener\" href=\"https:\/\/www.oticdelaconstruccion.cl\/fondos2023\/\" target=\"_blank\"><u>haciendo click aqu\u00ed<\/u><\/a>)&nbsp;<\/strong>y seleccionar la opci\u00f3n \u201cBecas de Educaci\u00f3n Superior\u201d. Una vez all\u00ed, encontrar\u00e1s el acceso a la informaci\u00f3n de bases y requisitos se\u00f1alados.<\/p>\n\n\n\n<p><strong>Recuerda que solo a partir del lunes 24 de abril<\/strong>&nbsp;<strong>(hasta el mi\u00e9rcoles 24 de mayo) se habilitar\u00e1 la posibilidad de postulaci\u00f3n.<\/strong><\/p>\n\n\n\n<p>Las y los trabajadores agrupados y organizados en la Confederaci\u00f3n de Trabajadores del Cobre, a partir de la conquista y firma del Acuerdo Marco con Codelco, han logrado una serie de derechos y beneficios, entre ellos el acceso a Becas de Educaci\u00f3n Superior. Es por ello que, junto con hacer el llamado a mantener una activa y permanente organizaci\u00f3n sindical, llamamos a todas y todos a hacer sus postulaciones, seguir su proceso y difundir esta informaci\u00f3n entre sus compa\u00f1eras y compa\u00f1eros.<\/p>\n\n\n\n<p>Dejamos a continuaci\u00f3n, para su consideraci\u00f3n, calendario con el proceso completo e invitamos a compartir esta informaci\u00f3n con sus compa\u00f1eras y compa\u00f1eros de trabajo:<\/p>\n\n\n<div class=\"wp-block-image\">\n<figure class=\"aligncenter size-large\"><img loading=\"lazy\" decoding=\"async\" width=\"1024\" height=\"1024\" src=\"https:\/\/www.confederaciondelcobre.cl\/wp-content\/uploads\/2023\/04\/Becas-Educacion-Superior-1024x1024.png\" alt=\"\" class=\"wp-image-3424\" srcset=\"https:\/\/www.confederaciondelcobre.cl\/wp-content\/uploads\/2023\/04\/Becas-Educacion-Superior-1024x1024.png 1024w, https:\/\/www.confederaciondelcobre.cl\/wp-content\/uploads\/2023\/04\/Becas-Educacion-Superior-300x300.png 300w, https:\/\/www.confederaciondelcobre.cl\/wp-content\/uploads\/2023\/04\/Becas-Educacion-Superior-150x150.png 150w, https:\/\/www.confederaciondelcobre.cl\/wp-content\/uploads\/2023\/04\/Becas-Educacion-Superior-768x768.png 768w, https:\/\/www.confederaciondelcobre.cl\/wp-content\/uploads\/2023\/04\/Becas-Educacion-Superior.png 1080w\" sizes=\"auto, (max-width: 1024px) 100vw, 1024px\" \/><\/figure><\/div>","protected":false},"excerpt":{"rendered":"<p>Compa\u00f1eras y Compa\u00f1eros, comunicamos que a partir del lunes 24 de abril inicia el proceso de postulaci\u00f3n a las Becas de Educaci\u00f3n Superior correspondientes a este a\u00f1o 2023. Las becas, &hellip; <\/p>\n","protected":false},"author":2,"featured_media":3423,"comment_status":"closed","ping_status":"closed","sticky":false,"template":"","format":"standard","meta":{"jetpack_post_was_ever_published":false,"_jetpack_newsletter_access":"","_jetpack_dont_email_post_to_subs":false,"_jetpack_newsletter_tier_id":0,"_jetpack_memberships_contains_paywalled_content":false,"_jetpack_memberships_contains_paid_content":false,"footnotes":"","jetpack_publicize_message":"","jetpack_publicize_feature_enabled":false,"jetpack_social_post_already_shared":true,"jetpack_social_options":{"image_generator_settings":{"template":"highway","default_image_id":0,"enabled":false},"version":2}},"categories":[5,23,9,21,15,19],"tags":[],"class_list":["post-3421","post","type-post","status-publish","format-standard","has-post-thumbnail","hentry","category-acuerdo-marco","category-acuerdo-marco-codelco","category-confederacion","category-federaciones","category-nacional","category-trabajadores"],"jetpack_publicize_connections":[],"jetpack_featured_media_url":"https:\/\/www.confederaciondelcobre.cl\/wp-content\/uploads\/2023\/04\/PortBecas2023.jpg","jetpack_sharing_enabled":true,"post_mailing_queue_ids":[],"_links":{"self":[{"href":"https:\/\/www.confederaciondelcobre.cl\/index.php\/wp-json\/wp\/v2\/posts\/3421","targetHints":{"allow":["GET"]}}],"collection":[{"href":"https:\/\/www.confederaciondelcobre.cl\/index.php\/wp-json\/wp\/v2\/posts"}],"about":[{"href":"https:\/\/www.confederaciondelcobre.cl\/index.php\/wp-json\/wp\/v2\/types\/post"}],"author":[{"embeddable":true,"href":"https:\/\/www.confederaciondelcobre.cl\/index.php\/wp-json\/wp\/v2\/users\/2"}],"replies":[{"embeddable":true,"href":"https:\/\/www.confederaciondelcobre.cl\/index.php\/wp-json\/wp\/v2\/comments?post=3421"}],"version-history":[{"count":7,"href":"https:\/\/www.confederaciondelcobre.cl\/index.php\/wp-json\/wp\/v2\/posts\/3421\/revisions"}],"predecessor-version":[{"id":3436,"href":"https:\/\/www.confederaciondelcobre.cl\/index.php\/wp-json\/wp\/v2\/posts\/3421\/revisions\/3436"}],"wp:featuredmedia":[{"embeddable":true,"href":"https:\/\/www.confederaciondelcobre.cl\/index.php\/wp-json\/wp\/v2\/media\/3423"}],"wp:attachment":[{"href":"https:\/\/www.confederaciondelcobre.cl\/index.php\/wp-json\/wp\/v2\/media?parent=3421"}],"wp:term":[{"taxonomy":"category","embeddable":true,"href":"https:\/\/www.confederaciondelcobre.cl\/index.php\/wp-json\/wp\/v2\/categories?post=3421"},{"taxonomy":"post_tag","embeddable":true,"href":"https:\/\/www.confederaciondelcobre.cl\/index.php\/wp-json\/wp\/v2\/tags?post=3421"}],"curies":[{"name":"wp","href":"https:\/\/api.w.org\/{rel}","templated":true}]}}