{"id":3429,"date":"2023-04-18T17:35:44","date_gmt":"2023-04-18T21:35:44","guid":{"rendered":"https:\/\/www.confederaciondelcobre.cl\/?p=3429"},"modified":"2023-04-18T17:39:57","modified_gmt":"2023-04-18T21:39:57","slug":"comunicadoctc-en-relacion-a-ley-nain-retamal-conocida-como-ley-del-gatillo-facil","status":"publish","type":"post","link":"https:\/\/www.confederaciondelcobre.cl\/index.php\/2023\/04\/18\/comunicadoctc-en-relacion-a-ley-nain-retamal-conocida-como-ley-del-gatillo-facil\/","title":{"rendered":"#ComunicadoCTC: en relaci\u00f3n a ley Na\u00edn-Retamal, conocida como &#8220;Ley del gatillo f\u00e1cil&#8221;."},"content":{"rendered":"\n<p class=\"has-text-align-center\"><strong>DECLARACI\u00d3N P\u00daBLICA<\/strong><\/p>\n\n\n\n<p>En relaci\u00f3n a la ley llamada Na\u00edn-Retamal, ya conocida popularmente con el apelativo de \u201cLey del Gatillo F\u00e1cil\u201d, la Confederaci\u00f3n de Trabajadores del Cobre expresa a la opini\u00f3n p\u00fablica lo siguiente:<\/p>\n\n\n\n<p>1.- No se puede negar la presencia en Chile de un tipo de delincuencia especialmente agresiva, pero la delincuencia y la violencia de alta connotaci\u00f3n, lejos de ser un fen\u00f3meno nuevo en el pa\u00eds, viene en escalada desde hace ya varias d\u00e9cadas, y no es responsabilidad directa del gobierno de turno, como algunos interesadamente pretenden hacer creer.<\/p>\n\n\n\n<p>2.- Como clase trabajadora nos duele la muerte de carabineras o carabineros a manos de delincuentes, porque son hijos del pueblo y tambi\u00e9n son parte de la clase trabajadora, tengan o no conciencia de aquello, y esperamos que los asesinos sean capturados y sus cr\u00edmenes no queden en la impunidad. Pero seamos sinceros, claros y justos: tambi\u00e9n nos duele la muerte de trabajadores, estudiantes y pobladores a manos de carabineros. Nos duele la represi\u00f3n policial que combate con violencia extrema a la leg\u00edtima protesta social, y que en tantas ocasiones ha dejado muertos, heridos, golpeados y mutilados. Nos duele, adem\u00e1s, la corrupci\u00f3n en las altas esferas de la instituci\u00f3n. Y nos duele profundamente constatar que la mayor\u00eda de esos delitos y abusos quedan en la m\u00e1s absoluta impunidad, como ha venido sucediendo, al menos, desde la dictadura hasta nuestros d\u00edas. De la violencia policial las y los trabajadores del cobre tambi\u00e9n hemos sido v\u00edctima: a\u00fan esperamos justicia por el asesinato de nuestro compa\u00f1ero Nelson Quichillao L\u00f3pez, cuyo \u00fanico&nbsp;<em>delito<\/em>&nbsp;fue luchar por mejores condiciones de vida y trabajo, baleado por un carabinero que despu\u00e9s de 8 a\u00f1os sigue impune y en servicio activo.<\/p>\n\n\n\n<p>3.- Las y los trabajadores del cobre tambi\u00e9n queremos protecci\u00f3n para las y los carabineros que nos defienden de la delincuencia, pero a los impulsores de la ley Na\u00edn-Retamal, que sin duda abrir\u00e1 mayores espacios para la represi\u00f3n e impunidad, no les reconocemos autoridad ni calidad moral. Son el sector pol\u00edtico que antes promovi\u00f3 un golpe de Estado, aplaudi\u00f3 el crimen, la tortura, las desapariciones y la impunidad de los criminales. Son, en definitiva, los responsables pol\u00edticos de la precariedad y desigualdades sociales que han golpeado a nuestro pueblo por d\u00e9cadas, situaci\u00f3n que es caldo de cultivo para el desarrollo de la delincuencia com\u00fan. Son los que nunca impulsaron una ley Catrillanca, ni una ley Campillay-Gatica ni una ley Quichillao.<\/p>\n\n\n\n<p>Tenemos la firme convicci\u00f3n de que no habr\u00e1 soluci\u00f3n a la delincuencia ni a la violencia si no hay en Chile una profunda y definitiva transformaci\u00f3n pol\u00edtica y social, que elimine los privilegios y las desigualdades, que garantice derechos igualitarios y que asegure la justa distribuci\u00f3n de la riqueza. Como pueblo y como clase trabajadora organizada tenemos el deber y el leg\u00edtimo derecho a luchar por esas transformaciones.<\/p>\n\n\n\n<p class=\"has-text-align-center\"><strong>CONFEDERACI\u00d3N DE TRABAJADORES DEL COBRE<\/strong><\/p>\n\n\n\n<p class=\"has-text-align-right\">Chile, abril de 2023.<\/p>\n\n\n<div class=\"wp-block-image\">\n<figure class=\"aligncenter size-large\"><img loading=\"lazy\" decoding=\"async\" width=\"593\" height=\"1024\" src=\"https:\/\/www.confederaciondelcobre.cl\/wp-content\/uploads\/2023\/04\/Declaracion-por-ley-Nain-retamal-593x1024.png\" alt=\"\" class=\"wp-image-3431\" srcset=\"https:\/\/www.confederaciondelcobre.cl\/wp-content\/uploads\/2023\/04\/Declaracion-por-ley-Nain-retamal-593x1024.png 593w, https:\/\/www.confederaciondelcobre.cl\/wp-content\/uploads\/2023\/04\/Declaracion-por-ley-Nain-retamal-174x300.png 174w, https:\/\/www.confederaciondelcobre.cl\/wp-content\/uploads\/2023\/04\/Declaracion-por-ley-Nain-retamal.png 625w\" sizes=\"auto, (max-width: 593px) 100vw, 593px\" \/><\/figure><\/div>","protected":false},"excerpt":{"rendered":"<p>DECLARACI\u00d3N P\u00daBLICA En relaci\u00f3n a la ley llamada Na\u00edn-Retamal, ya conocida popularmente con el apelativo de \u201cLey del Gatillo F\u00e1cil\u201d, la Confederaci\u00f3n de Trabajadores del Cobre expresa a la opini\u00f3n &hellip; <\/p>\n","protected":false},"author":2,"featured_media":3430,"comment_status":"closed","ping_status":"closed","sticky":false,"template":"","format":"standard","meta":{"jetpack_post_was_ever_published":false,"_jetpack_newsletter_access":"","_jetpack_dont_email_post_to_subs":false,"_jetpack_newsletter_tier_id":0,"_jetpack_memberships_contains_paywalled_content":false,"_jetpack_memberships_contains_paid_content":false,"footnotes":"","jetpack_publicize_message":"","jetpack_publicize_feature_enabled":false,"jetpack_social_post_already_shared":true,"jetpack_social_options":{"image_generator_settings":{"template":"highway","default_image_id":0,"enabled":false},"version":2}},"categories":[8,9,15],"tags":[],"class_list":["post-3429","post","type-post","status-publish","format-standard","has-post-thumbnail","hentry","category-comunicado","category-confederacion","category-nacional"],"jetpack_publicize_connections":[],"jetpack_featured_media_url":"https:\/\/www.confederaciondelcobre.cl\/wp-content\/uploads\/2023\/04\/PortComLeyN-R.jpg","jetpack_sharing_enabled":true,"post_mailing_queue_ids":[],"_links":{"self":[{"href":"https:\/\/www.confederaciondelcobre.cl\/index.php\/wp-json\/wp\/v2\/posts\/3429","targetHints":{"allow":["GET"]}}],"collection":[{"href":"https:\/\/www.confederaciondelcobre.cl\/index.php\/wp-json\/wp\/v2\/posts"}],"about":[{"href":"https:\/\/www.confederaciondelcobre.cl\/index.php\/wp-json\/wp\/v2\/types\/post"}],"author":[{"embeddable":true,"href":"https:\/\/www.confederaciondelcobre.cl\/index.php\/wp-json\/wp\/v2\/users\/2"}],"replies":[{"embeddable":true,"href":"https:\/\/www.confederaciondelcobre.cl\/index.php\/wp-json\/wp\/v2\/comments?post=3429"}],"version-history":[{"count":2,"href":"https:\/\/www.confederaciondelcobre.cl\/index.php\/wp-json\/wp\/v2\/posts\/3429\/revisions"}],"predecessor-version":[{"id":3433,"href":"https:\/\/www.confederaciondelcobre.cl\/index.php\/wp-json\/wp\/v2\/posts\/3429\/revisions\/3433"}],"wp:featuredmedia":[{"embeddable":true,"href":"https:\/\/www.confederaciondelcobre.cl\/index.php\/wp-json\/wp\/v2\/media\/3430"}],"wp:attachment":[{"href":"https:\/\/www.confederaciondelcobre.cl\/index.php\/wp-json\/wp\/v2\/media?parent=3429"}],"wp:term":[{"taxonomy":"category","embeddable":true,"href":"https:\/\/www.confederaciondelcobre.cl\/index.php\/wp-json\/wp\/v2\/categories?post=3429"},{"taxonomy":"post_tag","embeddable":true,"href":"https:\/\/www.confederaciondelcobre.cl\/index.php\/wp-json\/wp\/v2\/tags?post=3429"}],"curies":[{"name":"wp","href":"https:\/\/api.w.org\/{rel}","templated":true}]}}