{"id":3447,"date":"2023-04-25T22:42:38","date_gmt":"2023-04-26T02:42:38","guid":{"rendered":"https:\/\/www.confederaciondelcobre.cl\/?p=3447"},"modified":"2023-04-26T00:23:52","modified_gmt":"2023-04-26T04:23:52","slug":"ctc-se-reunio-con-alcalde-de-calama","status":"publish","type":"post","link":"https:\/\/www.confederaciondelcobre.cl\/index.php\/2023\/04\/25\/ctc-se-reunio-con-alcalde-de-calama\/","title":{"rendered":"CTC se reuni\u00f3 con Alcalde de Calama."},"content":{"rendered":"\n<p>En el encuentro, junto con solidarizar con la comunidad de Calama, se abord\u00f3 situaci\u00f3n y propuestas de mayor seguridad para vecinas y vecinos como tambi\u00e9n para las y los trabajadores del cobre.<\/p>\n\n\n\n<hr class=\"wp-block-separator has-alpha-channel-opacity\"\/>\n\n\n\n<p>En horas de la tarde del lunes 24 de abril, el Ejecutivo Nacional de la Confederaci\u00f3n de Trabajadores del Cobre (CTC), en conjunto con la Federaci\u00f3n de Sindicatos de Trabajadores de la Miner\u00eda y Organizaciones Afines de la 2\u00aa regi\u00f3n (FESITRAM), que es federaci\u00f3n e interlocutora v\u00e1lida de la CTC en la II regi\u00f3n, se reuni\u00f3 con el Alcalde de la ciudad de Calama, Eliecer Chamorro. En la cita, de car\u00e1cter principalmente protocolar, Ana Lamas Aguirre, junto a los Directores Nacionales Stephanie Gonz\u00e1lez Ch\u00e1vez, Jedry Velis Palma y Francisco Cabezas Cort\u00e9s, hicieron una presentaci\u00f3n formal de la CTC, donde brevemente se expuso los pilares fundacionales de la organizaci\u00f3n y cuales son sus objetivos respecto de los derechos de las y los trabajadores del cobre, especialmente aquellas y aquellos que son subcontratados.<\/p>\n\n\n\n<figure class=\"wp-block-image size-large\"><img loading=\"lazy\" decoding=\"async\" width=\"1024\" height=\"576\" src=\"https:\/\/www.confederaciondelcobre.cl\/wp-content\/uploads\/2023\/04\/3d7b4d5a-cef0-46c6-937c-3b200108505a-1-1024x576.jpeg\" alt=\"\" class=\"wp-image-3448\" srcset=\"https:\/\/www.confederaciondelcobre.cl\/wp-content\/uploads\/2023\/04\/3d7b4d5a-cef0-46c6-937c-3b200108505a-1-1024x576.jpeg 1024w, https:\/\/www.confederaciondelcobre.cl\/wp-content\/uploads\/2023\/04\/3d7b4d5a-cef0-46c6-937c-3b200108505a-1-300x169.jpeg 300w, https:\/\/www.confederaciondelcobre.cl\/wp-content\/uploads\/2023\/04\/3d7b4d5a-cef0-46c6-937c-3b200108505a-1-768x432.jpeg 768w, https:\/\/www.confederaciondelcobre.cl\/wp-content\/uploads\/2023\/04\/3d7b4d5a-cef0-46c6-937c-3b200108505a-1-1536x864.jpeg 1536w, https:\/\/www.confederaciondelcobre.cl\/wp-content\/uploads\/2023\/04\/3d7b4d5a-cef0-46c6-937c-3b200108505a-1.jpeg 1600w\" sizes=\"auto, (max-width: 1024px) 100vw, 1024px\" \/><\/figure>\n\n\n\n<p>Tambi\u00e9n se solidariz\u00f3 con el alcalde, y por su intermedio con la comunidad de Calama, a prop\u00f3sito de la situaci\u00f3n que vive la ciudad en relaci\u00f3n a los \u00faltimos acontecimientos de connotaci\u00f3n delictual. Se plante\u00f3 la necesidad de profundizar a\u00fan m\u00e1s el trabajo con la comunidad, particularmente en atenci\u00f3n a la vulnerabilidad en que se encuentran las y los trabajadores subcontratados del cobre en su traslado desde y hacia las distintas faenas. En los hechos, por ejemplo, la falta de luminarias p\u00fablicas en los puntos de encuentro desde donde son trasladados hacia sus lugares de trabajo no solo pone en riesgo a las y los trabajadores sino que tambi\u00e9n afecta a la propia comunidad en su conjunto. Dicha situaci\u00f3n, recalcaron los dirigentes de la CTC, si bien es un asunto al que la municipalidad pone su atenci\u00f3n, tambi\u00e9n debiera ser abordada de manera especial y activa por parte de las empresas, tanto contratistas como la propia mandante Codelco. A este respecto, Alcalde y dirigentes manifestaron su absoluta disposici\u00f3n a seguir en contacto, pues, insistieron las y los dirigentes de la CTC, el fen\u00f3meno es multifactorial: la recuperaci\u00f3n de espacios p\u00fablicos tambi\u00e9n implica el desarrollo de mas iniciativas sociales, culturales, educativas, sindicales, etc, donde la comunidad en sus distintas expresiones se encuentre y rearticule en torno a actividades cuyo efecto ser\u00e1 un viraje a la situaci\u00f3n actual.<\/p>\n\n\n\n<p>En la oportunidad, cabe se\u00f1alar, particip\u00f3 Jos\u00e9 Mardones, Director Nacional de la CTC, exconcejal de Calama y actual candidato al Consejo Constitucional por la regi\u00f3n de Antofagasta, quien indic\u00f3 que para poder abordar de mejor manera las distintas necesidades, plante\u00f3 la urgente necesidad de m\u00e1s recursos, no solo para Calama sino que para la regi\u00f3n completa. Esto, recalc\u00f3 Mardones, a prop\u00f3sito de la diferencia que hay entre el aporte econ\u00f3mico que hace la regi\u00f3n versus lo que recibe, y que justamente all\u00ed radica una de las causas m\u00e1s importantes en lo que a falta de desarrollo en diferentes \u00e1reas se trata.<\/p>\n\n\n\n<p>Eliecer Chamorro, Alcalde de Calama, por su parte, planteo que en todo caso, y m\u00e1s a\u00fan en relaci\u00f3n a los hechos de violencia delictual, su accionar ser\u00e1 en atenci\u00f3n a las necesidades y decisi\u00f3n de la ciudadan\u00eda. Tambi\u00e9n agradeci\u00f3 las palabras de apoyo y solidaridad entregadas por los dirigentes de la CTC, a la vez que junto con valorar el apoyo en seguridad p\u00fablica provista desde el gobierno central, mencion\u00f3 tambi\u00e9n la necesidad de que se de pronto curso, por ejemplo, y desde el gobierno central, a proyectos de construcci\u00f3n y mejoramiento de infraestructura de la ciudad, haciendo menci\u00f3n a un hospital e incluso una universidad.<\/p>\n\n\n\n<p>La jornada termin\u00f3 con el establecimiento de canales de comunicaci\u00f3n, y con la disposici\u00f3n de desarrollar iniciativas en conjunto.<\/p>\n\n\n\n<figure class=\"wp-block-gallery has-nested-images columns-default is-cropped wp-block-gallery-1 is-layout-flex wp-block-gallery-is-layout-flex\">\n<figure class=\"wp-block-image size-large\"><img loading=\"lazy\" decoding=\"async\" width=\"1600\" height=\"900\" data-id=\"3442\" src=\"https:\/\/www.confederaciondelcobre.cl\/wp-content\/uploads\/2023\/04\/508ff6a0-e8a3-453b-b457-079dc7694f14.jpeg\" alt=\"\" class=\"wp-image-3442\" srcset=\"https:\/\/www.confederaciondelcobre.cl\/wp-content\/uploads\/2023\/04\/508ff6a0-e8a3-453b-b457-079dc7694f14.jpeg 1600w, https:\/\/www.confederaciondelcobre.cl\/wp-content\/uploads\/2023\/04\/508ff6a0-e8a3-453b-b457-079dc7694f14-300x169.jpeg 300w, https:\/\/www.confederaciondelcobre.cl\/wp-content\/uploads\/2023\/04\/508ff6a0-e8a3-453b-b457-079dc7694f14-1024x576.jpeg 1024w, https:\/\/www.confederaciondelcobre.cl\/wp-content\/uploads\/2023\/04\/508ff6a0-e8a3-453b-b457-079dc7694f14-768x432.jpeg 768w, https:\/\/www.confederaciondelcobre.cl\/wp-content\/uploads\/2023\/04\/508ff6a0-e8a3-453b-b457-079dc7694f14-1536x864.jpeg 1536w\" sizes=\"auto, (max-width: 1600px) 100vw, 1600px\" \/><\/figure>\n\n\n\n<figure class=\"wp-block-image size-large\"><img loading=\"lazy\" decoding=\"async\" width=\"1600\" height=\"900\" data-id=\"3441\" src=\"https:\/\/www.confederaciondelcobre.cl\/wp-content\/uploads\/2023\/04\/ad6d1037-97d5-47db-b38b-2463670ace75.jpeg\" alt=\"\" class=\"wp-image-3441\" srcset=\"https:\/\/www.confederaciondelcobre.cl\/wp-content\/uploads\/2023\/04\/ad6d1037-97d5-47db-b38b-2463670ace75.jpeg 1600w, https:\/\/www.confederaciondelcobre.cl\/wp-content\/uploads\/2023\/04\/ad6d1037-97d5-47db-b38b-2463670ace75-300x169.jpeg 300w, https:\/\/www.confederaciondelcobre.cl\/wp-content\/uploads\/2023\/04\/ad6d1037-97d5-47db-b38b-2463670ace75-1024x576.jpeg 1024w, https:\/\/www.confederaciondelcobre.cl\/wp-content\/uploads\/2023\/04\/ad6d1037-97d5-47db-b38b-2463670ace75-768x432.jpeg 768w, https:\/\/www.confederaciondelcobre.cl\/wp-content\/uploads\/2023\/04\/ad6d1037-97d5-47db-b38b-2463670ace75-1536x864.jpeg 1536w\" sizes=\"auto, (max-width: 1600px) 100vw, 1600px\" \/><\/figure>\n<\/figure>\n","protected":false},"excerpt":{"rendered":"<p>En el encuentro, junto con solidarizar con la comunidad de Calama, se abord\u00f3 situaci\u00f3n y propuestas de mayor seguridad para vecinas y vecinos como tambi\u00e9n para las y los trabajadores &hellip; <\/p>\n","protected":false},"author":2,"featured_media":3450,"comment_status":"closed","ping_status":"closed","sticky":false,"template":"","format":"standard","meta":{"jetpack_post_was_ever_published":false,"_jetpack_newsletter_access":"","_jetpack_dont_email_post_to_subs":false,"_jetpack_newsletter_tier_id":0,"_jetpack_memberships_contains_paywalled_content":false,"_jetpack_memberships_contains_paid_content":false,"footnotes":"","jetpack_publicize_message":"","jetpack_publicize_feature_enabled":false,"jetpack_social_post_already_shared":true,"jetpack_social_options":{"image_generator_settings":{"template":"highway","default_image_id":0,"enabled":false},"version":2}},"categories":[9,21,33,17,19],"tags":[],"class_list":["post-3447","post","type-post","status-publish","format-standard","has-post-thumbnail","hentry","category-confederacion","category-federaciones","category-fesitram","category-regiones","category-trabajadores"],"jetpack_publicize_connections":[],"jetpack_featured_media_url":"https:\/\/www.confederaciondelcobre.cl\/wp-content\/uploads\/2023\/04\/PortAlcCalama.jpg","jetpack_sharing_enabled":true,"post_mailing_queue_ids":[],"_links":{"self":[{"href":"https:\/\/www.confederaciondelcobre.cl\/index.php\/wp-json\/wp\/v2\/posts\/3447","targetHints":{"allow":["GET"]}}],"collection":[{"href":"https:\/\/www.confederaciondelcobre.cl\/index.php\/wp-json\/wp\/v2\/posts"}],"about":[{"href":"https:\/\/www.confederaciondelcobre.cl\/index.php\/wp-json\/wp\/v2\/types\/post"}],"author":[{"embeddable":true,"href":"https:\/\/www.confederaciondelcobre.cl\/index.php\/wp-json\/wp\/v2\/users\/2"}],"replies":[{"embeddable":true,"href":"https:\/\/www.confederaciondelcobre.cl\/index.php\/wp-json\/wp\/v2\/comments?post=3447"}],"version-history":[{"count":2,"href":"https:\/\/www.confederaciondelcobre.cl\/index.php\/wp-json\/wp\/v2\/posts\/3447\/revisions"}],"predecessor-version":[{"id":3451,"href":"https:\/\/www.confederaciondelcobre.cl\/index.php\/wp-json\/wp\/v2\/posts\/3447\/revisions\/3451"}],"wp:featuredmedia":[{"embeddable":true,"href":"https:\/\/www.confederaciondelcobre.cl\/index.php\/wp-json\/wp\/v2\/media\/3450"}],"wp:attachment":[{"href":"https:\/\/www.confederaciondelcobre.cl\/index.php\/wp-json\/wp\/v2\/media?parent=3447"}],"wp:term":[{"taxonomy":"category","embeddable":true,"href":"https:\/\/www.confederaciondelcobre.cl\/index.php\/wp-json\/wp\/v2\/categories?post=3447"},{"taxonomy":"post_tag","embeddable":true,"href":"https:\/\/www.confederaciondelcobre.cl\/index.php\/wp-json\/wp\/v2\/tags?post=3447"}],"curies":[{"name":"wp","href":"https:\/\/api.w.org\/{rel}","templated":true}]}}