{"id":3452,"date":"2023-04-27T20:24:00","date_gmt":"2023-04-28T00:24:00","guid":{"rendered":"https:\/\/www.confederaciondelcobre.cl\/?p=3452"},"modified":"2023-04-27T21:57:39","modified_gmt":"2023-04-28T01:57:39","slug":"ctc-y-fesitram-se-reunieron-con-directores-de-gestion-y-fiscalizacion-de-empresas-contratistas-de-codelco-de-las-divisiones-chuquicamata-radomiro-tomic-gabriela-mistral-y-ministro-hales","status":"publish","type":"post","link":"https:\/\/www.confederaciondelcobre.cl\/index.php\/2023\/04\/27\/ctc-y-fesitram-se-reunieron-con-directores-de-gestion-y-fiscalizacion-de-empresas-contratistas-de-codelco-de-las-divisiones-chuquicamata-radomiro-tomic-gabriela-mistral-y-ministro-hales\/","title":{"rendered":"CTC y Fesitram se reunieron con Directores de gesti\u00f3n y fiscalizaci\u00f3n de empresas contratistas de Codelco de las Divisiones Chuquicamata, Radomiro Tomic, Gabriela Mistral y Ministro Hales."},"content":{"rendered":"\n<p>El encuentro tuvo por finalidad evaluar y hacer seguimiento a la implementaci\u00f3n del Acuerdo Marco con la mandante estatal (Codelco), y abordar tem\u00e1ticas de seguridad para las y los trabajadores.<\/p>\n\n\n\n<hr class=\"wp-block-separator has-alpha-channel-opacity\"\/>\n\n\n\n<p>En horas de la ma\u00f1ana del martes 25 de abril, el Ejecutivo Nacional de la Confederaci\u00f3n de Trabajadores del Cobre (CTC), en conjunto con la Federaci\u00f3n de Sindicatos de Trabajadores de la Miner\u00eda y Organizaciones Afines de la 2\u00aa regi\u00f3n (FESITRAM), que es federaci\u00f3n e interlocutora v\u00e1lida de la CTC en la II regi\u00f3n, se reunieron con los Directores de gesti\u00f3n y fiscalizaci\u00f3n de empresas contratistas de Codelco de las Divisiones Chuquicamata, Radomiro Tomic, Gabriela Mistral y Ministro Hales (Juan Ra\u00fal Zepeda y Milko Araya, Sergio Sanhueza, Sibila Vald\u00e9s y Oscar Blaimont, respectivamente).<\/p>\n\n\n<div class=\"wp-block-image\">\n<figure class=\"aligncenter size-large\"><img loading=\"lazy\" decoding=\"async\" width=\"1024\" height=\"578\" src=\"https:\/\/www.confederaciondelcobre.cl\/wp-content\/uploads\/2023\/04\/EjNac-1024x578.jpg\" alt=\"\" class=\"wp-image-3457\" srcset=\"https:\/\/www.confederaciondelcobre.cl\/wp-content\/uploads\/2023\/04\/EjNac-1024x578.jpg 1024w, https:\/\/www.confederaciondelcobre.cl\/wp-content\/uploads\/2023\/04\/EjNac-300x169.jpg 300w, https:\/\/www.confederaciondelcobre.cl\/wp-content\/uploads\/2023\/04\/EjNac-768x434.jpg 768w, https:\/\/www.confederaciondelcobre.cl\/wp-content\/uploads\/2023\/04\/EjNac-1536x867.jpg 1536w, https:\/\/www.confederaciondelcobre.cl\/wp-content\/uploads\/2023\/04\/EjNac-2048x1156.jpg 2048w\" sizes=\"auto, (max-width: 1024px) 100vw, 1024px\" \/><figcaption>Miembros del Ejecutivo Nacional de la CTC, encabezados por la Presidenta de la CTC Ana Lamas Aguirre<\/figcaption><\/figure><\/div>\n\n\n<p>En la cita,&nbsp;la Presidenta de la CTC, Ana Lamas Aguirre, junto a los Directores Nacionales Stephanie Gonz\u00e1lez Ch\u00e1vez, Jedry Velis Palma, Francisco Cabezas Cort\u00e9s y Jos\u00e9 Mardones Gallardo hicieron una breve presentaci\u00f3n sobre el cumplimiento del Acuerdo Marco, evaluando \u2014hasta ahora\u2014 su implementaci\u00f3n como positiva, no obstante la existencia de varios casos particulares que a\u00fan se encuentran en proceso de resoluci\u00f3n. A este respecto, los representantes de Codelco se\u00f1alaron que si bien la implementaci\u00f3n de dicho acuerdo ha sido alta, coindicieron en que a\u00fan hay casos pendientes y que est\u00e1n siendo estudiados a fin de tener pronta soluci\u00f3n.<\/p>\n\n\n\n<p>En dicho encuentro, al que tambi\u00e9n asistieron por parte de la Fesitram Juan Galindo, Presidente; Marcos D\u00edaz, Secretario; Leonardo Illescas, Tesorero; Jos\u00e9 Mardones, Encargado de Organizaci\u00f3n; y los Directores Benigno Monta\u00f1o, Daniel Anza y Jonathan Ramos, adem\u00e1s, se plante\u00f3 abordar con prontitud la implementaci\u00f3n del Convenio 176 de la OIT sobre seguridad y salud en las minas, que se espera pronto sea ratificado por el Estado de Chile. Esto, por cierto, en conversaci\u00f3n y trabajo permanente, tanto con Codelco, sus empresas contratistas y la propia CTC. Tambi\u00e9n recalcaron sobre la implementaci\u00f3n de la ley que reduce la jornada laboral de 45 a  40 horas semanales, indicando que se necesita de un trabajo en conjunto, un di\u00e1logo claro sobre aquello, pues ya es ley de la rep\u00fablica y esta debe empezar a implementarse, aunque progresivamente, desde ya.<\/p>\n\n\n\n<p><strong>Seguridad para la comunidad debe incluir seguridad para las y los trabajadores.<\/strong><\/p>\n\n\n\n<p>El d\u00eda anterior, el lunes 24, el Ejecutivo Nacional de la CTC y la FESITRAM se reunieron a fin de evaluar en conjunto el panorama para lo que resta del a\u00f1o. Se revisaron los procesos de negociaciones colectivas en curso y por venir, como tambi\u00e9n la implementaci\u00f3n del Acuerdo Marco con Codelco. A lo anterior, adem\u00e1s, se sum\u00f3 el an\u00e1lisis a la situaci\u00f3n actual en relaci\u00f3n a los \u00faltimos acontecimientos de connotaci\u00f3n delictual en la ciudad de Calama. Dicho asunto, cabe destacar, tambi\u00e9n <a href=\"https:\/\/www.confederaciondelcobre.cl\/index.php\/2023\/04\/25\/ctc-se-reunio-con-alcalde-de-calama\/\" target=\"_blank\" rel=\"noreferrer noopener\">fue abordado con el propio alcalde de la comuna (Eliecer Chamorro)<\/a> ese mismo d\u00eda en horas de la tarde, donde se coincidi\u00f3 en que la seguridad de la comunidad debe necesariamente implicar seguridad para las y los trabajadores.<\/p>\n\n\n\n<figure class=\"wp-block-image size-large\"><img loading=\"lazy\" decoding=\"async\" width=\"1024\" height=\"576\" src=\"https:\/\/www.confederaciondelcobre.cl\/wp-content\/uploads\/2023\/04\/5ee30723-af2e-4c6a-8e4c-dafa0c1b105b-1024x576.jpeg\" alt=\"\" class=\"wp-image-3458\" srcset=\"https:\/\/www.confederaciondelcobre.cl\/wp-content\/uploads\/2023\/04\/5ee30723-af2e-4c6a-8e4c-dafa0c1b105b-1024x576.jpeg 1024w, https:\/\/www.confederaciondelcobre.cl\/wp-content\/uploads\/2023\/04\/5ee30723-af2e-4c6a-8e4c-dafa0c1b105b-300x169.jpeg 300w, https:\/\/www.confederaciondelcobre.cl\/wp-content\/uploads\/2023\/04\/5ee30723-af2e-4c6a-8e4c-dafa0c1b105b-768x432.jpeg 768w, https:\/\/www.confederaciondelcobre.cl\/wp-content\/uploads\/2023\/04\/5ee30723-af2e-4c6a-8e4c-dafa0c1b105b-1536x864.jpeg 1536w, https:\/\/www.confederaciondelcobre.cl\/wp-content\/uploads\/2023\/04\/5ee30723-af2e-4c6a-8e4c-dafa0c1b105b.jpeg 1600w\" sizes=\"auto, (max-width: 1024px) 100vw, 1024px\" \/><figcaption>Ejecutivo Nacional de la CTC, Directorio de la Fesitram y Directores de gesti\u00f3n y fiscalizaci\u00f3n de empresas contratistas de Codelco de las Divisiones Chuquicamata, Radomiro Tomic, Gabriela Mistral y Ministro Hales <\/figcaption><\/figure>\n\n\n\n<p>Es por ello que, y dada la instancia con representantes de Codelco, la Confederaci\u00f3n de Trabajadores del Cobre plante\u00f3 su preocupaci\u00f3n, por ejemplo, sobre el sistema traslado de las y los trabajadores contratistas y subcontratistas. Dichos trabajadores, indicaron, se tienen que movilizar por sus propios medios a los lugares de recogida o puntos de encuentro, una situaci\u00f3n que adem\u00e1s ocurre generalmente en horas de la madrugada y en lugares sin una adecuada luminaria p\u00fablica. En cambio, subrayaron los dirigentes de la CTC, para las y los trabajadores de planta el transporte es desde y hacia el propio domicilio. Entonces, si las y los trabajadores contratistas se encuentran a la deriva y abandonados a su propia suerte, m\u00e1s a\u00fan en las actuales condiciones, \u00bfpor qu\u00e9 no implementar para las y los contratistas el mismo sistema que existe para las y los de planta? Es por ello que las y los dirigentes de la CTC insistieron en que adem\u00e1s de los esfuerzos de organismos p\u00fablicos competentes, sean del gobierno central, regional o local, se hace absolutamente necesario el involucramiento activo de las empresas, principalmente de la miner\u00eda en la zona, sean la mandante estatal (Codelco) como sus empresas contratistas.<\/p>\n\n\n\n<p>Para finalizar, el encuentro dej\u00f3 establecidos canales de comunicaci\u00f3n entre las distintas divisiones del distrito norte de Codelco con la Fesitram, \u00fanica interlocutora v\u00e1lida de la CTC en el territorio, no obstante el contacto directo con el propio ejecutivo o directorio nacional. Tambi\u00e9n el compromiso, de parte de los representantes de Codelco, de seguir trabajando en pos de que el Acuerdo Marco se contin\u00fae implementando y respetando.<\/p>\n","protected":false},"excerpt":{"rendered":"<p>El encuentro tuvo por finalidad evaluar y hacer seguimiento a la implementaci\u00f3n del Acuerdo Marco con la mandante estatal (Codelco), y abordar tem\u00e1ticas de seguridad para las y los trabajadores. &hellip; <\/p>\n","protected":false},"author":2,"featured_media":3456,"comment_status":"closed","ping_status":"closed","sticky":false,"template":"","format":"standard","meta":{"jetpack_post_was_ever_published":false,"_jetpack_newsletter_access":"","_jetpack_dont_email_post_to_subs":false,"_jetpack_newsletter_tier_id":0,"_jetpack_memberships_contains_paywalled_content":false,"_jetpack_memberships_contains_paid_content":false,"footnotes":"","jetpack_publicize_message":"","jetpack_publicize_feature_enabled":false,"jetpack_social_post_already_shared":true,"jetpack_social_options":{"image_generator_settings":{"template":"highway","default_image_id":0,"enabled":false},"version":2}},"categories":[5,23,9,21,33,19],"tags":[],"class_list":["post-3452","post","type-post","status-publish","format-standard","has-post-thumbnail","hentry","category-acuerdo-marco","category-acuerdo-marco-codelco","category-confederacion","category-federaciones","category-fesitram","category-trabajadores"],"jetpack_publicize_connections":[],"jetpack_featured_media_url":"https:\/\/www.confederaciondelcobre.cl\/wp-content\/uploads\/2023\/04\/PortCalama.jpg","jetpack_sharing_enabled":true,"post_mailing_queue_ids":[],"_links":{"self":[{"href":"https:\/\/www.confederaciondelcobre.cl\/index.php\/wp-json\/wp\/v2\/posts\/3452","targetHints":{"allow":["GET"]}}],"collection":[{"href":"https:\/\/www.confederaciondelcobre.cl\/index.php\/wp-json\/wp\/v2\/posts"}],"about":[{"href":"https:\/\/www.confederaciondelcobre.cl\/index.php\/wp-json\/wp\/v2\/types\/post"}],"author":[{"embeddable":true,"href":"https:\/\/www.confederaciondelcobre.cl\/index.php\/wp-json\/wp\/v2\/users\/2"}],"replies":[{"embeddable":true,"href":"https:\/\/www.confederaciondelcobre.cl\/index.php\/wp-json\/wp\/v2\/comments?post=3452"}],"version-history":[{"count":5,"href":"https:\/\/www.confederaciondelcobre.cl\/index.php\/wp-json\/wp\/v2\/posts\/3452\/revisions"}],"predecessor-version":[{"id":3460,"href":"https:\/\/www.confederaciondelcobre.cl\/index.php\/wp-json\/wp\/v2\/posts\/3452\/revisions\/3460"}],"wp:featuredmedia":[{"embeddable":true,"href":"https:\/\/www.confederaciondelcobre.cl\/index.php\/wp-json\/wp\/v2\/media\/3456"}],"wp:attachment":[{"href":"https:\/\/www.confederaciondelcobre.cl\/index.php\/wp-json\/wp\/v2\/media?parent=3452"}],"wp:term":[{"taxonomy":"category","embeddable":true,"href":"https:\/\/www.confederaciondelcobre.cl\/index.php\/wp-json\/wp\/v2\/categories?post=3452"},{"taxonomy":"post_tag","embeddable":true,"href":"https:\/\/www.confederaciondelcobre.cl\/index.php\/wp-json\/wp\/v2\/tags?post=3452"}],"curies":[{"name":"wp","href":"https:\/\/api.w.org\/{rel}","templated":true}]}}