{"id":3461,"date":"2023-04-28T11:58:06","date_gmt":"2023-04-28T15:58:06","guid":{"rendered":"https:\/\/www.confederaciondelcobre.cl\/?p=3461"},"modified":"2023-04-28T11:58:09","modified_gmt":"2023-04-28T15:58:09","slug":"comunicadoctc-ctc-apoya-y-promueve-candidatura-de-jose-mardones-gallardo-al-consejo-constitucional","status":"publish","type":"post","link":"https:\/\/www.confederaciondelcobre.cl\/index.php\/2023\/04\/28\/comunicadoctc-ctc-apoya-y-promueve-candidatura-de-jose-mardones-gallardo-al-consejo-constitucional\/","title":{"rendered":"#ComunicadoCTC: CTC apoya y promueve candidatura de Jos\u00e9 Mardones Gallardo al Consejo Constitucional."},"content":{"rendered":"\n<p class=\"has-text-align-center\"><strong>CTC apoya y promueve candidatura de<\/strong> <strong>Jos\u00e9 Mardones Gallardo al Consejo Constitucional.<\/strong><\/p>\n\n\n\n<p>En el marco del actual proceso constitucional la Confederaci\u00f3n de Trabajadores del Cobre (CTC), organizaci\u00f3n nacional que agrupa y organiza a trabajadoras y trabajadores contratistas y subcontratistas de la miner\u00eda, comunica a la opini\u00f3n p\u00fablica y al pa\u00eds su <strong>total apoyo a Jos\u00e9 Mardones Gallardo como candidato al Consejo Constitucional por la regi\u00f3n de Antofagasta<\/strong>.<\/p>\n\n\n\n<p><strong>Jos\u00e9 Mardones Gallardo<\/strong> ha sido <strong>Concejal de la Municipalidad de Calama<\/strong> por dos per\u00edodos consecutivos, por tres per\u00edodos <strong>Presidente y actual Secretario General de la Central Unitaria de Trabajadores (CUT) Provincial El Loa<\/strong>. Tambi\u00e9n es <strong>Presidente del Sindicato SGS CIMM sede Calama y Dirigente Nacional de la Confederaci\u00f3n de Trabajadores del Cobre (CTC)<\/strong>. Su evidente y destacada trayectoria, edilicia y sindical, pone a nuestro compa\u00f1ero a la altura de este gran desaf\u00edo, que es elaborar un nuevo proyecto de constituci\u00f3n pol\u00edtica para Chile.<\/p>\n\n\n\n<p>En consecuencia, y como organizaci\u00f3n sindical que nace desde las m\u00e1s genuinas reivinidaciones de justicia para las y los m\u00e1s postergados en la industria minera, reiteramos y reafirmamos nuestro <strong>total apoyo a Jos\u00e9 Mardones Gallardo como candidato al Consejo Constitucional por la regi\u00f3n de Antofagasta<\/strong>.<\/p>\n\n\n\n<p class=\"has-text-align-center\"><strong>CONFEDERACI\u00d3N DE TRABAJADORES DEL COBRE<\/strong><\/p>\n\n\n\n<p class=\"has-text-align-right\"><strong>\u00ad\u00ad\u00ad\u00ad\u00ad<\/strong> Chile, abril de 2023.<\/p>\n\n\n\n<figure class=\"wp-block-image size-large\"><img loading=\"lazy\" decoding=\"async\" width=\"731\" height=\"1024\" src=\"https:\/\/www.confederaciondelcobre.cl\/wp-content\/uploads\/2023\/04\/CTC-Apoya-candidatura-Jose\u0301-Mardones-731x1024.png\" alt=\"\" class=\"wp-image-3462\" srcset=\"https:\/\/www.confederaciondelcobre.cl\/wp-content\/uploads\/2023\/04\/CTC-Apoya-candidatura-Jose\u0301-Mardones-731x1024.png 731w, https:\/\/www.confederaciondelcobre.cl\/wp-content\/uploads\/2023\/04\/CTC-Apoya-candidatura-Jose\u0301-Mardones-214x300.png 214w, https:\/\/www.confederaciondelcobre.cl\/wp-content\/uploads\/2023\/04\/CTC-Apoya-candidatura-Jose\u0301-Mardones-768x1076.png 768w, https:\/\/www.confederaciondelcobre.cl\/wp-content\/uploads\/2023\/04\/CTC-Apoya-candidatura-Jose\u0301-Mardones.png 771w\" sizes=\"auto, (max-width: 731px) 100vw, 731px\" \/><\/figure>\n","protected":false},"excerpt":{"rendered":"<p>CTC apoya y promueve candidatura de Jos\u00e9 Mardones Gallardo al Consejo Constitucional. En el marco del actual proceso constitucional la Confederaci\u00f3n de Trabajadores del Cobre (CTC), organizaci\u00f3n nacional que agrupa &hellip; <\/p>\n","protected":false},"author":2,"featured_media":3463,"comment_status":"closed","ping_status":"closed","sticky":false,"template":"","format":"standard","meta":{"jetpack_post_was_ever_published":false,"_jetpack_newsletter_access":"","_jetpack_dont_email_post_to_subs":false,"_jetpack_newsletter_tier_id":0,"_jetpack_memberships_contains_paywalled_content":false,"_jetpack_memberships_contains_paid_content":false,"footnotes":"","jetpack_publicize_message":"","jetpack_publicize_feature_enabled":false,"jetpack_social_post_already_shared":true,"jetpack_social_options":{"image_generator_settings":{"template":"highway","default_image_id":0,"enabled":false},"version":2}},"categories":[8,9,15,17],"tags":[],"class_list":["post-3461","post","type-post","status-publish","format-standard","has-post-thumbnail","hentry","category-comunicado","category-confederacion","category-nacional","category-regiones"],"jetpack_publicize_connections":[],"jetpack_featured_media_url":"https:\/\/www.confederaciondelcobre.cl\/wp-content\/uploads\/2023\/04\/PortComJM.jpg","jetpack_sharing_enabled":true,"post_mailing_queue_ids":[],"_links":{"self":[{"href":"https:\/\/www.confederaciondelcobre.cl\/index.php\/wp-json\/wp\/v2\/posts\/3461","targetHints":{"allow":["GET"]}}],"collection":[{"href":"https:\/\/www.confederaciondelcobre.cl\/index.php\/wp-json\/wp\/v2\/posts"}],"about":[{"href":"https:\/\/www.confederaciondelcobre.cl\/index.php\/wp-json\/wp\/v2\/types\/post"}],"author":[{"embeddable":true,"href":"https:\/\/www.confederaciondelcobre.cl\/index.php\/wp-json\/wp\/v2\/users\/2"}],"replies":[{"embeddable":true,"href":"https:\/\/www.confederaciondelcobre.cl\/index.php\/wp-json\/wp\/v2\/comments?post=3461"}],"version-history":[{"count":1,"href":"https:\/\/www.confederaciondelcobre.cl\/index.php\/wp-json\/wp\/v2\/posts\/3461\/revisions"}],"predecessor-version":[{"id":3464,"href":"https:\/\/www.confederaciondelcobre.cl\/index.php\/wp-json\/wp\/v2\/posts\/3461\/revisions\/3464"}],"wp:featuredmedia":[{"embeddable":true,"href":"https:\/\/www.confederaciondelcobre.cl\/index.php\/wp-json\/wp\/v2\/media\/3463"}],"wp:attachment":[{"href":"https:\/\/www.confederaciondelcobre.cl\/index.php\/wp-json\/wp\/v2\/media?parent=3461"}],"wp:term":[{"taxonomy":"category","embeddable":true,"href":"https:\/\/www.confederaciondelcobre.cl\/index.php\/wp-json\/wp\/v2\/categories?post=3461"},{"taxonomy":"post_tag","embeddable":true,"href":"https:\/\/www.confederaciondelcobre.cl\/index.php\/wp-json\/wp\/v2\/tags?post=3461"}],"curies":[{"name":"wp","href":"https:\/\/api.w.org\/{rel}","templated":true}]}}