{"id":3465,"date":"2023-05-19T16:53:53","date_gmt":"2023-05-19T20:53:53","guid":{"rendered":"https:\/\/www.confederaciondelcobre.cl\/?p=3465"},"modified":"2023-05-19T16:53:55","modified_gmt":"2023-05-19T20:53:55","slug":"en-rancagua-sindicato-contitech-cierra-con-exito-su-negociacion-colectiva","status":"publish","type":"post","link":"https:\/\/www.confederaciondelcobre.cl\/index.php\/2023\/05\/19\/en-rancagua-sindicato-contitech-cierra-con-exito-su-negociacion-colectiva\/","title":{"rendered":"En Rancagua: Sindicato Contitech cierra con \u00e9xito su negociaci\u00f3n colectiva."},"content":{"rendered":"\n<p>Aumento en remuneraciones, horas extraordinarias, bonos noche, Andina, Sewell, de encierro, por traslado a otra zona, de seguridad, de altura, de responsabilidad y escolaridad; aguinaldo de fiestas patrias, navidad y a\u00f1o nuevo; asignaciones de antig\u00fcedad, seguro complementario de salud, cl\u00e1usulas de cierre y vigencia del contrato colectivo hasta abril de 2025, entre otras, fueron los avances y conquistas.<\/p>\n\n\n\n<hr class=\"wp-block-separator has-alpha-channel-opacity\"\/>\n\n\n\n<p>Largas fueron las jornadas de deliberaci\u00f3n sindical y negociaciones entre el Sindicato N\u00ba3 Departamento Servicios Santiago Caucho T\u00e9cnica y su empleador, la empresa Contitech Chile S.A, en el marco de su \u00faltima Negociaci\u00f3n Colectiva. Dicho proceso, <a rel=\"noreferrer noopener\" href=\"https:\/\/www.confederaciondelcobre.cl\/index.php\/2023\/03\/20\/rancagua-sindicato-de-empresa-contitech-chile-comienza-negociacion-colectiva\/\" target=\"_blank\">que comenz\u00f3 la segunda semana de marzo<\/a>, no estuvo exento de dificultades debido a las esperables diferencias entre la empresa y trabajadores. Sin embargo, el viernes 28 de abril, y a solo d\u00edas de hacerse efectiva la huelga, ambas partes arribaron a un acuerdo que permiti\u00f3 poner fin \u2014y de manera exitosa\u2014 a la que es ya su quinta negociaci\u00f3n colectiva.<\/p>\n\n\n\n<p>Aumento en remuneraciones, horas extraordinarias, bonos noche, Andina, Sewell, de encierro, por traslado a otra zona, de seguridad, de altura, de responsabilidad y escolaridad; aguinaldo de fiestas patrias, navidad y a\u00f1o nuevo; asignaciones de antig\u00fcedad, seguro complementario de salud, cl\u00e1usulas de cierre y vigencia del contrato colectivo hasta abril de 2025, entre otras, fueron los avances y conquistas de los socios del Sindicato N\u00ba3 Departamento Servicios Santiago Caucho T\u00e9cnica.<\/p>\n\n\n\n<p>Cristian Ruiz, Presidente del Sindicato, tuvo palabras de valoraci\u00f3n y agradecimiento, &#8220;en primer lugar, para los socios quienes desde un primer momento se mantuvieron activos y unidos en este proceso de negociaci\u00f3n colectiva, incluso en momentos \u00e1lgidos como cuando la huelga efectiva era solo cosa de d\u00edas&#8221;. Tambi\u00e9n se refiri\u00f3 al importante soporte y apoyo entregado por la Confederaci\u00f3n de Trabajadores del Cobre (CTC), representada por Patricio Roco Bucarey, Director Nacional Encargado de Organizaci\u00f3n de la CTC; como tambi\u00e9n de su equipo jur\u00eddico, &#8220;quienes participaron permanentemente durante todo el proceso, especialmente en los momentos decisivos cuando finalmente se pudo llegar a un acuerdo final con la empresa&#8221;.<br><br>Desde la Confederaci\u00f3n de Trabajadores del Cobre saludamos esta que es la quinta y exitosa negociaci\u00f3n colectiva del Sindicato N\u00ba3 Departamento Servicios Santiago Caucho T\u00e9cnica. Saludamos a su dirigencia, encabezada por los compa\u00f1eros Cristian Ruiz, Presidente; Sergio Silva, Tesorero; Kurt Zubicueta, Secretario; y a trav\u00e9s de ellos a todos los socios del sindicato que supieron llevar de manera exitosa esta nueva negociaci\u00f3n, una negociaci\u00f3n que sin duda es un avance en la conquista de m\u00e1s y mejores derechos para las y los trabajadores.<\/p>\n","protected":false},"excerpt":{"rendered":"<p>Aumento en remuneraciones, horas extraordinarias, bonos noche, Andina, Sewell, de encierro, por traslado a otra zona, de seguridad, de altura, de responsabilidad y escolaridad; aguinaldo de fiestas patrias, navidad y &hellip; <\/p>\n","protected":false},"author":2,"featured_media":3466,"comment_status":"closed","ping_status":"closed","sticky":false,"template":"","format":"standard","meta":{"jetpack_post_was_ever_published":false,"_jetpack_newsletter_access":"","_jetpack_dont_email_post_to_subs":false,"_jetpack_newsletter_tier_id":0,"_jetpack_memberships_contains_paywalled_content":false,"_jetpack_memberships_contains_paid_content":false,"footnotes":"","jetpack_publicize_message":"","jetpack_publicize_feature_enabled":false,"jetpack_social_post_already_shared":true,"jetpack_social_options":{"image_generator_settings":{"template":"highway","default_image_id":0,"enabled":false},"version":2}},"categories":[9,21,31,20,19],"tags":[],"class_list":["post-3465","post","type-post","status-publish","format-standard","has-post-thumbnail","hentry","category-confederacion","category-federaciones","category-fetratec","category-negociacion-colectiva","category-trabajadores"],"jetpack_publicize_connections":[],"jetpack_featured_media_url":"https:\/\/www.confederaciondelcobre.cl\/wp-content\/uploads\/2023\/04\/PortContitechN3.jpg","jetpack_sharing_enabled":true,"post_mailing_queue_ids":[],"_links":{"self":[{"href":"https:\/\/www.confederaciondelcobre.cl\/index.php\/wp-json\/wp\/v2\/posts\/3465","targetHints":{"allow":["GET"]}}],"collection":[{"href":"https:\/\/www.confederaciondelcobre.cl\/index.php\/wp-json\/wp\/v2\/posts"}],"about":[{"href":"https:\/\/www.confederaciondelcobre.cl\/index.php\/wp-json\/wp\/v2\/types\/post"}],"author":[{"embeddable":true,"href":"https:\/\/www.confederaciondelcobre.cl\/index.php\/wp-json\/wp\/v2\/users\/2"}],"replies":[{"embeddable":true,"href":"https:\/\/www.confederaciondelcobre.cl\/index.php\/wp-json\/wp\/v2\/comments?post=3465"}],"version-history":[{"count":8,"href":"https:\/\/www.confederaciondelcobre.cl\/index.php\/wp-json\/wp\/v2\/posts\/3465\/revisions"}],"predecessor-version":[{"id":3514,"href":"https:\/\/www.confederaciondelcobre.cl\/index.php\/wp-json\/wp\/v2\/posts\/3465\/revisions\/3514"}],"wp:featuredmedia":[{"embeddable":true,"href":"https:\/\/www.confederaciondelcobre.cl\/index.php\/wp-json\/wp\/v2\/media\/3466"}],"wp:attachment":[{"href":"https:\/\/www.confederaciondelcobre.cl\/index.php\/wp-json\/wp\/v2\/media?parent=3465"}],"wp:term":[{"taxonomy":"category","embeddable":true,"href":"https:\/\/www.confederaciondelcobre.cl\/index.php\/wp-json\/wp\/v2\/categories?post=3465"},{"taxonomy":"post_tag","embeddable":true,"href":"https:\/\/www.confederaciondelcobre.cl\/index.php\/wp-json\/wp\/v2\/tags?post=3465"}],"curies":[{"name":"wp","href":"https:\/\/api.w.org\/{rel}","templated":true}]}}