{"id":3468,"date":"2023-05-01T09:33:07","date_gmt":"2023-05-01T13:33:07","guid":{"rendered":"https:\/\/www.confederaciondelcobre.cl\/?p=3468"},"modified":"2023-05-01T09:33:09","modified_gmt":"2023-05-01T13:33:09","slug":"dia-internacional-de-las-y-los-trabajadores","status":"publish","type":"post","link":"https:\/\/www.confederaciondelcobre.cl\/index.php\/2023\/05\/01\/dia-internacional-de-las-y-los-trabajadores\/","title":{"rendered":"D\u00eda Internacional de las y los trabajadores"},"content":{"rendered":"\n<p>El 1\u00ba de mayo se conmemora el d\u00eda internacional de las y los trabajadores, en homenaje a Los M\u00e1rtires de Chicago que por exigir la reducci\u00f3n de la jornada de trabajo a ocho horas fueron ejecutados.<br><br>La lucha por conciliar el trabajo con la vida de las personas y sus familias es una aspiraci\u00f3n tan hist\u00f3rica como actual. Reducir la jornada de 45 a 40 horas semanales es un gran avance en la recuperaci\u00f3n de derechos, al que esperamos se sume el mejoramiento del resto de condiciones laborales.<br><br>\u00abTrabajadores de Chile, este no es un d\u00eda de fiesta; este es un d\u00eda de recuerdo, de rememoraci\u00f3n. Un d\u00eda para mirar hacia atr\u00e1s, m\u00e1s all\u00e1 y dentro de la frontera de la patria y rendir un homenaje a todos aquellos que, en distintas latitudes, cayeron luchando por hacer m\u00e1s digna la vida del hombre y conquistar la aut\u00e9ntica libertad\u00bb<br><br>\u00b7 Salvador Allende G.<\/p>\n\n\n\n<figure class=\"wp-block-image size-large\"><img loading=\"lazy\" decoding=\"async\" width=\"1024\" height=\"1024\" src=\"https:\/\/www.confederaciondelcobre.cl\/wp-content\/uploads\/2023\/04\/MemoriaCTC-01.05.2023-1024x1024.png\" alt=\"\" class=\"wp-image-3470\" srcset=\"https:\/\/www.confederaciondelcobre.cl\/wp-content\/uploads\/2023\/04\/MemoriaCTC-01.05.2023-1024x1024.png 1024w, https:\/\/www.confederaciondelcobre.cl\/wp-content\/uploads\/2023\/04\/MemoriaCTC-01.05.2023-300x300.png 300w, https:\/\/www.confederaciondelcobre.cl\/wp-content\/uploads\/2023\/04\/MemoriaCTC-01.05.2023-150x150.png 150w, https:\/\/www.confederaciondelcobre.cl\/wp-content\/uploads\/2023\/04\/MemoriaCTC-01.05.2023-768x768.png 768w, https:\/\/www.confederaciondelcobre.cl\/wp-content\/uploads\/2023\/04\/MemoriaCTC-01.05.2023.png 1080w\" sizes=\"auto, (max-width: 1024px) 100vw, 1024px\" \/><\/figure>\n","protected":false},"excerpt":{"rendered":"<p>El 1\u00ba de mayo se conmemora el d\u00eda internacional de las y los trabajadores, en homenaje a Los M\u00e1rtires de Chicago que por exigir la reducci\u00f3n de la jornada de &hellip; <\/p>\n","protected":false},"author":2,"featured_media":3469,"comment_status":"closed","ping_status":"closed","sticky":false,"template":"","format":"standard","meta":{"jetpack_post_was_ever_published":false,"_jetpack_newsletter_access":"","_jetpack_dont_email_post_to_subs":false,"_jetpack_newsletter_tier_id":0,"_jetpack_memberships_contains_paywalled_content":false,"_jetpack_memberships_contains_paid_content":false,"footnotes":"","jetpack_publicize_message":"","jetpack_publicize_feature_enabled":false,"jetpack_social_post_already_shared":true,"jetpack_social_options":{"image_generator_settings":{"template":"highway","default_image_id":0,"enabled":false},"version":2}},"categories":[9,13,15,19],"tags":[],"class_list":["post-3468","post","type-post","status-publish","format-standard","has-post-thumbnail","hentry","category-confederacion","category-internacional","category-nacional","category-trabajadores"],"jetpack_publicize_connections":[],"jetpack_featured_media_url":"https:\/\/www.confederaciondelcobre.cl\/wp-content\/uploads\/2023\/04\/Port1Mayo.jpg","jetpack_sharing_enabled":true,"post_mailing_queue_ids":[],"_links":{"self":[{"href":"https:\/\/www.confederaciondelcobre.cl\/index.php\/wp-json\/wp\/v2\/posts\/3468","targetHints":{"allow":["GET"]}}],"collection":[{"href":"https:\/\/www.confederaciondelcobre.cl\/index.php\/wp-json\/wp\/v2\/posts"}],"about":[{"href":"https:\/\/www.confederaciondelcobre.cl\/index.php\/wp-json\/wp\/v2\/types\/post"}],"author":[{"embeddable":true,"href":"https:\/\/www.confederaciondelcobre.cl\/index.php\/wp-json\/wp\/v2\/users\/2"}],"replies":[{"embeddable":true,"href":"https:\/\/www.confederaciondelcobre.cl\/index.php\/wp-json\/wp\/v2\/comments?post=3468"}],"version-history":[{"count":1,"href":"https:\/\/www.confederaciondelcobre.cl\/index.php\/wp-json\/wp\/v2\/posts\/3468\/revisions"}],"predecessor-version":[{"id":3471,"href":"https:\/\/www.confederaciondelcobre.cl\/index.php\/wp-json\/wp\/v2\/posts\/3468\/revisions\/3471"}],"wp:featuredmedia":[{"embeddable":true,"href":"https:\/\/www.confederaciondelcobre.cl\/index.php\/wp-json\/wp\/v2\/media\/3469"}],"wp:attachment":[{"href":"https:\/\/www.confederaciondelcobre.cl\/index.php\/wp-json\/wp\/v2\/media?parent=3468"}],"wp:term":[{"taxonomy":"category","embeddable":true,"href":"https:\/\/www.confederaciondelcobre.cl\/index.php\/wp-json\/wp\/v2\/categories?post=3468"},{"taxonomy":"post_tag","embeddable":true,"href":"https:\/\/www.confederaciondelcobre.cl\/index.php\/wp-json\/wp\/v2\/tags?post=3468"}],"curies":[{"name":"wp","href":"https:\/\/api.w.org\/{rel}","templated":true}]}}