{"id":3480,"date":"2023-05-10T15:14:35","date_gmt":"2023-05-10T19:14:35","guid":{"rendered":"https:\/\/www.confederaciondelcobre.cl\/?p=3480"},"modified":"2023-05-10T15:14:38","modified_gmt":"2023-05-10T19:14:38","slug":"negociacion-colectiva-sindicato-de-la-empresa-alinorte-hace-efectiva-la-huelga","status":"publish","type":"post","link":"https:\/\/www.confederaciondelcobre.cl\/index.php\/2023\/05\/10\/negociacion-colectiva-sindicato-de-la-empresa-alinorte-hace-efectiva-la-huelga\/","title":{"rendered":"Negociaci\u00f3n Colectiva: sindicato de la empresa Alinorte hace efectiva la huelga."},"content":{"rendered":"\n<p>Incrementos al sueldo base, reajustes en beneficios, vigencia y cl\u00e1usulas de cierre, entre otros, son los puntos que siguen sin resoluci\u00f3n satisfactoria para las y los trabajadores.<\/p>\n\n\n\n<hr class=\"wp-block-separator has-alpha-channel-opacity\"\/>\n\n\n\n<p>El d\u00eda de hoy, mi\u00e9rcoles 10 de mayo, y luego de intensas jornadas de negociaci\u00f3n y deliberaci\u00f3n sindical en torno a su actual negociaci\u00f3n colectiva, las y los socios del Sindicato de Trabajadores N\u00ba 2 Alinorte, afiliado a la Federaci\u00f3n Minera del Norte (FEMINORT, que es brazo org\u00e1nico de la Confederaci\u00f3n de Trabajadores del Cobre en la regi\u00f3n de Tarapac\u00e1), iniciaron e hicieron efectiva la huelga.<\/p>\n\n\n\n<p>La huelga, definida en votaci\u00f3n por las y los socios del sindicato, obedece principalmente a la actitud de la empresa que se ha negado constantemente a valorar \u2014en justicia\u2014 el aporte y esfuerzo de las y los trabajadores. Es de tal manera, entonces, que incrementos al sueldo base, reajustes en beneficios, vigencia y cl\u00e1usulas de cierre, entre otros, son los puntos que siguen sin resoluci\u00f3n satisfactoria para las y los trabajadores que se desempe\u00f1an principalmente en faenas y establecimientos como SPL, ACF, hospital, TMP-CMC y EMBONORT.<\/p>\n\n\n\n<p>Por ahora, las y los trabajadores, socias y socios del  Sindicato de Trabajadores N\u00ba 2 Alinorte, se encuentran en estado de alerta, con actividades paralizadas y a la espera de que su empleador, la empresa Alinorte, recapacite y valore \u2014en justicia\u2014 el aporte, esfuerzo y dignidad de las y los trabajadores.<\/p>\n\n\n\n<p><\/p>\n","protected":false},"excerpt":{"rendered":"<p>Incrementos al sueldo base, reajustes en beneficios, vigencia y cl\u00e1usulas de cierre, entre otros, son los puntos que siguen sin resoluci\u00f3n satisfactoria para las y los trabajadores. El d\u00eda de &hellip; <\/p>\n","protected":false},"author":2,"featured_media":3484,"comment_status":"closed","ping_status":"closed","sticky":false,"template":"","format":"standard","meta":{"jetpack_post_was_ever_published":false,"_jetpack_newsletter_access":"","_jetpack_dont_email_post_to_subs":false,"_jetpack_newsletter_tier_id":0,"_jetpack_memberships_contains_paywalled_content":false,"_jetpack_memberships_contains_paid_content":false,"footnotes":"","jetpack_publicize_message":"","jetpack_publicize_feature_enabled":false,"jetpack_social_post_already_shared":true,"jetpack_social_options":{"image_generator_settings":{"template":"highway","default_image_id":0,"enabled":false},"version":2}},"categories":[9,21,22,20,17,19],"tags":[],"class_list":["post-3480","post","type-post","status-publish","format-standard","has-post-thumbnail","hentry","category-confederacion","category-federaciones","category-feminort","category-negociacion-colectiva","category-regiones","category-trabajadores"],"jetpack_publicize_connections":[],"jetpack_featured_media_url":"https:\/\/www.confederaciondelcobre.cl\/wp-content\/uploads\/2023\/05\/PortAlinorte.png","jetpack_sharing_enabled":true,"post_mailing_queue_ids":[],"_links":{"self":[{"href":"https:\/\/www.confederaciondelcobre.cl\/index.php\/wp-json\/wp\/v2\/posts\/3480","targetHints":{"allow":["GET"]}}],"collection":[{"href":"https:\/\/www.confederaciondelcobre.cl\/index.php\/wp-json\/wp\/v2\/posts"}],"about":[{"href":"https:\/\/www.confederaciondelcobre.cl\/index.php\/wp-json\/wp\/v2\/types\/post"}],"author":[{"embeddable":true,"href":"https:\/\/www.confederaciondelcobre.cl\/index.php\/wp-json\/wp\/v2\/users\/2"}],"replies":[{"embeddable":true,"href":"https:\/\/www.confederaciondelcobre.cl\/index.php\/wp-json\/wp\/v2\/comments?post=3480"}],"version-history":[{"count":2,"href":"https:\/\/www.confederaciondelcobre.cl\/index.php\/wp-json\/wp\/v2\/posts\/3480\/revisions"}],"predecessor-version":[{"id":3482,"href":"https:\/\/www.confederaciondelcobre.cl\/index.php\/wp-json\/wp\/v2\/posts\/3480\/revisions\/3482"}],"wp:featuredmedia":[{"embeddable":true,"href":"https:\/\/www.confederaciondelcobre.cl\/index.php\/wp-json\/wp\/v2\/media\/3484"}],"wp:attachment":[{"href":"https:\/\/www.confederaciondelcobre.cl\/index.php\/wp-json\/wp\/v2\/media?parent=3480"}],"wp:term":[{"taxonomy":"category","embeddable":true,"href":"https:\/\/www.confederaciondelcobre.cl\/index.php\/wp-json\/wp\/v2\/categories?post=3480"},{"taxonomy":"post_tag","embeddable":true,"href":"https:\/\/www.confederaciondelcobre.cl\/index.php\/wp-json\/wp\/v2\/tags?post=3480"}],"curies":[{"name":"wp","href":"https:\/\/api.w.org\/{rel}","templated":true}]}}