{"id":3494,"date":"2023-05-17T20:12:53","date_gmt":"2023-05-18T00:12:53","guid":{"rendered":"https:\/\/www.confederaciondelcobre.cl\/?p=3494"},"modified":"2023-05-17T20:12:56","modified_gmt":"2023-05-18T00:12:56","slug":"acuerdomarco-presidenta-de-la-ctc-expuso-ante-comision-de-mineria-de-la-camara-de-diputadas-y-diputados","status":"publish","type":"post","link":"https:\/\/www.confederaciondelcobre.cl\/index.php\/2023\/05\/17\/acuerdomarco-presidenta-de-la-ctc-expuso-ante-comision-de-mineria-de-la-camara-de-diputadas-y-diputados\/","title":{"rendered":"#AcuerdoMarco: Presidenta de la CTC expuso ante Comisi\u00f3n de Miner\u00eda de la C\u00e1mara de Diputadas y Diputados."},"content":{"rendered":"\n<p>Hizo presentaci\u00f3n del Acuerdo Marco entre la CTC, Codelco y Agema, tambi\u00e9n de su contexto hist\u00f3rico y actual, adem\u00e1s de sus implicancias y detall\u00f3 los derechos y beneficios que involucra.<\/p>\n\n\n\n<hr class=\"wp-block-separator has-alpha-channel-opacity\"\/>\n\n\n\n<p>El lunes 15 de mayo, Ana Lamas Aguirre, Presidenta de la Confederaci\u00f3n de Trabajadores del Cobre (CTC), realiz\u00f3 una exposici\u00f3n ante la Comisi\u00f3n de Miner\u00eda y Energ\u00eda de la C\u00e1mara de diputadas y Diputados. En su alocuci\u00f3n hizo presentaci\u00f3n del Acuerdo Marco entre la CTC, Codelco y Agema, donde se refiri\u00f3 a su contexto hist\u00f3rico y actual, adem\u00e1s de sus implicancias y detall\u00f3 los derechos y beneficios que involucra.<\/p>\n\n\n\n<p>Tambi\u00e9n, la Presidenta de la CTC, abord\u00f3 el estado de cumplimiento de dicho Acuerdo, donde, si bien y en t\u00e9rminos generales se eval\u00faa de manera positiva, a\u00fan existen preocupaciones respecto de su implementaci\u00f3n, principalmente en relaci\u00f3n a la actitud de algunas empresas contratistas que<strong> &#8220;han buscado implementar s\u00f3lo algunas de las condiciones del Acuerdo Marco<\/strong>, aplicando medidas discriminatorias entre las y los trabajadores de la empresa contratista; o que <strong>han buscado la suscripci\u00f3n de anexos de contrato de trabajo, a veces con un contenido absolutamente ajeno al Acuerdo Marco<\/strong>, o estableciendo otras obligaciones adicionales; o que <strong>han buscado no aplicar las reglas sobre <\/strong>reajustabilidad o situaciones similares&#8221;.<\/p>\n\n\n\n<p>No obstante, Ana Lamas Aguirre, destac\u00f3 los derechos y beneficios que implica este instrumento. Un instrumento <strong> &#8220;laboral, colectivo y tripartito que establece normas y condiciones m\u00ednimas a las que est\u00e1n sujetas las empresas contratistas respecto de sus trabajadoras y trabajadores<\/strong>&#8220;, un instrumento cuyo alcance beneficia a m\u00e1s de 61.000 trabajadoras, trabajadores y sus familias en aspectos como:<\/p>\n\n\n\n<ul class=\"wp-block-list\"><li>Forma y Pago de Gratificaci\u00f3n.<\/li><li>Sistema de Reajustes Remuneracionales.<\/li><li>Pago de Incentivo Trimestral de Bono de Asistencia.<\/li><li>Reajustabilidad de los Bonos de Productividad.<\/li><li>Definici\u00f3n de base de c\u00e1lculo del valor de la hora extraordinaria.<\/li><li>Pago de indemnizaci\u00f3n Proporcional de A\u00f1os de Servicios.<\/li><li>Pago de Indemnizaci\u00f3n Convencional por T\u00e9rmino de Contrato.<\/li><li>Pago de Anticipo de Remuneraciones.<\/li><li>Seguro Complementario de Salud y Dental.<\/li><li>Seguro por Muerte Accidental e Invalidez total.<\/li><li>Becas de Educaci\u00f3n Superior.<\/li><li>Fondo \u00danico de Vivienda Concursable.<\/li><li>Fondo \u00danico de Calificaci\u00f3n de Trabajo Pesado.<\/li><li>Fondo \u00danico para Capacitaci\u00f3n.<\/li><li>Compromisos en Seguridad y Salud (Convenio 176 OIT, sobre seguridad y salud en las minas) y en materia de G\u00e9nero e Inclusi\u00f3n.<\/li><\/ul>\n\n\n\n<p>Continuando con su presentaci\u00f3n, la Presidenta de la CTC, se refiri\u00f3 a algunos <strong>mecanismos de control y fiscalizaci\u00f3n<\/strong> comprometidos en relaci\u00f3n al seguimiento y cumplimiento del Acuerdo Marco, donde <strong>Codelco, en rol y funci\u00f3n de facilitador y garante, deber\u00e1 asegurarse que las empresas contratistas cumplan con dicho Acuerdo, preocup\u00e1ndose de que no se excedan ni incorporen elementos adicionales o bien ajenos al mismo<\/strong>. A saber:<\/p>\n\n\n\n<ul class=\"wp-block-list\"><li><strong>Obligaci\u00f3n de desarrollar mesas permanentes entre la CTC, AGEMA y CODELCO<\/strong>, respecto de las distintas \u00e1reas del Acuerdo.<\/li><li><strong>Obligaci\u00f3n de revisi\u00f3n y actualizaci\u00f3n de los respectivos reglamentos<\/strong>, como los de Becas, Fondo de vivienda concursable, Calificaci\u00f3n de trabajo pesado, Capacitaci\u00f3n y de G\u00e9nero e inclusi\u00f3n.<\/li><li><strong>Obligaci\u00f3n, a partir del 1\u00ba de enero de 2023, de actualizar sus bases de licitaci\u00f3n para incorporar todas las obligaciones del Acuerdo.<\/strong><\/li><\/ul>\n\n\n\n<p>Compromiso de que a trav\u00e9s de todos los medios posibles<strong>, las disposiciones del Acuerdo Marco sean incorpordas en los instrumentos colectivos de las empresas contratistas con sus trabajadoras y trabajadores.<\/strong><\/p>\n\n\n\n<p>Finalmente, Ana Lamas Aguirre, se\u00f1al\u00f3 que el Acuerdo Marco &#8220;<strong>no es resultado de la generosidad de las empresas mineras, sino de la organizaci\u00f3n y lucha de la Confederaci\u00f3n de Trabajadores del Cobre<\/strong>, de sus organizaciones afiliadas, de las y los trabajadores organizados y sus familias, pagando adem\u00e1s un alto costo por ello&#8221;, en alusi\u00f3n al asesinato de Nelson Quichillao L\u00f3pez, quien fuera &#8220;<strong>cobardemente asesinado por Carabineros de Chile el a\u00f1o 2015<\/strong>, mientras se manifestaba junto a sus compa\u00f1eras y compa\u00f1eros en el campamento minero de El Salvador, por la mejora de sus condiciones laborales a prop\u00f3sito de la renegociaci\u00f3n del Acuerdo Marco entre la Confederaci\u00f3n de Trabajadores del Cobre y CODELCO&#8221;.<\/p>\n\n\n\n<p>Para cerrar, y en relaci\u00f3n al \u00faltimo proceso de revisi\u00f3n, ampliaci\u00f3n y mejora del Acuerdo Marco con Codelco y Agema, la Presidenta de la CTC se\u00f1al\u00f3 que <strong>&#8220;los Acuerdos Marco son la evidencia de que s\u00ed es posible un exitoso di\u00e1logo social, entre las y los trabajadores organizados, empresas mandantes y contratistas<\/strong> a trav\u00e9s de una negociaci\u00f3n ramal. Ello supone \u2014continu\u00f3 Ana Lamas\u2014 oportunidades y desaf\u00edos, abordables y perfectibles en el futuro&#8221;, indicando que &#8220;como Confederaci\u00f3n de Trabajadores del Cobre, nos mantendremos<strong> vigilantes en la defensa, cumplimiento y mejora<\/strong> del Acuerdo Marco&#8221;, recalcando que la &#8220;Confederaci\u00f3n de Trabajadores del Cobre y los dem\u00e1s actores de la miner\u00eda han demostrado que s\u00ed es posible lo que el pa\u00eds exige:<strong> llegar a acuerdos para el desarrollo y beneficio del pa\u00eds, de las y los trabajadores y sus familias.<\/strong><\/p>\n\n\n\n<p>Revisa a continuaci\u00f3n el video con con su presentaci\u00f3n completa:<\/p>\n\n\n\n<figure class=\"wp-block-embed is-type-video is-provider-youtube wp-block-embed-youtube wp-embed-aspect-16-9 wp-has-aspect-ratio\"><div class=\"wp-block-embed__wrapper\">\n<div class=\"jetpack-video-wrapper\"><iframe loading=\"lazy\" title=\"#AcuerdoMarco: Pdta de la CTC expuso ante Comisi\u00f3n de Miner\u00eda de la C\u00e1mara de Diputadas y Diputados.\" width=\"735\" height=\"413\" src=\"https:\/\/www.youtube.com\/embed\/GJe9-z-iuP0?feature=oembed\" frameborder=\"0\" allow=\"accelerometer; autoplay; clipboard-write; encrypted-media; gyroscope; picture-in-picture; web-share\" allowfullscreen><\/iframe><\/div>\n<\/div><\/figure>\n\n\n\n<p><\/p>\n","protected":false},"excerpt":{"rendered":"<p>Hizo presentaci\u00f3n del Acuerdo Marco entre la CTC, Codelco y Agema, tambi\u00e9n de su contexto hist\u00f3rico y actual, adem\u00e1s de sus implicancias y detall\u00f3 los derechos y beneficios que involucra. &hellip; <\/p>\n","protected":false},"author":2,"featured_media":3499,"comment_status":"closed","ping_status":"closed","sticky":false,"template":"","format":"standard","meta":{"jetpack_post_was_ever_published":false,"_jetpack_newsletter_access":"","_jetpack_dont_email_post_to_subs":false,"_jetpack_newsletter_tier_id":0,"_jetpack_memberships_contains_paywalled_content":false,"_jetpack_memberships_contains_paid_content":false,"footnotes":"","jetpack_publicize_message":"","jetpack_publicize_feature_enabled":false,"jetpack_social_post_already_shared":true,"jetpack_social_options":{"image_generator_settings":{"template":"highway","default_image_id":0,"enabled":false},"version":2}},"categories":[5,23,9,15,19],"tags":[],"class_list":["post-3494","post","type-post","status-publish","format-standard","has-post-thumbnail","hentry","category-acuerdo-marco","category-acuerdo-marco-codelco","category-confederacion","category-nacional","category-trabajadores"],"jetpack_publicize_connections":[],"jetpack_featured_media_url":"https:\/\/www.confederaciondelcobre.cl\/wp-content\/uploads\/2023\/05\/PortComMin.jpg","jetpack_sharing_enabled":true,"post_mailing_queue_ids":[],"_links":{"self":[{"href":"https:\/\/www.confederaciondelcobre.cl\/index.php\/wp-json\/wp\/v2\/posts\/3494","targetHints":{"allow":["GET"]}}],"collection":[{"href":"https:\/\/www.confederaciondelcobre.cl\/index.php\/wp-json\/wp\/v2\/posts"}],"about":[{"href":"https:\/\/www.confederaciondelcobre.cl\/index.php\/wp-json\/wp\/v2\/types\/post"}],"author":[{"embeddable":true,"href":"https:\/\/www.confederaciondelcobre.cl\/index.php\/wp-json\/wp\/v2\/users\/2"}],"replies":[{"embeddable":true,"href":"https:\/\/www.confederaciondelcobre.cl\/index.php\/wp-json\/wp\/v2\/comments?post=3494"}],"version-history":[{"count":6,"href":"https:\/\/www.confederaciondelcobre.cl\/index.php\/wp-json\/wp\/v2\/posts\/3494\/revisions"}],"predecessor-version":[{"id":3501,"href":"https:\/\/www.confederaciondelcobre.cl\/index.php\/wp-json\/wp\/v2\/posts\/3494\/revisions\/3501"}],"wp:featuredmedia":[{"embeddable":true,"href":"https:\/\/www.confederaciondelcobre.cl\/index.php\/wp-json\/wp\/v2\/media\/3499"}],"wp:attachment":[{"href":"https:\/\/www.confederaciondelcobre.cl\/index.php\/wp-json\/wp\/v2\/media?parent=3494"}],"wp:term":[{"taxonomy":"category","embeddable":true,"href":"https:\/\/www.confederaciondelcobre.cl\/index.php\/wp-json\/wp\/v2\/categories?post=3494"},{"taxonomy":"post_tag","embeddable":true,"href":"https:\/\/www.confederaciondelcobre.cl\/index.php\/wp-json\/wp\/v2\/tags?post=3494"}],"curies":[{"name":"wp","href":"https:\/\/api.w.org\/{rel}","templated":true}]}}