{"id":3502,"date":"2023-05-19T12:48:15","date_gmt":"2023-05-19T16:48:15","guid":{"rendered":"https:\/\/www.confederaciondelcobre.cl\/?p=3502"},"modified":"2023-05-19T12:48:18","modified_gmt":"2023-05-19T16:48:18","slug":"sindicatos-se-afilian-a-federacion-de-la-ctc-en-rancagua","status":"publish","type":"post","link":"https:\/\/www.confederaciondelcobre.cl\/index.php\/2023\/05\/19\/sindicatos-se-afilian-a-federacion-de-la-ctc-en-rancagua\/","title":{"rendered":"Sindicatos se afilian a Federaci\u00f3n de la CTC en Rancagua."},"content":{"rendered":"\n<p>Las votaciones, celebradas el mi\u00e9rcoles 17 de mayo en dependencias de la Inspecci\u00f3n Provincial del Trabajo de la ciudad de Rancagua, arrojaron como resultado la afiliaci\u00f3n de los sindicatos Servicios Tecnol\u00f3gicos ST y Servasol a la Federaci\u00f3n de Trabajadores Territorial del Cobre (Fetratec), que es brazo org\u00e1nico de la Confederaci\u00f3n de Trabajadores del Cobre (CTC) en la regi\u00f3n de O&#8217;Higgins.<\/p>\n\n\n\n<p>Con la incorporaci\u00f3n de ambos sindicatos a la Federaci\u00f3n, y por extensi\u00f3n a la propia CTC, los trabajadores y socios buscan fortalecer a\u00fan m\u00e1s sus organizaciones, a la vez que afianzar y avanzar en asuntos relativos a condiciones de salud y seguridad en el trabajo, como tambi\u00e9n mejoras sociales y salariales.<\/p>\n\n\n\n<p><strong>Luis Marchant Vald\u00e9s, quien es Presidente de la Federaci\u00f3n y Director Nacional Encargado de Comunicaciones de la CTC<\/strong>, junto con saludar y felicitar la incorporaci\u00f3n de ambos sindicatos, indic\u00f3 que &#8220;lo primero que nos dicen los trabajadores que quieren y tienen ganas de organizarse, es que hay una muy buena recomendaci\u00f3n de otros trabajadores ya organizados. Eso habla de lo que como Federaci\u00f3n y Confederaci\u00f3n proyectamos, lo cual me parece muy positivo&#8221;, agregando que estas nuevas afiliaciones &#8220;nos permiten seguir creciendo, lo que significa m\u00e1s fuerza y unidad para avanzar en\u00a0m\u00e1s derechos para las y los trabajadores que se agrupan con nosotros, que lo hacen con claridad y convicci\u00f3n de clase [trabajadora]. Ese es el objetivo principal de la federaci\u00f3n \u2014recalc\u00f3 el Pdte. de la Fetratec\u2014 y muestra de ello es el Acuerdo Marco que tenemos con Codelco, donde este acuerdo va en directo beneficio de las y los trabajadores y sus familias, en donde se destacan, entre otros beneficios, el seguro complementario de salud, seguro dental, el trimestral, etc\u00e9tera&#8221;.<\/p>\n\n\n\n<p>Para finalizar, Luis Marchant Vald\u00e9s, reiter\u00f3 sus felicitaciones al S<strong>indicato Servicios Tecnol\u00f3gicos ST, cuya directiva est\u00e1 compuesta por Axel Aqueveque G\u00e1lvez, Presidente; Luis Riquelme Alvarado, Tesorero; y Dylan Armijo Madriaga, Secretario<\/strong>, como tambi\u00e9n al <strong>Sindicato Servasol que es dirigido por Claudio Murillo Gana, Presidente; Jorge Alonso Maliqueo, Secretario; y Juan G\u00e1lvez Hidalgo, Tesorero<\/strong>, ambas organizaciones que hoy pasan a formar parte de la Federaci\u00f3n de Trabajadores Territorial del Cobre (Fetratec), que es brazo org\u00e1nico de la Confederaci\u00f3n de Trabajadores del Cobre (CTC) en la regi\u00f3n de O&#8217;Higgins, e invit\u00f3 a las y los trabajadores a seguir organiz\u00e1ndose, a acercarse y unirse a la Fetratec y la CTC, pues es la \u00fanica forma de recuperar y avanzar en m\u00e1s y mejores derechos.<\/p>\n\n\n\n<p>Invitar a los trabajadores a organizarse que es la forma de recuperar derechos y organizados en la federaci\u00f3n y confederaci\u00f3n nos ha m\u00e1s fuerzas<\/p>\n","protected":false},"excerpt":{"rendered":"<p>Las votaciones, celebradas el mi\u00e9rcoles 17 de mayo en dependencias de la Inspecci\u00f3n Provincial del Trabajo de la ciudad de Rancagua, arrojaron como resultado la afiliaci\u00f3n de los sindicatos Servicios &hellip; <\/p>\n","protected":false},"author":2,"featured_media":3505,"comment_status":"closed","ping_status":"closed","sticky":false,"template":"","format":"standard","meta":{"jetpack_post_was_ever_published":false,"_jetpack_newsletter_access":"","_jetpack_dont_email_post_to_subs":false,"_jetpack_newsletter_tier_id":0,"_jetpack_memberships_contains_paywalled_content":false,"_jetpack_memberships_contains_paid_content":false,"footnotes":"","jetpack_publicize_message":"","jetpack_publicize_feature_enabled":false,"jetpack_social_post_already_shared":true,"jetpack_social_options":{"image_generator_settings":{"template":"highway","default_image_id":0,"enabled":false},"version":2}},"categories":[9,21,31,19],"tags":[],"class_list":["post-3502","post","type-post","status-publish","format-standard","has-post-thumbnail","hentry","category-confederacion","category-federaciones","category-fetratec","category-trabajadores"],"jetpack_publicize_connections":[],"jetpack_featured_media_url":"https:\/\/www.confederaciondelcobre.cl\/wp-content\/uploads\/2023\/05\/PortSindFetratec.jpg","jetpack_sharing_enabled":true,"post_mailing_queue_ids":[],"_links":{"self":[{"href":"https:\/\/www.confederaciondelcobre.cl\/index.php\/wp-json\/wp\/v2\/posts\/3502","targetHints":{"allow":["GET"]}}],"collection":[{"href":"https:\/\/www.confederaciondelcobre.cl\/index.php\/wp-json\/wp\/v2\/posts"}],"about":[{"href":"https:\/\/www.confederaciondelcobre.cl\/index.php\/wp-json\/wp\/v2\/types\/post"}],"author":[{"embeddable":true,"href":"https:\/\/www.confederaciondelcobre.cl\/index.php\/wp-json\/wp\/v2\/users\/2"}],"replies":[{"embeddable":true,"href":"https:\/\/www.confederaciondelcobre.cl\/index.php\/wp-json\/wp\/v2\/comments?post=3502"}],"version-history":[{"count":4,"href":"https:\/\/www.confederaciondelcobre.cl\/index.php\/wp-json\/wp\/v2\/posts\/3502\/revisions"}],"predecessor-version":[{"id":3507,"href":"https:\/\/www.confederaciondelcobre.cl\/index.php\/wp-json\/wp\/v2\/posts\/3502\/revisions\/3507"}],"wp:featuredmedia":[{"embeddable":true,"href":"https:\/\/www.confederaciondelcobre.cl\/index.php\/wp-json\/wp\/v2\/media\/3505"}],"wp:attachment":[{"href":"https:\/\/www.confederaciondelcobre.cl\/index.php\/wp-json\/wp\/v2\/media?parent=3502"}],"wp:term":[{"taxonomy":"category","embeddable":true,"href":"https:\/\/www.confederaciondelcobre.cl\/index.php\/wp-json\/wp\/v2\/categories?post=3502"},{"taxonomy":"post_tag","embeddable":true,"href":"https:\/\/www.confederaciondelcobre.cl\/index.php\/wp-json\/wp\/v2\/tags?post=3502"}],"curies":[{"name":"wp","href":"https:\/\/api.w.org\/{rel}","templated":true}]}}