{"id":3509,"date":"2023-05-19T15:42:08","date_gmt":"2023-05-19T19:42:08","guid":{"rendered":"https:\/\/www.confederaciondelcobre.cl\/?p=3509"},"modified":"2023-05-19T15:42:10","modified_gmt":"2023-05-19T19:42:10","slug":"acuerdomarco-codelco-pago-de-incentivo-por-asistencia-y-condiciones-de-trabajo-periodo-febrero-2023-abril-2023","status":"publish","type":"post","link":"https:\/\/www.confederaciondelcobre.cl\/index.php\/2023\/05\/19\/acuerdomarco-codelco-pago-de-incentivo-por-asistencia-y-condiciones-de-trabajo-periodo-febrero-2023-abril-2023\/","title":{"rendered":"#AcuerdoMarco Codelco: Pago de Incentivo por Asistencia y Condiciones de Trabajo, per\u00edodo febrero 2023 \u2013 abril 2023."},"content":{"rendered":"\n<p>Compa\u00f1eras y compa\u00f1eros, comunicamos que\u00a0<strong>en las remuneraciones del mes de mayo del presente<\/strong>\u00a0debe venir reflejado el\u00a0<strong>pago de Incentivo Trimestral por Asistencia y Condiciones de Trabajo, correspondiente al per\u00edodo febrero 2023 \u2013 abril 2023<\/strong>. Cabe se\u00f1alar que dicho Incentivo es\u00a0<strong>para trabajadoras y trabajadores contratistas y subcontratistas que prestan servicios permanentes y exclusivos a la mandante Codelco<\/strong>, y su monto es de\u00a0<strong>$424.461 pesos brutos<\/strong>.<\/p>\n\n\n\n<blockquote class=\"wp-block-quote is-layout-flow wp-block-quote-is-layout-flow\"><p>Los derechos y beneficios contemplados en el Acuerdo Marco son fruto de la unidad, conciencia, organizaci\u00f3n y lucha de las y los trabajadores que, agrupados en la CTC, han conquistado, mantenido vigente y mejorado dicho Acuerdo con Codelco.<\/p><\/blockquote>\n\n\n\n<p>Llamamos a todas y todos a difundir esta informaci\u00f3n entre sus compa\u00f1eras y compa\u00f1eros de trabajo, a la vez que tambi\u00e9n les invitamos a acercarse a sus dirigentes y sindicatos de la CTC.<\/p>\n\n\n<div class=\"wp-block-image\">\n<figure class=\"aligncenter size-large\"><img loading=\"lazy\" decoding=\"async\" width=\"1024\" height=\"1024\" src=\"https:\/\/www.confederaciondelcobre.cl\/wp-content\/uploads\/2023\/05\/SegundoIncentivoTrimestral2023-1024x1024.png\" alt=\"\" class=\"wp-image-3511\" srcset=\"https:\/\/www.confederaciondelcobre.cl\/wp-content\/uploads\/2023\/05\/SegundoIncentivoTrimestral2023-1024x1024.png 1024w, https:\/\/www.confederaciondelcobre.cl\/wp-content\/uploads\/2023\/05\/SegundoIncentivoTrimestral2023-300x300.png 300w, https:\/\/www.confederaciondelcobre.cl\/wp-content\/uploads\/2023\/05\/SegundoIncentivoTrimestral2023-150x150.png 150w, https:\/\/www.confederaciondelcobre.cl\/wp-content\/uploads\/2023\/05\/SegundoIncentivoTrimestral2023-768x768.png 768w, https:\/\/www.confederaciondelcobre.cl\/wp-content\/uploads\/2023\/05\/SegundoIncentivoTrimestral2023.png 1080w\" sizes=\"auto, (max-width: 1024px) 100vw, 1024px\" \/><\/figure><\/div>","protected":false},"excerpt":{"rendered":"<p>Compa\u00f1eras y compa\u00f1eros, comunicamos que\u00a0en las remuneraciones del mes de mayo del presente\u00a0debe venir reflejado el\u00a0pago de Incentivo Trimestral por Asistencia y Condiciones de Trabajo, correspondiente al per\u00edodo febrero 2023 &hellip; <\/p>\n","protected":false},"author":2,"featured_media":3510,"comment_status":"closed","ping_status":"closed","sticky":false,"template":"","format":"standard","meta":{"jetpack_post_was_ever_published":false,"_jetpack_newsletter_access":"","_jetpack_dont_email_post_to_subs":false,"_jetpack_newsletter_tier_id":0,"_jetpack_memberships_contains_paywalled_content":false,"_jetpack_memberships_contains_paid_content":false,"footnotes":"","jetpack_publicize_message":"","jetpack_publicize_feature_enabled":false,"jetpack_social_post_already_shared":true,"jetpack_social_options":{"image_generator_settings":{"template":"highway","default_image_id":0,"enabled":false},"version":2}},"categories":[5,23,9,21,19],"tags":[],"class_list":["post-3509","post","type-post","status-publish","format-standard","has-post-thumbnail","hentry","category-acuerdo-marco","category-acuerdo-marco-codelco","category-confederacion","category-federaciones","category-trabajadores"],"jetpack_publicize_connections":[],"jetpack_featured_media_url":"https:\/\/www.confederaciondelcobre.cl\/wp-content\/uploads\/2023\/05\/Port2do.jpg","jetpack_sharing_enabled":true,"post_mailing_queue_ids":[],"_links":{"self":[{"href":"https:\/\/www.confederaciondelcobre.cl\/index.php\/wp-json\/wp\/v2\/posts\/3509","targetHints":{"allow":["GET"]}}],"collection":[{"href":"https:\/\/www.confederaciondelcobre.cl\/index.php\/wp-json\/wp\/v2\/posts"}],"about":[{"href":"https:\/\/www.confederaciondelcobre.cl\/index.php\/wp-json\/wp\/v2\/types\/post"}],"author":[{"embeddable":true,"href":"https:\/\/www.confederaciondelcobre.cl\/index.php\/wp-json\/wp\/v2\/users\/2"}],"replies":[{"embeddable":true,"href":"https:\/\/www.confederaciondelcobre.cl\/index.php\/wp-json\/wp\/v2\/comments?post=3509"}],"version-history":[{"count":1,"href":"https:\/\/www.confederaciondelcobre.cl\/index.php\/wp-json\/wp\/v2\/posts\/3509\/revisions"}],"predecessor-version":[{"id":3512,"href":"https:\/\/www.confederaciondelcobre.cl\/index.php\/wp-json\/wp\/v2\/posts\/3509\/revisions\/3512"}],"wp:featuredmedia":[{"embeddable":true,"href":"https:\/\/www.confederaciondelcobre.cl\/index.php\/wp-json\/wp\/v2\/media\/3510"}],"wp:attachment":[{"href":"https:\/\/www.confederaciondelcobre.cl\/index.php\/wp-json\/wp\/v2\/media?parent=3509"}],"wp:term":[{"taxonomy":"category","embeddable":true,"href":"https:\/\/www.confederaciondelcobre.cl\/index.php\/wp-json\/wp\/v2\/categories?post=3509"},{"taxonomy":"post_tag","embeddable":true,"href":"https:\/\/www.confederaciondelcobre.cl\/index.php\/wp-json\/wp\/v2\/tags?post=3509"}],"curies":[{"name":"wp","href":"https:\/\/api.w.org\/{rel}","templated":true}]}}