{"id":3515,"date":"2023-05-19T20:08:28","date_gmt":"2023-05-20T00:08:28","guid":{"rendered":"https:\/\/www.confederaciondelcobre.cl\/?p=3515"},"modified":"2023-05-19T20:08:31","modified_gmt":"2023-05-20T00:08:31","slug":"ctc-participo-en-seminario-sobre-el-litio-en-antofagasta","status":"publish","type":"post","link":"https:\/\/www.confederaciondelcobre.cl\/index.php\/2023\/05\/19\/ctc-participo-en-seminario-sobre-el-litio-en-antofagasta\/","title":{"rendered":"CTC particip\u00f3 en seminario sobre el Litio en Antofagasta."},"content":{"rendered":"\n<p>Con la exposici\u00f3n de Jan Cademartori, Daniel N\u00fa\u00f1ez, Helmo Leiva, Miguel Soto, Estaban Vel\u00e1squez y Ricardo D\u00edaz, se desarroll\u00f3 en la sede del Sindicato Mantos Blancos, en la ciudad de Antofagasta, el Seminario &#8220;El Litio, una oportunidad para un nuevo modelo de desarrollo&#8221;.<\/p>\n\n\n\n<hr class=\"wp-block-separator has-alpha-channel-opacity\"\/>\n\n\n\n<p>El seminario, organizado por el <strong>Movimiento El Lito Para Chile<\/strong> (movimiento del que la Confederaci\u00f3n de Trabajadores del Cobre es parte) en conjunto con el movimiento pol\u00edtico y social <strong>Somos Regi\u00f3n<\/strong>, tuvo por objetivo informar y debatir sobre los distintos aspectos que involucra la explotaci\u00f3n del litio en nuestro pa\u00eds. Es as\u00ed como los exponentes Jan Cademartori, acad\u00e9mico de la Universidad de Antofagasta; Daniel N\u00fa\u00f1ez, Senador de la rep\u00fablica; Helmo Leiva, Presidente del Sindicato SQM; Miguel Soto, Coordinador Nacional del Movimiento Litio Para Chile; Estaban Vel\u00e1squez, Senador de la rep\u00fablica; y Ricardo D\u00edaz, Gobernador de la regi\u00f3n de Antofagasta, fueron haciendo exposici\u00f3n sobre la importancia de este &#8220;mineral no-met\u00e1lico&#8221; en cuanto a sus potenciales de desarrollo tecnol\u00f3gico y econ\u00f3mico para Chile, pero con un fuerte acento en la soberan\u00eda sobre los recursos naturales de nuestro pa\u00eds, su manejo responsable y sustentable para con el medio ambiente y las comunidades y, por cierto, donde la participaci\u00f3n de las y los trabajadores debe ser central.<\/p>\n\n\n\n<p>La cita, a la que asistieron los <strong>Directores Nacionales de la Confederaci\u00f3n de Trabajadores del Cobre (CTC) Jedry Velis Palma, Francisco Cabezas Cort\u00e9s, Patricio Roco Bucarey y Luis Marchant Vald\u00e9s<\/strong>, se desarroll\u00f3 ayer jueves 18 de mayo en la sede del Sindicato Mantos Blancos en la ciudad de Antofagasta, y fue transmitida en vivo y en directo por la Radio Nuevo Norte FM de Antofagasta. <strong><a rel=\"noreferrer noopener\" href=\"https:\/\/web.facebook.com\/100075825622730\/videos\/292257613126558\/\" target=\"_blank\">Mira la transmisi\u00f3n completa haciendo click aqu\u00ed.<\/a><\/strong><\/p>\n\n\n\n<figure class=\"wp-block-gallery has-nested-images columns-default is-cropped wp-block-gallery-1 is-layout-flex wp-block-gallery-is-layout-flex\">\n<figure class=\"wp-block-image size-large\"><img loading=\"lazy\" decoding=\"async\" width=\"1024\" height=\"461\" data-id=\"3521\" src=\"https:\/\/www.confederaciondelcobre.cl\/wp-content\/uploads\/2023\/05\/1e70acc5-069f-4300-a50c-f58b521ed90b-1024x461.jpeg\" alt=\"\" class=\"wp-image-3521\" srcset=\"https:\/\/www.confederaciondelcobre.cl\/wp-content\/uploads\/2023\/05\/1e70acc5-069f-4300-a50c-f58b521ed90b-1024x461.jpeg 1024w, https:\/\/www.confederaciondelcobre.cl\/wp-content\/uploads\/2023\/05\/1e70acc5-069f-4300-a50c-f58b521ed90b-300x135.jpeg 300w, https:\/\/www.confederaciondelcobre.cl\/wp-content\/uploads\/2023\/05\/1e70acc5-069f-4300-a50c-f58b521ed90b-768x346.jpeg 768w, https:\/\/www.confederaciondelcobre.cl\/wp-content\/uploads\/2023\/05\/1e70acc5-069f-4300-a50c-f58b521ed90b-1536x691.jpeg 1536w, https:\/\/www.confederaciondelcobre.cl\/wp-content\/uploads\/2023\/05\/1e70acc5-069f-4300-a50c-f58b521ed90b.jpeg 1600w\" sizes=\"auto, (max-width: 1024px) 100vw, 1024px\" \/><\/figure>\n\n\n\n<figure class=\"wp-block-image size-large\"><img loading=\"lazy\" decoding=\"async\" width=\"1024\" height=\"461\" data-id=\"3522\" src=\"https:\/\/www.confederaciondelcobre.cl\/wp-content\/uploads\/2023\/05\/5f5e9ba6-b843-4825-a9b8-c159266a166e-1024x461.jpeg\" alt=\"\" class=\"wp-image-3522\" srcset=\"https:\/\/www.confederaciondelcobre.cl\/wp-content\/uploads\/2023\/05\/5f5e9ba6-b843-4825-a9b8-c159266a166e-1024x461.jpeg 1024w, https:\/\/www.confederaciondelcobre.cl\/wp-content\/uploads\/2023\/05\/5f5e9ba6-b843-4825-a9b8-c159266a166e-300x135.jpeg 300w, https:\/\/www.confederaciondelcobre.cl\/wp-content\/uploads\/2023\/05\/5f5e9ba6-b843-4825-a9b8-c159266a166e-768x346.jpeg 768w, https:\/\/www.confederaciondelcobre.cl\/wp-content\/uploads\/2023\/05\/5f5e9ba6-b843-4825-a9b8-c159266a166e-1536x692.jpeg 1536w, https:\/\/www.confederaciondelcobre.cl\/wp-content\/uploads\/2023\/05\/5f5e9ba6-b843-4825-a9b8-c159266a166e.jpeg 1600w\" sizes=\"auto, (max-width: 1024px) 100vw, 1024px\" \/><\/figure>\n\n\n\n<figure class=\"wp-block-image size-large\"><img loading=\"lazy\" decoding=\"async\" width=\"1024\" height=\"461\" data-id=\"3524\" src=\"https:\/\/www.confederaciondelcobre.cl\/wp-content\/uploads\/2023\/05\/7a6e0a47-5cdb-49cf-a918-4960436b684d-1024x461.jpeg\" alt=\"\" class=\"wp-image-3524\" srcset=\"https:\/\/www.confederaciondelcobre.cl\/wp-content\/uploads\/2023\/05\/7a6e0a47-5cdb-49cf-a918-4960436b684d-1024x461.jpeg 1024w, https:\/\/www.confederaciondelcobre.cl\/wp-content\/uploads\/2023\/05\/7a6e0a47-5cdb-49cf-a918-4960436b684d-300x135.jpeg 300w, https:\/\/www.confederaciondelcobre.cl\/wp-content\/uploads\/2023\/05\/7a6e0a47-5cdb-49cf-a918-4960436b684d-768x346.jpeg 768w, https:\/\/www.confederaciondelcobre.cl\/wp-content\/uploads\/2023\/05\/7a6e0a47-5cdb-49cf-a918-4960436b684d-1536x691.jpeg 1536w, https:\/\/www.confederaciondelcobre.cl\/wp-content\/uploads\/2023\/05\/7a6e0a47-5cdb-49cf-a918-4960436b684d.jpeg 1600w\" sizes=\"auto, (max-width: 1024px) 100vw, 1024px\" \/><\/figure>\n\n\n\n<figure class=\"wp-block-image size-large\"><img loading=\"lazy\" decoding=\"async\" width=\"1024\" height=\"461\" data-id=\"3520\" src=\"https:\/\/www.confederaciondelcobre.cl\/wp-content\/uploads\/2023\/05\/18cdfb0c-bab1-4e26-b3cb-f649c92a24a0-1024x461.jpeg\" alt=\"\" class=\"wp-image-3520\" srcset=\"https:\/\/www.confederaciondelcobre.cl\/wp-content\/uploads\/2023\/05\/18cdfb0c-bab1-4e26-b3cb-f649c92a24a0-1024x461.jpeg 1024w, https:\/\/www.confederaciondelcobre.cl\/wp-content\/uploads\/2023\/05\/18cdfb0c-bab1-4e26-b3cb-f649c92a24a0-300x135.jpeg 300w, https:\/\/www.confederaciondelcobre.cl\/wp-content\/uploads\/2023\/05\/18cdfb0c-bab1-4e26-b3cb-f649c92a24a0-768x346.jpeg 768w, https:\/\/www.confederaciondelcobre.cl\/wp-content\/uploads\/2023\/05\/18cdfb0c-bab1-4e26-b3cb-f649c92a24a0-1536x692.jpeg 1536w, https:\/\/www.confederaciondelcobre.cl\/wp-content\/uploads\/2023\/05\/18cdfb0c-bab1-4e26-b3cb-f649c92a24a0.jpeg 1600w\" sizes=\"auto, (max-width: 1024px) 100vw, 1024px\" \/><\/figure>\n\n\n\n<figure class=\"wp-block-image size-large\"><img loading=\"lazy\" decoding=\"async\" width=\"1024\" height=\"461\" data-id=\"3525\" src=\"https:\/\/www.confederaciondelcobre.cl\/wp-content\/uploads\/2023\/05\/831e240d-eff3-4727-9188-9f03611ba87f-1024x461.jpeg\" alt=\"\" class=\"wp-image-3525\" srcset=\"https:\/\/www.confederaciondelcobre.cl\/wp-content\/uploads\/2023\/05\/831e240d-eff3-4727-9188-9f03611ba87f-1024x461.jpeg 1024w, https:\/\/www.confederaciondelcobre.cl\/wp-content\/uploads\/2023\/05\/831e240d-eff3-4727-9188-9f03611ba87f-300x135.jpeg 300w, https:\/\/www.confederaciondelcobre.cl\/wp-content\/uploads\/2023\/05\/831e240d-eff3-4727-9188-9f03611ba87f-768x346.jpeg 768w, https:\/\/www.confederaciondelcobre.cl\/wp-content\/uploads\/2023\/05\/831e240d-eff3-4727-9188-9f03611ba87f-1536x691.jpeg 1536w, https:\/\/www.confederaciondelcobre.cl\/wp-content\/uploads\/2023\/05\/831e240d-eff3-4727-9188-9f03611ba87f.jpeg 1600w\" sizes=\"auto, (max-width: 1024px) 100vw, 1024px\" \/><\/figure>\n\n\n\n<figure class=\"wp-block-image size-large\"><img loading=\"lazy\" decoding=\"async\" width=\"1024\" height=\"461\" data-id=\"3523\" src=\"https:\/\/www.confederaciondelcobre.cl\/wp-content\/uploads\/2023\/05\/553952e3-e6e6-44e0-ba27-231c6a6aeff8-1024x461.jpeg\" alt=\"\" class=\"wp-image-3523\" srcset=\"https:\/\/www.confederaciondelcobre.cl\/wp-content\/uploads\/2023\/05\/553952e3-e6e6-44e0-ba27-231c6a6aeff8-1024x461.jpeg 1024w, https:\/\/www.confederaciondelcobre.cl\/wp-content\/uploads\/2023\/05\/553952e3-e6e6-44e0-ba27-231c6a6aeff8-300x135.jpeg 300w, https:\/\/www.confederaciondelcobre.cl\/wp-content\/uploads\/2023\/05\/553952e3-e6e6-44e0-ba27-231c6a6aeff8-768x346.jpeg 768w, https:\/\/www.confederaciondelcobre.cl\/wp-content\/uploads\/2023\/05\/553952e3-e6e6-44e0-ba27-231c6a6aeff8-1536x691.jpeg 1536w, https:\/\/www.confederaciondelcobre.cl\/wp-content\/uploads\/2023\/05\/553952e3-e6e6-44e0-ba27-231c6a6aeff8.jpeg 1600w\" sizes=\"auto, (max-width: 1024px) 100vw, 1024px\" \/><\/figure>\n\n\n\n<figure class=\"wp-block-image size-large\"><img loading=\"lazy\" decoding=\"async\" width=\"1024\" height=\"461\" data-id=\"3527\" src=\"https:\/\/www.confederaciondelcobre.cl\/wp-content\/uploads\/2023\/05\/a435b843-37be-4052-938c-16eb35ec24d5-1024x461.jpeg\" alt=\"\" class=\"wp-image-3527\" srcset=\"https:\/\/www.confederaciondelcobre.cl\/wp-content\/uploads\/2023\/05\/a435b843-37be-4052-938c-16eb35ec24d5-1024x461.jpeg 1024w, https:\/\/www.confederaciondelcobre.cl\/wp-content\/uploads\/2023\/05\/a435b843-37be-4052-938c-16eb35ec24d5-300x135.jpeg 300w, https:\/\/www.confederaciondelcobre.cl\/wp-content\/uploads\/2023\/05\/a435b843-37be-4052-938c-16eb35ec24d5-768x346.jpeg 768w, https:\/\/www.confederaciondelcobre.cl\/wp-content\/uploads\/2023\/05\/a435b843-37be-4052-938c-16eb35ec24d5.jpeg 1280w\" sizes=\"auto, (max-width: 1024px) 100vw, 1024px\" \/><\/figure>\n\n\n\n<figure class=\"wp-block-image size-large\"><img loading=\"lazy\" decoding=\"async\" width=\"1024\" height=\"461\" data-id=\"3526\" src=\"https:\/\/www.confederaciondelcobre.cl\/wp-content\/uploads\/2023\/05\/d0308304-7877-4e59-b2ca-4b2b9baa02f3-1024x461.jpeg\" alt=\"\" class=\"wp-image-3526\" srcset=\"https:\/\/www.confederaciondelcobre.cl\/wp-content\/uploads\/2023\/05\/d0308304-7877-4e59-b2ca-4b2b9baa02f3-1024x461.jpeg 1024w, https:\/\/www.confederaciondelcobre.cl\/wp-content\/uploads\/2023\/05\/d0308304-7877-4e59-b2ca-4b2b9baa02f3-300x135.jpeg 300w, https:\/\/www.confederaciondelcobre.cl\/wp-content\/uploads\/2023\/05\/d0308304-7877-4e59-b2ca-4b2b9baa02f3-768x346.jpeg 768w, https:\/\/www.confederaciondelcobre.cl\/wp-content\/uploads\/2023\/05\/d0308304-7877-4e59-b2ca-4b2b9baa02f3.jpeg 1280w\" sizes=\"auto, (max-width: 1024px) 100vw, 1024px\" \/><\/figure>\n<\/figure>\n\n\n\n<hr class=\"wp-block-separator has-alpha-channel-opacity\"\/>\n","protected":false},"excerpt":{"rendered":"<p>Con la exposici\u00f3n de Jan Cademartori, Daniel N\u00fa\u00f1ez, Helmo Leiva, Miguel Soto, Estaban Vel\u00e1squez y Ricardo D\u00edaz, se desarroll\u00f3 en la sede del Sindicato Mantos Blancos, en la ciudad de &hellip; <\/p>\n","protected":false},"author":2,"featured_media":3516,"comment_status":"closed","ping_status":"closed","sticky":false,"template":"","format":"standard","meta":{"jetpack_post_was_ever_published":false,"_jetpack_newsletter_access":"","_jetpack_dont_email_post_to_subs":false,"_jetpack_newsletter_tier_id":0,"_jetpack_memberships_contains_paywalled_content":false,"_jetpack_memberships_contains_paid_content":false,"footnotes":"","jetpack_publicize_message":"","jetpack_publicize_feature_enabled":false,"jetpack_social_post_already_shared":true,"jetpack_social_options":{"image_generator_settings":{"template":"highway","default_image_id":0,"enabled":false},"version":2}},"categories":[9,35,15,17,19],"tags":[],"class_list":["post-3515","post","type-post","status-publish","format-standard","has-post-thumbnail","hentry","category-confederacion","category-el-litio-para-chile","category-nacional","category-regiones","category-trabajadores"],"jetpack_publicize_connections":[],"jetpack_featured_media_url":"https:\/\/www.confederaciondelcobre.cl\/wp-content\/uploads\/2023\/05\/PortLitio.jpg","jetpack_sharing_enabled":true,"post_mailing_queue_ids":[],"_links":{"self":[{"href":"https:\/\/www.confederaciondelcobre.cl\/index.php\/wp-json\/wp\/v2\/posts\/3515","targetHints":{"allow":["GET"]}}],"collection":[{"href":"https:\/\/www.confederaciondelcobre.cl\/index.php\/wp-json\/wp\/v2\/posts"}],"about":[{"href":"https:\/\/www.confederaciondelcobre.cl\/index.php\/wp-json\/wp\/v2\/types\/post"}],"author":[{"embeddable":true,"href":"https:\/\/www.confederaciondelcobre.cl\/index.php\/wp-json\/wp\/v2\/users\/2"}],"replies":[{"embeddable":true,"href":"https:\/\/www.confederaciondelcobre.cl\/index.php\/wp-json\/wp\/v2\/comments?post=3515"}],"version-history":[{"count":5,"href":"https:\/\/www.confederaciondelcobre.cl\/index.php\/wp-json\/wp\/v2\/posts\/3515\/revisions"}],"predecessor-version":[{"id":3529,"href":"https:\/\/www.confederaciondelcobre.cl\/index.php\/wp-json\/wp\/v2\/posts\/3515\/revisions\/3529"}],"wp:featuredmedia":[{"embeddable":true,"href":"https:\/\/www.confederaciondelcobre.cl\/index.php\/wp-json\/wp\/v2\/media\/3516"}],"wp:attachment":[{"href":"https:\/\/www.confederaciondelcobre.cl\/index.php\/wp-json\/wp\/v2\/media?parent=3515"}],"wp:term":[{"taxonomy":"category","embeddable":true,"href":"https:\/\/www.confederaciondelcobre.cl\/index.php\/wp-json\/wp\/v2\/categories?post=3515"},{"taxonomy":"post_tag","embeddable":true,"href":"https:\/\/www.confederaciondelcobre.cl\/index.php\/wp-json\/wp\/v2\/tags?post=3515"}],"curies":[{"name":"wp","href":"https:\/\/api.w.org\/{rel}","templated":true}]}}