{"id":3559,"date":"2023-05-29T19:27:07","date_gmt":"2023-05-29T23:27:07","guid":{"rendered":"https:\/\/www.confederaciondelcobre.cl\/?p=3559"},"modified":"2023-05-29T19:27:10","modified_gmt":"2023-05-29T23:27:10","slug":"en-rancagua-sindicato-servicios-tecnologicos-st-presento-proyecto-de-negociacion-colectiva","status":"publish","type":"post","link":"https:\/\/www.confederaciondelcobre.cl\/index.php\/2023\/05\/29\/en-rancagua-sindicato-servicios-tecnologicos-st-presento-proyecto-de-negociacion-colectiva\/","title":{"rendered":"En Rancagua: Sindicato Servicios Tecnol\u00f3gicos ST present\u00f3 proyecto de Negociaci\u00f3n Colectiva."},"content":{"rendered":"\n<p>Reconocimiento a su labor, que se traduzca principalmente en mejoras salariales y beneficios sociales, entre otras, son las demandas del Sindicato Servicios Tecnol\u00f3gicos ST en su primera Negociaci\u00f3n Colectiva.<\/p>\n\n\n\n<hr class=\"wp-block-separator has-alpha-channel-opacity\"\/>\n\n\n\n<p>El d\u00eda de hoy, y en dependencias de la empresa Guerrero y C\u00e9spedes Ingenier\u00eda Ltda., el <strong>Sindicato Servicios Tecnol\u00f3gicos ST present\u00f3 su primer proyecto de Negociaci\u00f3n Colectiva<\/strong>. Dicho documento, que contiene principalmente <strong>demandas relacionadas a mejoras salariales y beneficios sociales<\/strong>, entre otras, fue recepcionado en buenos t\u00e9rminos por parte de la empresa que presta servicios a Codelco en la Divisi\u00f3n El Teniente ubicada en la Regi\u00f3n de O&#8217;Higgins.<\/p>\n\n\n\n<blockquote class=\"wp-block-quote has-text-align-left is-layout-flow wp-block-quote-is-layout-flow\"><p>El Sindicato Servicios Tecnol\u00f3gicos ST, dirigido por <strong>Axel Aqueveque G\u00e1lvez, Presidente; Luis Riquelme Alvarado, Tesorero; y Dylan Armijo Madriaga, Secretario<\/strong>, se constituy\u00f3 el 26 de abril del presente y el 17 de mayo <a rel=\"noreferrer noopener\" href=\"https:\/\/www.confederaciondelcobre.cl\/index.php\/2023\/05\/19\/sindicatos-se-afilian-a-federacion-de-la-ctc-en-rancagua\/\" target=\"_blank\">resolvi\u00f3 afiliarse a la Federaci\u00f3n de Trabajadores Territorial del Cobre (FETRATEC)<\/a>, que es federaci\u00f3n de la Confederaci\u00f3n de Trabajadores del Cobre (CTC) en la Regi\u00f3n de O&#8217;Higgins.<\/p><\/blockquote>\n\n\n\n<p>Ya presentado el proyecto, el Sindicato y sus socios se encuentran expectantes y a la espera de una respuesta por parte de la Empresa. Desde la Confederaci\u00f3n de Trabajadores del Cobre saludamos al Sindicato Servicios Tecnol\u00f3gicos ST y a sus socios, quienes, en una notable muestra de unidad, conciencia y organizaci\u00f3n, hace poco m\u00e1s de un mes se constituyeron, luego se afiliaron a la Fetratec y hoy inician su primer proceso de Negociaci\u00f3n Colectiva.<\/p>\n","protected":false},"excerpt":{"rendered":"<p>Reconocimiento a su labor, que se traduzca principalmente en mejoras salariales y beneficios sociales, entre otras, son las demandas del Sindicato Servicios Tecnol\u00f3gicos ST en su primera Negociaci\u00f3n Colectiva. El &hellip; <\/p>\n","protected":false},"author":2,"featured_media":3567,"comment_status":"closed","ping_status":"closed","sticky":false,"template":"","format":"standard","meta":{"jetpack_post_was_ever_published":false,"_jetpack_newsletter_access":"","_jetpack_dont_email_post_to_subs":false,"_jetpack_newsletter_tier_id":0,"_jetpack_memberships_contains_paywalled_content":false,"_jetpack_memberships_contains_paid_content":false,"footnotes":"","jetpack_publicize_message":"","jetpack_publicize_feature_enabled":false,"jetpack_social_post_already_shared":true,"jetpack_social_options":{"image_generator_settings":{"template":"highway","default_image_id":0,"enabled":false},"version":2}},"categories":[9,21,31,20,19],"tags":[],"class_list":["post-3559","post","type-post","status-publish","format-standard","has-post-thumbnail","hentry","category-confederacion","category-federaciones","category-fetratec","category-negociacion-colectiva","category-trabajadores"],"jetpack_publicize_connections":[],"jetpack_featured_media_url":"https:\/\/www.confederaciondelcobre.cl\/wp-content\/uploads\/2023\/05\/PortST.jpg","jetpack_sharing_enabled":true,"post_mailing_queue_ids":[],"_links":{"self":[{"href":"https:\/\/www.confederaciondelcobre.cl\/index.php\/wp-json\/wp\/v2\/posts\/3559","targetHints":{"allow":["GET"]}}],"collection":[{"href":"https:\/\/www.confederaciondelcobre.cl\/index.php\/wp-json\/wp\/v2\/posts"}],"about":[{"href":"https:\/\/www.confederaciondelcobre.cl\/index.php\/wp-json\/wp\/v2\/types\/post"}],"author":[{"embeddable":true,"href":"https:\/\/www.confederaciondelcobre.cl\/index.php\/wp-json\/wp\/v2\/users\/2"}],"replies":[{"embeddable":true,"href":"https:\/\/www.confederaciondelcobre.cl\/index.php\/wp-json\/wp\/v2\/comments?post=3559"}],"version-history":[{"count":7,"href":"https:\/\/www.confederaciondelcobre.cl\/index.php\/wp-json\/wp\/v2\/posts\/3559\/revisions"}],"predecessor-version":[{"id":3566,"href":"https:\/\/www.confederaciondelcobre.cl\/index.php\/wp-json\/wp\/v2\/posts\/3559\/revisions\/3566"}],"wp:featuredmedia":[{"embeddable":true,"href":"https:\/\/www.confederaciondelcobre.cl\/index.php\/wp-json\/wp\/v2\/media\/3567"}],"wp:attachment":[{"href":"https:\/\/www.confederaciondelcobre.cl\/index.php\/wp-json\/wp\/v2\/media?parent=3559"}],"wp:term":[{"taxonomy":"category","embeddable":true,"href":"https:\/\/www.confederaciondelcobre.cl\/index.php\/wp-json\/wp\/v2\/categories?post=3559"},{"taxonomy":"post_tag","embeddable":true,"href":"https:\/\/www.confederaciondelcobre.cl\/index.php\/wp-json\/wp\/v2\/tags?post=3559"}],"curies":[{"name":"wp","href":"https:\/\/api.w.org\/{rel}","templated":true}]}}