{"id":3568,"date":"2023-05-30T18:37:53","date_gmt":"2023-05-30T22:37:53","guid":{"rendered":"https:\/\/www.confederaciondelcobre.cl\/?p=3568"},"modified":"2023-05-30T18:37:56","modified_gmt":"2023-05-30T22:37:56","slug":"ctc-asistio-a-entrega-de-estudio-sobre-el-mercado-del-litio-elaborado-por-cochilco","status":"publish","type":"post","link":"https:\/\/www.confederaciondelcobre.cl\/index.php\/2023\/05\/30\/ctc-asistio-a-entrega-de-estudio-sobre-el-mercado-del-litio-elaborado-por-cochilco\/","title":{"rendered":"CTC asisti\u00f3 a entrega de estudio sobre el mercado del litio elaborado por Cochilco."},"content":{"rendered":"\n<p>El estudio, presentado en el Aula Magna de la Facultad de Derecho de la Universidad de Chile, entreg\u00f3 elementos de proyecci\u00f3n econ\u00f3mica sobre la explotaci\u00f3n del litio y sus posibilidades.<\/p>\n\n\n\n<hr class=\"wp-block-separator has-alpha-channel-opacity\"\/>\n\n\n\n<p>Con la presencia de las <strong>Ministras de Miner\u00eda y de Bienes Nacionales, Marcela Hernando y Javiera Toro, respectivamente; del Vicepresidente Ejecutivo de Cochilco, Joaqu\u00edn Morales; del Decano de la Facultad de Derecho de la Universidad de Chile, Pablo Ruiz-Tagle; y con la asistencia de los dirigentes de la Confederaci\u00f3n de Trabajadores del Cobre (CTC), Ana Lamas Aguirre, Presidenta; y Patricio Roco Bucarey, Director Nacional Encargado de Organizaci\u00f3n<\/strong>, se hizo presentaci\u00f3n del informe <strong>Estudio mercado del litio, mercado mundial, desarrollo y proyecciones<\/strong> a cargo de la Comisi\u00f3n Chilena del Cobre (COCHILCO).<\/p>\n\n\n\n<p>El estudio, presentado en el Aula Magna de la Facultad de Derecho de la Universidad de Chile, entreg\u00f3 elementos de proyecci\u00f3n econ\u00f3mica sobre la explotaci\u00f3n del litio y sus posibilidades para nuestro pa\u00eds, destacando, por ejemplo, su alta demanda y a\u00fan limitada oferta a nivel global. Lo anterior, se\u00f1ala el estudio, pone a nuestro pa\u00eds en una importante posici\u00f3n, pues contiene el 36% de las reservas mundiales de dicho mineral, que se concentran principalmente en los salares de la regi\u00f3n de Atacama, y cuya producci\u00f3n, a diferencia de otros pa\u00edses productores, es m\u00e1s econ\u00f3mica. A lo anterior, indica el estudio, se suman las proyecciones sobre electromovilidad que en la actualidad se lleva el 65% de la producci\u00f3n, electromovilidad que seg\u00fan estimaciones alcanzar\u00e1 el 50% del parque automotriz el a\u00f1o 2030.<\/p>\n\n\n\n<figure class=\"wp-block-image size-full\"><img loading=\"lazy\" decoding=\"async\" width=\"735\" height=\"360\" src=\"https:\/\/www.confederaciondelcobre.cl\/wp-content\/uploads\/2023\/05\/Grup.jpg\" alt=\"\" class=\"wp-image-3574\" srcset=\"https:\/\/www.confederaciondelcobre.cl\/wp-content\/uploads\/2023\/05\/Grup.jpg 735w, https:\/\/www.confederaciondelcobre.cl\/wp-content\/uploads\/2023\/05\/Grup-300x147.jpg 300w\" sizes=\"auto, (max-width: 735px) 100vw, 735px\" \/><\/figure>\n\n\n\n<p>Las proyecciones estimadas por el estudio de Cochilco, en torno al litio y su potencial para nuestro pa\u00eds, se muestran positivas por cuanto a que la demanda del mineral va en alza, mientras las posibilidades productoras de nuestro pa\u00eds tienen un muy amplio horizonte. Lo anterior, para la Confederaci\u00f3n de Trabajadores del Cobre, es una oportunidad que hay que abordar cautelando, por cierto, el debido resguardo de los intereses fiscales, con un enfoque integral y una producci\u00f3n sustentable.<\/p>\n\n\n\n<p>Es por ello que, junto insistir en el fortalecimiento de la Empresa Nacional del Litio, en el desarrollo de la Estrategia Nacional del Litio, es fundamental llevar a cabo un proceso de di\u00e1logos y participaci\u00f3n con los diversos actores, entre ellos las y los trabajadores, a fin de nutrir y fortalecer el proceso en pos de los intereses de Chile, su soberan\u00eda, habitantes y futuro.<\/p>\n\n\n\n<p><\/p>\n\n\n\n<p><\/p>\n\n\n\n<p><\/p>\n\n\n\n<p><\/p>\n\n\n\n<p><\/p>\n\n\n\n<p><\/p>\n\n\n\n<p><\/p>\n\n\n\n<p><\/p>\n","protected":false},"excerpt":{"rendered":"<p>El estudio, presentado en el Aula Magna de la Facultad de Derecho de la Universidad de Chile, entreg\u00f3 elementos de proyecci\u00f3n econ\u00f3mica sobre la explotaci\u00f3n del litio y sus posibilidades. &hellip; <\/p>\n","protected":false},"author":2,"featured_media":3573,"comment_status":"closed","ping_status":"closed","sticky":false,"template":"","format":"standard","meta":{"jetpack_post_was_ever_published":false,"_jetpack_newsletter_access":"","_jetpack_dont_email_post_to_subs":false,"_jetpack_newsletter_tier_id":0,"_jetpack_memberships_contains_paywalled_content":false,"_jetpack_memberships_contains_paid_content":false,"footnotes":"","jetpack_publicize_message":"","jetpack_publicize_feature_enabled":false,"jetpack_social_post_already_shared":true,"jetpack_social_options":{"image_generator_settings":{"template":"highway","default_image_id":0,"enabled":false},"version":2}},"categories":[9,35,15,19],"tags":[],"class_list":["post-3568","post","type-post","status-publish","format-standard","has-post-thumbnail","hentry","category-confederacion","category-el-litio-para-chile","category-nacional","category-trabajadores"],"jetpack_publicize_connections":[],"jetpack_featured_media_url":"https:\/\/www.confederaciondelcobre.cl\/wp-content\/uploads\/2023\/05\/PorLi.jpg","jetpack_sharing_enabled":true,"post_mailing_queue_ids":[],"_links":{"self":[{"href":"https:\/\/www.confederaciondelcobre.cl\/index.php\/wp-json\/wp\/v2\/posts\/3568","targetHints":{"allow":["GET"]}}],"collection":[{"href":"https:\/\/www.confederaciondelcobre.cl\/index.php\/wp-json\/wp\/v2\/posts"}],"about":[{"href":"https:\/\/www.confederaciondelcobre.cl\/index.php\/wp-json\/wp\/v2\/types\/post"}],"author":[{"embeddable":true,"href":"https:\/\/www.confederaciondelcobre.cl\/index.php\/wp-json\/wp\/v2\/users\/2"}],"replies":[{"embeddable":true,"href":"https:\/\/www.confederaciondelcobre.cl\/index.php\/wp-json\/wp\/v2\/comments?post=3568"}],"version-history":[{"count":5,"href":"https:\/\/www.confederaciondelcobre.cl\/index.php\/wp-json\/wp\/v2\/posts\/3568\/revisions"}],"predecessor-version":[{"id":3576,"href":"https:\/\/www.confederaciondelcobre.cl\/index.php\/wp-json\/wp\/v2\/posts\/3568\/revisions\/3576"}],"wp:featuredmedia":[{"embeddable":true,"href":"https:\/\/www.confederaciondelcobre.cl\/index.php\/wp-json\/wp\/v2\/media\/3573"}],"wp:attachment":[{"href":"https:\/\/www.confederaciondelcobre.cl\/index.php\/wp-json\/wp\/v2\/media?parent=3568"}],"wp:term":[{"taxonomy":"category","embeddable":true,"href":"https:\/\/www.confederaciondelcobre.cl\/index.php\/wp-json\/wp\/v2\/categories?post=3568"},{"taxonomy":"post_tag","embeddable":true,"href":"https:\/\/www.confederaciondelcobre.cl\/index.php\/wp-json\/wp\/v2\/tags?post=3568"}],"curies":[{"name":"wp","href":"https:\/\/api.w.org\/{rel}","templated":true}]}}