{"id":3577,"date":"2023-05-31T21:47:18","date_gmt":"2023-06-01T01:47:18","guid":{"rendered":"https:\/\/www.confederaciondelcobre.cl\/?p=3577"},"modified":"2023-05-31T21:47:20","modified_gmt":"2023-06-01T01:47:20","slug":"ctc-asistio-a-seminario-internacional-negociacion-ramal-en-chile-un-paso-mas-al-desarrollo","status":"publish","type":"post","link":"https:\/\/www.confederaciondelcobre.cl\/index.php\/2023\/05\/31\/ctc-asistio-a-seminario-internacional-negociacion-ramal-en-chile-un-paso-mas-al-desarrollo\/","title":{"rendered":"CTC asisti\u00f3 a Seminario Internacional &#8220;Negociaci\u00f3n Ramal en Chile: un paso m\u00e1s al desarrollo&#8221;."},"content":{"rendered":"\n<p>Organizado por Industrial Chile &#8211; Constramet y la Central Unitaria de Trabajadores se conoci\u00f3 la experiencia de las y los trabajadores del Uruguay en materia de Negociaci\u00f3n Ramal.<\/p>\n\n\n\n<hr class=\"wp-block-separator has-alpha-channel-opacity\"\/>\n\n\n\n<p>El d\u00eda de hoy, y en la sede de la Central Unitaria de Trabajadores (CUT-Chile) en la ciudad de Santiago, se llev\u00f3 a cabo el <strong>Seminario Internacional &#8220;Negociaci\u00f3n Ramal en Chile: un paso m\u00e1s al desarrollo&#8221;<\/strong>. El evento, <strong>organizado por la CUT y la Constramet<\/strong>, con el relato a cargo de  <strong>Danilo Dardano Rossini, Presidente de la Uni\u00f3n Nacional de Trabajadores del Metal y Ramas Afines (UNTMRA) de Uruguay<\/strong>, di\u00f3 a conocer a dirigentas y dirigentes sindicales de todo el pa\u00eds la experiencia de las y los trabajadores uruguayos en torno a la negociaci\u00f3n Ramal.<\/p>\n\n\n\n<p>En el evento, donde asistieron por parte de la Confederaci\u00f3n de Trabajadores del Cobre (CTC), Ana Lamas Aguirre, Presidenta; Jedry Velis Palma, Tesorero; y Patricio Roco Bucarey, Director Nacional Encargado de Organizaci\u00f3n, se se\u00f1al\u00f3, entre otros aspectos, que en el hermano pa\u00eds la Negociaci\u00f3n Ramal se plantea, de entrada, como una <strong>negociaci\u00f3n de car\u00e1cter nacional, tripartita y que se desenvuelve respecto de una rama, sector econ\u00f3mico o productivo<\/strong>. Es decir, por ejemplo en la rama industrial, intervienen representantes de las y los trabajadores, representantes empresariales y representantes del gobierno, que en el caso de Uruguay es el Ministerio del trabajo. Es as\u00ed, entonces, que dicho proceso de negociaci\u00f3n colectiva (ramal), aborda la situaci\u00f3n laboral, social y salarial, entre otras, de trabajadoras y trabajadores que se desempe\u00f1an en un determinado sector productivo del pa\u00eds, estableciendo condiciones m\u00ednimas que son extensivas y alcanzan a todas y todos los trabajadores, no importando si son de planta o subcontratados.<\/p>\n\n\n\n<p><strong>La experiencia en Chile.<\/strong><\/p>\n\n\n\n<p><strong>Este tipo de negociaci\u00f3n (ramal), cabe se\u00f1alar, en Chile no existe de manera formal, la legislaci\u00f3n vigente no la contempla<\/strong>. Sin embargo en el caso de las y los trabajadores contratistas y subcontratistas de la miner\u00eda existe una experiencia que, con sus propias particularidades, y de acuerdo a como se configura en la pr\u00e1ctica, bien podr\u00eda catalogarse como ramal. <strong>Es el caso del Acuerdo Marco entre la CTC, Agema y Codelco<\/strong>, una negociaci\u00f3n que aborda la situaci\u00f3n y condiciones de trabajadoras y trabajadores subcontratados de la miner\u00eda del cobre, en la que intervienen representantes de las y los trabajadores (CTC), del empresariado contratista y subcontratista (Agema) y de la empresa mandante (Codelco), empresa que adem\u00e1s es Estatal. Dicho <strong>Acuerdo o negociaci\u00f3n, que es laboral, colectiva y tripartita, establece normas y condiciones m\u00ednimas a las que est\u00e1n sujetas las empresas contratistas respecto de sus trabajadoras y trabajadores<\/strong> <strong>que prestan servicios a la empresa mandante (Codelco)<\/strong>, empresa mandante que es garante del cumplimiento de dicho Acuerdo. En ese sentido, la CTC, como organizaci\u00f3n nacional que agrupa y organiza a trabajadoras y trabajadores contratistas y subcontratistas del cobre, en la discusi\u00f3n sobre la necesidad de avanzar hacia el establecimiento formal de la negociaci\u00f3n ramal en nuestro pa\u00eds, tiene mucho que aportar.<\/p>\n\n\n\n<p>Chile debe avanzar en la construcci\u00f3n o hacia un sistema de negociaci\u00f3n superior formal, como la ramal o multinivel. <strong>Ello est\u00e1 contemplado en el programa de gobierno y compromiso del Presidente durante su candidatura, y en la actualidad se han estado desarrollando una serie de di\u00e1logos tripartitos, propiciados por el propio ejecutivo<\/strong> (Ministerio del Trabajo y Previsi\u00f3n Social) a fin de avanzar en esa direcci\u00f3n. Seg\u00fan la Ministra del Trabajo y Previsi\u00f3n Social, Jeannette Jara, se espera que pronto (probablemente este a\u00f1o) sea presentado el proyecto de Ley que buscar\u00e1 crear la instituci\u00f3n de negociaci\u00f3n ramal o multinivel en nuestro pa\u00eds. <strong>La CTC, por su parte, tiene la experiencia de haber desarrollado y mantenido vigente un tipo de negociaci\u00f3n colectiva tripartita y, en la pr\u00e1ctica, ramal en el sector de la miner\u00eda del cobre<\/strong>, por lo que afirmamos y sostenemos que avanzar en ese sentido es el camino a tomar en v\u00edas al desarrollo, que no solo beneficiar\u00e1 a las y los trabajadores y los sectores productivos, sino que a todo un pa\u00eds.<\/p>\n\n\n\n<figure class=\"wp-block-gallery has-nested-images columns-default is-cropped wp-block-gallery-1 is-layout-flex wp-block-gallery-is-layout-flex\">\n<figure class=\"wp-block-image size-large\"><img loading=\"lazy\" decoding=\"async\" width=\"1024\" height=\"576\" data-id=\"3586\" src=\"https:\/\/www.confederaciondelcobre.cl\/wp-content\/uploads\/2023\/05\/11866fc4-731a-4f3c-b34c-7e6bd5f79922-1024x576.jpeg\" alt=\"\" class=\"wp-image-3586\" srcset=\"https:\/\/www.confederaciondelcobre.cl\/wp-content\/uploads\/2023\/05\/11866fc4-731a-4f3c-b34c-7e6bd5f79922-1024x576.jpeg 1024w, https:\/\/www.confederaciondelcobre.cl\/wp-content\/uploads\/2023\/05\/11866fc4-731a-4f3c-b34c-7e6bd5f79922-300x169.jpeg 300w, https:\/\/www.confederaciondelcobre.cl\/wp-content\/uploads\/2023\/05\/11866fc4-731a-4f3c-b34c-7e6bd5f79922-768x432.jpeg 768w, https:\/\/www.confederaciondelcobre.cl\/wp-content\/uploads\/2023\/05\/11866fc4-731a-4f3c-b34c-7e6bd5f79922-1536x864.jpeg 1536w, https:\/\/www.confederaciondelcobre.cl\/wp-content\/uploads\/2023\/05\/11866fc4-731a-4f3c-b34c-7e6bd5f79922.jpeg 1600w\" sizes=\"auto, (max-width: 1024px) 100vw, 1024px\" \/><\/figure>\n\n\n\n<figure class=\"wp-block-image size-large\"><img loading=\"lazy\" decoding=\"async\" width=\"1024\" height=\"576\" data-id=\"3585\" src=\"https:\/\/www.confederaciondelcobre.cl\/wp-content\/uploads\/2023\/05\/00b1a4f8-4e32-4754-b5ea-4c4867cc9286-1024x576.jpeg\" alt=\"\" class=\"wp-image-3585\" srcset=\"https:\/\/www.confederaciondelcobre.cl\/wp-content\/uploads\/2023\/05\/00b1a4f8-4e32-4754-b5ea-4c4867cc9286-1024x576.jpeg 1024w, https:\/\/www.confederaciondelcobre.cl\/wp-content\/uploads\/2023\/05\/00b1a4f8-4e32-4754-b5ea-4c4867cc9286-300x169.jpeg 300w, https:\/\/www.confederaciondelcobre.cl\/wp-content\/uploads\/2023\/05\/00b1a4f8-4e32-4754-b5ea-4c4867cc9286-768x432.jpeg 768w, https:\/\/www.confederaciondelcobre.cl\/wp-content\/uploads\/2023\/05\/00b1a4f8-4e32-4754-b5ea-4c4867cc9286-1536x864.jpeg 1536w, https:\/\/www.confederaciondelcobre.cl\/wp-content\/uploads\/2023\/05\/00b1a4f8-4e32-4754-b5ea-4c4867cc9286.jpeg 1600w\" sizes=\"auto, (max-width: 1024px) 100vw, 1024px\" \/><\/figure>\n\n\n\n<figure class=\"wp-block-image size-large\"><img loading=\"lazy\" decoding=\"async\" width=\"1024\" height=\"576\" data-id=\"3584\" src=\"https:\/\/www.confederaciondelcobre.cl\/wp-content\/uploads\/2023\/05\/10966b8d-ca72-441d-ace3-595b475a10e9-1024x576.jpeg\" alt=\"\" class=\"wp-image-3584\" srcset=\"https:\/\/www.confederaciondelcobre.cl\/wp-content\/uploads\/2023\/05\/10966b8d-ca72-441d-ace3-595b475a10e9-1024x576.jpeg 1024w, https:\/\/www.confederaciondelcobre.cl\/wp-content\/uploads\/2023\/05\/10966b8d-ca72-441d-ace3-595b475a10e9-300x169.jpeg 300w, https:\/\/www.confederaciondelcobre.cl\/wp-content\/uploads\/2023\/05\/10966b8d-ca72-441d-ace3-595b475a10e9-768x432.jpeg 768w, https:\/\/www.confederaciondelcobre.cl\/wp-content\/uploads\/2023\/05\/10966b8d-ca72-441d-ace3-595b475a10e9-1536x864.jpeg 1536w, https:\/\/www.confederaciondelcobre.cl\/wp-content\/uploads\/2023\/05\/10966b8d-ca72-441d-ace3-595b475a10e9.jpeg 1600w\" sizes=\"auto, (max-width: 1024px) 100vw, 1024px\" \/><\/figure>\n<\/figure>\n","protected":false},"excerpt":{"rendered":"<p>Organizado por Industrial Chile &#8211; Constramet y la Central Unitaria de Trabajadores se conoci\u00f3 la experiencia de las y los trabajadores del Uruguay en materia de Negociaci\u00f3n Ramal. El d\u00eda &hellip; <\/p>\n","protected":false},"author":2,"featured_media":3583,"comment_status":"closed","ping_status":"closed","sticky":false,"template":"","format":"standard","meta":{"jetpack_post_was_ever_published":false,"_jetpack_newsletter_access":"","_jetpack_dont_email_post_to_subs":false,"_jetpack_newsletter_tier_id":0,"_jetpack_memberships_contains_paywalled_content":false,"_jetpack_memberships_contains_paid_content":false,"footnotes":"","jetpack_publicize_message":"","jetpack_publicize_feature_enabled":false,"jetpack_social_post_already_shared":true,"jetpack_social_options":{"image_generator_settings":{"template":"highway","default_image_id":0,"enabled":false},"version":2}},"categories":[5,23,9,21,15,20,19],"tags":[],"class_list":["post-3577","post","type-post","status-publish","format-standard","has-post-thumbnail","hentry","category-acuerdo-marco","category-acuerdo-marco-codelco","category-confederacion","category-federaciones","category-nacional","category-negociacion-colectiva","category-trabajadores"],"jetpack_publicize_connections":[],"jetpack_featured_media_url":"https:\/\/www.confederaciondelcobre.cl\/wp-content\/uploads\/2023\/05\/PortSem.jpg","jetpack_sharing_enabled":true,"post_mailing_queue_ids":[],"_links":{"self":[{"href":"https:\/\/www.confederaciondelcobre.cl\/index.php\/wp-json\/wp\/v2\/posts\/3577","targetHints":{"allow":["GET"]}}],"collection":[{"href":"https:\/\/www.confederaciondelcobre.cl\/index.php\/wp-json\/wp\/v2\/posts"}],"about":[{"href":"https:\/\/www.confederaciondelcobre.cl\/index.php\/wp-json\/wp\/v2\/types\/post"}],"author":[{"embeddable":true,"href":"https:\/\/www.confederaciondelcobre.cl\/index.php\/wp-json\/wp\/v2\/users\/2"}],"replies":[{"embeddable":true,"href":"https:\/\/www.confederaciondelcobre.cl\/index.php\/wp-json\/wp\/v2\/comments?post=3577"}],"version-history":[{"count":7,"href":"https:\/\/www.confederaciondelcobre.cl\/index.php\/wp-json\/wp\/v2\/posts\/3577\/revisions"}],"predecessor-version":[{"id":3588,"href":"https:\/\/www.confederaciondelcobre.cl\/index.php\/wp-json\/wp\/v2\/posts\/3577\/revisions\/3588"}],"wp:featuredmedia":[{"embeddable":true,"href":"https:\/\/www.confederaciondelcobre.cl\/index.php\/wp-json\/wp\/v2\/media\/3583"}],"wp:attachment":[{"href":"https:\/\/www.confederaciondelcobre.cl\/index.php\/wp-json\/wp\/v2\/media?parent=3577"}],"wp:term":[{"taxonomy":"category","embeddable":true,"href":"https:\/\/www.confederaciondelcobre.cl\/index.php\/wp-json\/wp\/v2\/categories?post=3577"},{"taxonomy":"post_tag","embeddable":true,"href":"https:\/\/www.confederaciondelcobre.cl\/index.php\/wp-json\/wp\/v2\/tags?post=3577"}],"curies":[{"name":"wp","href":"https:\/\/api.w.org\/{rel}","templated":true}]}}