{"id":3601,"date":"2023-06-08T13:50:30","date_gmt":"2023-06-08T17:50:30","guid":{"rendered":"https:\/\/www.confederaciondelcobre.cl\/?p=3601"},"modified":"2023-06-08T13:50:32","modified_gmt":"2023-06-08T17:50:32","slug":"comunicadoctc-por-fatal-accidente-de-trabajadores-de-capstone-copper-chile","status":"publish","type":"post","link":"https:\/\/www.confederaciondelcobre.cl\/index.php\/2023\/06\/08\/comunicadoctc-por-fatal-accidente-de-trabajadores-de-capstone-copper-chile\/","title":{"rendered":"#ComunicadoCTC por fatal accidente de trabajadores de Capstone Copper \u2013 Chile."},"content":{"rendered":"\n<p class=\"has-text-align-center\"><strong>COMUNICADO<\/strong><\/p>\n\n\n\n<p class=\"has-text-align-center\"><strong>Por fatal accidente de trabajadores de Capstone Copper \u2013 Chile.<\/strong><\/p>\n\n\n\n<p>Ante el lamentable fallecimiento de&nbsp;<strong>Patricio Guarda Lague, Pedro Godoy Alfaro, Cristhian Cerda Rivera y V\u00edctor Ar\u00f3stica Dominguez<\/strong><strong>, <\/strong>la Confederaci\u00f3n de Trabajadores del Cobre (CTC) <strong>env\u00eda sus m\u00e1s sentidas condolencias a la familia, amigas, amigos, compa\u00f1eras y compa\u00f1eros de los trabajadores que prestaban labores para la Compa\u00f1\u00eda Minera Capstone Copper &#8211; Chile<\/strong>.<\/p>\n\n\n\n<p>El accidente, que produjo el lamentable fallecimiento de los cuatro trabajadores, aconteci\u00f3 en horas de la ma\u00f1ana del d\u00eda de ayer mi\u00e9rcoles 07 de junio del presente, y ocurri\u00f3 mientras&nbsp;<strong>Patricio Guarda Lague, Pedro Godoy Alfaro, Cristhian Cerda Rivera y V\u00edctor Ar\u00f3stica Dominguez<\/strong> se trasladaban por la Ruta C-211, a la altura del kil\u00f3metro 5, en las cercan\u00edas de El Salado, Provincia de Cha\u00f1aral, donde el veh\u00edculo en que se movilizaban con destino a sus hogares se vi\u00f3 envuelto en una colisi\u00f3n con un veh\u00edculo mayor.<\/p>\n\n\n\n<p>En miner\u00eda, y en lo que va de este 2023, <strong>las fatalidades en la industria ya han superado a los casos registrados en misma fecha del a\u00f1o pasado (2022). <\/strong>Esta alarmante tendencia debe ser revertida, y es ante aquello que como organizaci\u00f3n nacional, junto con hacer un llamado a la Compa\u00f1\u00eda Capstone Copper a poner todos los antecedentes a disposici\u00f3n para conocer con claridad los hechos y causas de este fatal accidente,<strong> insistimos en la necesidad de acelerar el proceso de ratificaci\u00f3n del Convenio 176 de la OIT sobre seguridad y salud en las minas, como tambi\u00e9n en la urgencia de implementar la Campa\u00f1a Nacional de Seguridad propuesta en conjunto con la Coordinadora de Trabajadores de la Miner\u00eda (CTMIN) al propio Ministerio de Miner\u00eda.<\/strong><\/p>\n\n\n\n<p>Junto con reiterar nuestras condolencias a la familia y cercanos de <strong>Patricio Guarda Lague, Pedro Godoy Alfaro, Cristhian Cerda Rivera y V\u00edctor Ar\u00f3stica Dominguez<\/strong>, reafirmamos la necesidad de cumplir rigurosamente en la protecci\u00f3n, salud y seguridad de las y los trabajadores de Chile.<\/p>\n\n\n\n<p class=\"has-text-align-center\"><strong>CONFEDERACI\u00d3N DE TRABAJADORES DEL COBRE<\/strong><\/p>\n\n\n\n<p><strong>\u00ad\u00ad\u00ad\u00ad\u00ad<\/strong><\/p>\n\n\n\n<p class=\"has-text-align-right\">Chile, jueves 08 de junio de 2023.<\/p>\n\n\n<div class=\"wp-block-image\">\n<figure class=\"aligncenter size-large\"><img loading=\"lazy\" decoding=\"async\" width=\"564\" height=\"1024\" src=\"https:\/\/www.confederaciondelcobre.cl\/wp-content\/uploads\/2023\/06\/Accidente-fatal-4-trab-Capstone-Copper-08.06.2023-564x1024.png\" alt=\"\" class=\"wp-image-3606\" srcset=\"https:\/\/www.confederaciondelcobre.cl\/wp-content\/uploads\/2023\/06\/Accidente-fatal-4-trab-Capstone-Copper-08.06.2023-564x1024.png 564w, https:\/\/www.confederaciondelcobre.cl\/wp-content\/uploads\/2023\/06\/Accidente-fatal-4-trab-Capstone-Copper-08.06.2023-165x300.png 165w, https:\/\/www.confederaciondelcobre.cl\/wp-content\/uploads\/2023\/06\/Accidente-fatal-4-trab-Capstone-Copper-08.06.2023.png 595w\" sizes=\"auto, (max-width: 564px) 100vw, 564px\" \/><\/figure><\/div>","protected":false},"excerpt":{"rendered":"<p>COMUNICADO Por fatal accidente de trabajadores de Capstone Copper \u2013 Chile. Ante el lamentable fallecimiento de&nbsp;Patricio Guarda Lague, Pedro Godoy Alfaro, Cristhian Cerda Rivera y V\u00edctor Ar\u00f3stica Dominguez, la Confederaci\u00f3n &hellip; <\/p>\n","protected":false},"author":2,"featured_media":3608,"comment_status":"closed","ping_status":"closed","sticky":false,"template":"","format":"standard","meta":{"jetpack_post_was_ever_published":false,"_jetpack_newsletter_access":"","_jetpack_dont_email_post_to_subs":false,"_jetpack_newsletter_tier_id":0,"_jetpack_memberships_contains_paywalled_content":false,"_jetpack_memberships_contains_paid_content":false,"footnotes":"","jetpack_publicize_message":"","jetpack_publicize_feature_enabled":false,"jetpack_social_post_already_shared":true,"jetpack_social_options":{"image_generator_settings":{"template":"highway","default_image_id":0,"enabled":false},"version":2}},"categories":[8,9,21,25,15,17,19],"tags":[],"class_list":["post-3601","post","type-post","status-publish","format-standard","has-post-thumbnail","hentry","category-comunicado","category-confederacion","category-federaciones","category-fesamav","category-nacional","category-regiones","category-trabajadores"],"jetpack_publicize_connections":[],"jetpack_featured_media_url":"https:\/\/www.confederaciondelcobre.cl\/wp-content\/uploads\/2023\/06\/PortCom.jpg","jetpack_sharing_enabled":true,"post_mailing_queue_ids":[],"_links":{"self":[{"href":"https:\/\/www.confederaciondelcobre.cl\/index.php\/wp-json\/wp\/v2\/posts\/3601","targetHints":{"allow":["GET"]}}],"collection":[{"href":"https:\/\/www.confederaciondelcobre.cl\/index.php\/wp-json\/wp\/v2\/posts"}],"about":[{"href":"https:\/\/www.confederaciondelcobre.cl\/index.php\/wp-json\/wp\/v2\/types\/post"}],"author":[{"embeddable":true,"href":"https:\/\/www.confederaciondelcobre.cl\/index.php\/wp-json\/wp\/v2\/users\/2"}],"replies":[{"embeddable":true,"href":"https:\/\/www.confederaciondelcobre.cl\/index.php\/wp-json\/wp\/v2\/comments?post=3601"}],"version-history":[{"count":3,"href":"https:\/\/www.confederaciondelcobre.cl\/index.php\/wp-json\/wp\/v2\/posts\/3601\/revisions"}],"predecessor-version":[{"id":3607,"href":"https:\/\/www.confederaciondelcobre.cl\/index.php\/wp-json\/wp\/v2\/posts\/3601\/revisions\/3607"}],"wp:featuredmedia":[{"embeddable":true,"href":"https:\/\/www.confederaciondelcobre.cl\/index.php\/wp-json\/wp\/v2\/media\/3608"}],"wp:attachment":[{"href":"https:\/\/www.confederaciondelcobre.cl\/index.php\/wp-json\/wp\/v2\/media?parent=3601"}],"wp:term":[{"taxonomy":"category","embeddable":true,"href":"https:\/\/www.confederaciondelcobre.cl\/index.php\/wp-json\/wp\/v2\/categories?post=3601"},{"taxonomy":"post_tag","embeddable":true,"href":"https:\/\/www.confederaciondelcobre.cl\/index.php\/wp-json\/wp\/v2\/tags?post=3601"}],"curies":[{"name":"wp","href":"https:\/\/api.w.org\/{rel}","templated":true}]}}