{"id":3609,"date":"2023-06-12T20:26:00","date_gmt":"2023-06-13T00:26:00","guid":{"rendered":"https:\/\/www.confederaciondelcobre.cl\/?p=3609"},"modified":"2023-06-12T20:26:03","modified_gmt":"2023-06-13T00:26:03","slug":"presidenta-y-secretaria-general-de-la-ctc-participan-de-la-111a-conferencia-anual-de-la-oit","status":"publish","type":"post","link":"https:\/\/www.confederaciondelcobre.cl\/index.php\/2023\/06\/12\/presidenta-y-secretaria-general-de-la-ctc-participan-de-la-111a-conferencia-anual-de-la-oit\/","title":{"rendered":"Presidenta y Secretaria General de la CTC participan de la 111\u00aa Conferencia anual de la OIT."},"content":{"rendered":"\n<p>Celebrada en Ginebra (Suiza), desde el 05 al 16 de junio, delegadas y delegados de trabajadores, empleadores y gobiernos de los 187 Estados Miembros de la Organizaci\u00f3n Internacional del Trabajo (OIT), abordar\u00e1n una variedad de temas, entre ellos, una transici\u00f3n justa hacia econom\u00edas sostenibles e inclusivas, aprendizajes de calidad, y la protecci\u00f3n de las y los trabajadores.<\/p>\n\n\n\n<hr class=\"wp-block-separator has-alpha-channel-opacity\"\/>\n\n\n\n<p><strong>La Presidenta y Secretaria General de la Confederaci\u00f3n de Trabajadores del Cobre (CTC), Ana Lamas Aguirre y Stephanie Gonz\u00e1lez Ch\u00e1vez, respectivamente, estos d\u00edas se encuentran participando de la 111\u00aa Conferencia anual de la Organizaci\u00f3n del trabajo (OIT)<\/strong>, instancia en la que delegadas y delegados de trabajadores, empleadores y gobiernos de los 187 Estados Miembros de la OIT abordar\u00e1n una variedad de temas de relevancia mundial, como una transici\u00f3n justa hacia econom\u00edas sostenibles e inclusivas, aprendizajes de calidad, y la protecci\u00f3n de las y los trabajadores, entre otros.<\/p>\n\n\n\n<p class=\"has-medium-font-size\"><strong>Convenio 190 de la OIT, Chile deposita instrumento ratificatorio.<\/strong><\/p>\n\n\n\n<p>El d\u00eda de hoy, en tanto, y de manera tripartita, <strong>la delegaci\u00f3n chilena representada por David Acu\u00f1a, Presidente de la Central Unitaria de Trabajadores (CUT), Giorgio Boccardo, Subsecretario del Trabajo; y Pablo Bobic, Gerente Legal de la Confederaci\u00f3n de la Producci\u00f3n y del Comercio (CPC), hicieron dep\u00f3sito del instrumento ratificatorio del <a rel=\"noreferrer noopener\" href=\"https:\/\/www.ilo.org\/dyn\/normlex\/es\/f?p=NORMLEXPUB:12100:0::NO::P12100_ILO_CODE:C190\" target=\"_blank\">Convenio 190 de la OIT contra la violencia y el acoso en el mundo del trabajo<\/a><\/strong>. Dicho acto, cabe se\u00f1alar, formaliza definitivamente ante el organismo internacional (OIT) la ratificaci\u00f3n por parte de nuestro pa\u00eds de dicho Convenio, e implica, entonces, que pronto deber\u00e1 considerarse integrado a nuestra legislaci\u00f3n. Al respecto, <strong>David Acu\u00f1a Millahueique, Presidente de la CUT<\/strong>, se\u00f1al\u00f3 que &#8220;para nosotros como trabajadores es muy satisfactorio poder ratificar y empezar el camino para generar la implementaci\u00f3n [del Convenio 190] dentro de nuestro pa\u00eds. Creemos que hemos ido avanzando, el di\u00e1logo tripartito nos ha permitido ir generando distintas instancias, y esperamos seguir construyendo de esta misma manera un mejor pa\u00eds para todos y todas&#8221;,  a la vez que destac\u00f3 este como un hito muy importante, pues ratificar el Convenio 190 de la OIT es un gran avance para nuestro pa\u00eds.<\/p>\n\n\n<div class=\"wp-block-image\">\n<figure class=\"aligncenter size-large\"><img loading=\"lazy\" decoding=\"async\" width=\"928\" height=\"1024\" src=\"https:\/\/www.confederaciondelcobre.cl\/wp-content\/uploads\/2023\/06\/da148ba3-97bd-4424-9818-3b54e83ac5e4-928x1024.jpeg\" alt=\"\" class=\"wp-image-3615\" srcset=\"https:\/\/www.confederaciondelcobre.cl\/wp-content\/uploads\/2023\/06\/da148ba3-97bd-4424-9818-3b54e83ac5e4-928x1024.jpeg 928w, https:\/\/www.confederaciondelcobre.cl\/wp-content\/uploads\/2023\/06\/da148ba3-97bd-4424-9818-3b54e83ac5e4-272x300.jpeg 272w, https:\/\/www.confederaciondelcobre.cl\/wp-content\/uploads\/2023\/06\/da148ba3-97bd-4424-9818-3b54e83ac5e4-768x847.jpeg 768w, https:\/\/www.confederaciondelcobre.cl\/wp-content\/uploads\/2023\/06\/da148ba3-97bd-4424-9818-3b54e83ac5e4-1392x1536.jpeg 1392w, https:\/\/www.confederaciondelcobre.cl\/wp-content\/uploads\/2023\/06\/da148ba3-97bd-4424-9818-3b54e83ac5e4.jpeg 1450w\" sizes=\"auto, (max-width: 928px) 100vw, 928px\" \/><figcaption>Ana Lamas Aguirre, Presidenta de la CTC; Stephanie Gonz\u00e1lez Ch\u00e1vez, Secretaria General de la CTC en la 111\u00aa Conferencia anual de la OIT. Ginebra-Suiza.<\/figcaption><\/figure><\/div>\n\n\n<p>En tanto, <strong>Ana Lamas Aguirre, Presidenta de la CTC<\/strong>, destac\u00f3 lo positivo que es para Chile la ratificaci\u00f3n de este Convenio, pues &#8220;en materia de prevenci\u00f3n y combate a la violencia, como tambi\u00e9n del acoso en el mundo laboral, pone a nuestro pa\u00eds en un est\u00e1ndar mundial del que no pod\u00edamos seguir exentos&#8221;, agregando que una vez ratificado el Convenio 190 de la OIT &#8220;solo queda esperar su pronta implementaci\u00f3n, una implementaci\u00f3n que consideramos debe continuar a la vista de instancias tripartitas, donde participemos trabajadores, gobierno y empresarios. Los resultados \u2014insisti\u00f3 la Presidenta de la CTC\u2014 ya comienzan a ser palpables, y creemos que esa es la f\u00f3rmula m\u00e1s acertada a seguir&#8221;.<\/p>\n\n\n\n<figure class=\"wp-block-gallery has-nested-images columns-default is-cropped wp-block-gallery-1 is-layout-flex wp-block-gallery-is-layout-flex\">\n<figure class=\"wp-block-image size-large\"><img loading=\"lazy\" decoding=\"async\" width=\"1024\" height=\"748\" data-id=\"3617\" src=\"https:\/\/www.confederaciondelcobre.cl\/wp-content\/uploads\/2023\/06\/a23cb7d5-2b5f-4d43-a9d4-eb026a9a65fa-1024x748.jpeg\" alt=\"\" class=\"wp-image-3617\" srcset=\"https:\/\/www.confederaciondelcobre.cl\/wp-content\/uploads\/2023\/06\/a23cb7d5-2b5f-4d43-a9d4-eb026a9a65fa-1024x748.jpeg 1024w, https:\/\/www.confederaciondelcobre.cl\/wp-content\/uploads\/2023\/06\/a23cb7d5-2b5f-4d43-a9d4-eb026a9a65fa-300x219.jpeg 300w, https:\/\/www.confederaciondelcobre.cl\/wp-content\/uploads\/2023\/06\/a23cb7d5-2b5f-4d43-a9d4-eb026a9a65fa-768x561.jpeg 768w, https:\/\/www.confederaciondelcobre.cl\/wp-content\/uploads\/2023\/06\/a23cb7d5-2b5f-4d43-a9d4-eb026a9a65fa.jpeg 1200w\" sizes=\"auto, (max-width: 1024px) 100vw, 1024px\" \/><\/figure>\n\n\n\n<figure class=\"wp-block-image size-large\"><img loading=\"lazy\" decoding=\"async\" width=\"1024\" height=\"768\" data-id=\"3618\" src=\"https:\/\/www.confederaciondelcobre.cl\/wp-content\/uploads\/2023\/06\/c82b92a4-e600-4a66-b697-213433ea8617-1024x768.jpeg\" alt=\"\" class=\"wp-image-3618\" srcset=\"https:\/\/www.confederaciondelcobre.cl\/wp-content\/uploads\/2023\/06\/c82b92a4-e600-4a66-b697-213433ea8617-1024x768.jpeg 1024w, https:\/\/www.confederaciondelcobre.cl\/wp-content\/uploads\/2023\/06\/c82b92a4-e600-4a66-b697-213433ea8617-300x225.jpeg 300w, https:\/\/www.confederaciondelcobre.cl\/wp-content\/uploads\/2023\/06\/c82b92a4-e600-4a66-b697-213433ea8617-768x576.jpeg 768w, https:\/\/www.confederaciondelcobre.cl\/wp-content\/uploads\/2023\/06\/c82b92a4-e600-4a66-b697-213433ea8617.jpeg 1280w\" sizes=\"auto, (max-width: 1024px) 100vw, 1024px\" \/><\/figure>\n<\/figure>\n\n\n\n<p>Ya en horas de la tarde, y finalizando la jornada, <strong>la delegaci\u00f3n chilena se traslad\u00f3 a una recepci\u00f3n organizada en la embajada de Chile en Suiza<\/strong>. All\u00ed, Claudia Fuentes-Julio, Embajadora, Representante Permanente de Chile ante las Naciones Unidas y otros Organismos Internacionales en Ginebra (Suiza), recibi\u00f3 a las y los representantes de nuestro pa\u00eds ante la 111\u00aa Conferencia anual de la OIT. En la oportunidad, junto con valorar el hito de formalizar la ratificaci\u00f3n del Convenio 190 de la OIT, se reafirm\u00f3 la importancia del di\u00e1logo social que el actual gobierno \u2014en conjunto con diversos actores de la sociedad civil\u2014 est\u00e1n impulsando, y que cuyos frutos, por ejemplo, se ven reflejados incluso en instancias internacionales como la de estos d\u00edas en la 111\u00aa Conferencia anual de la Organizaci\u00f3n Internacional del Trabajo.<\/p>\n\n\n<div class=\"wp-block-image\">\n<figure class=\"aligncenter size-large\"><img loading=\"lazy\" decoding=\"async\" width=\"1024\" height=\"768\" src=\"https:\/\/www.confederaciondelcobre.cl\/wp-content\/uploads\/2023\/06\/5d6ef91c-4088-4948-8bec-67dd312b335c-1024x768.jpeg\" alt=\"\" class=\"wp-image-3616\" srcset=\"https:\/\/www.confederaciondelcobre.cl\/wp-content\/uploads\/2023\/06\/5d6ef91c-4088-4948-8bec-67dd312b335c-1024x768.jpeg 1024w, https:\/\/www.confederaciondelcobre.cl\/wp-content\/uploads\/2023\/06\/5d6ef91c-4088-4948-8bec-67dd312b335c-300x225.jpeg 300w, https:\/\/www.confederaciondelcobre.cl\/wp-content\/uploads\/2023\/06\/5d6ef91c-4088-4948-8bec-67dd312b335c-768x576.jpeg 768w, https:\/\/www.confederaciondelcobre.cl\/wp-content\/uploads\/2023\/06\/5d6ef91c-4088-4948-8bec-67dd312b335c.jpeg 1156w\" sizes=\"auto, (max-width: 1024px) 100vw, 1024px\" \/><figcaption>Delegaci\u00f3n chilena en la embajada de Chile en Ginebra (Suiza).<\/figcaption><\/figure><\/div>\n\n\n<p><\/p>\n","protected":false},"excerpt":{"rendered":"<p>Celebrada en Ginebra (Suiza), desde el 05 al 16 de junio, delegadas y delegados de trabajadores, empleadores y gobiernos de los 187 Estados Miembros de la Organizaci\u00f3n Internacional del Trabajo &hellip; <\/p>\n","protected":false},"author":2,"featured_media":3610,"comment_status":"closed","ping_status":"closed","sticky":false,"template":"","format":"standard","meta":{"jetpack_post_was_ever_published":false,"_jetpack_newsletter_access":"","_jetpack_dont_email_post_to_subs":false,"_jetpack_newsletter_tier_id":0,"_jetpack_memberships_contains_paywalled_content":false,"_jetpack_memberships_contains_paid_content":false,"footnotes":"","jetpack_publicize_message":"","jetpack_publicize_feature_enabled":false,"jetpack_social_post_already_shared":true,"jetpack_social_options":{"image_generator_settings":{"template":"highway","default_image_id":0,"enabled":false},"version":2}},"categories":[9,13,15,19],"tags":[],"class_list":["post-3609","post","type-post","status-publish","format-standard","has-post-thumbnail","hentry","category-confederacion","category-internacional","category-nacional","category-trabajadores"],"jetpack_publicize_connections":[],"jetpack_featured_media_url":"https:\/\/www.confederaciondelcobre.cl\/wp-content\/uploads\/2023\/06\/PortOIT.jpg","jetpack_sharing_enabled":true,"post_mailing_queue_ids":[],"_links":{"self":[{"href":"https:\/\/www.confederaciondelcobre.cl\/index.php\/wp-json\/wp\/v2\/posts\/3609","targetHints":{"allow":["GET"]}}],"collection":[{"href":"https:\/\/www.confederaciondelcobre.cl\/index.php\/wp-json\/wp\/v2\/posts"}],"about":[{"href":"https:\/\/www.confederaciondelcobre.cl\/index.php\/wp-json\/wp\/v2\/types\/post"}],"author":[{"embeddable":true,"href":"https:\/\/www.confederaciondelcobre.cl\/index.php\/wp-json\/wp\/v2\/users\/2"}],"replies":[{"embeddable":true,"href":"https:\/\/www.confederaciondelcobre.cl\/index.php\/wp-json\/wp\/v2\/comments?post=3609"}],"version-history":[{"count":5,"href":"https:\/\/www.confederaciondelcobre.cl\/index.php\/wp-json\/wp\/v2\/posts\/3609\/revisions"}],"predecessor-version":[{"id":3619,"href":"https:\/\/www.confederaciondelcobre.cl\/index.php\/wp-json\/wp\/v2\/posts\/3609\/revisions\/3619"}],"wp:featuredmedia":[{"embeddable":true,"href":"https:\/\/www.confederaciondelcobre.cl\/index.php\/wp-json\/wp\/v2\/media\/3610"}],"wp:attachment":[{"href":"https:\/\/www.confederaciondelcobre.cl\/index.php\/wp-json\/wp\/v2\/media?parent=3609"}],"wp:term":[{"taxonomy":"category","embeddable":true,"href":"https:\/\/www.confederaciondelcobre.cl\/index.php\/wp-json\/wp\/v2\/categories?post=3609"},{"taxonomy":"post_tag","embeddable":true,"href":"https:\/\/www.confederaciondelcobre.cl\/index.php\/wp-json\/wp\/v2\/tags?post=3609"}],"curies":[{"name":"wp","href":"https:\/\/api.w.org\/{rel}","templated":true}]}}