{"id":3621,"date":"2023-06-22T13:05:19","date_gmt":"2023-06-22T17:05:19","guid":{"rendered":"https:\/\/www.confederaciondelcobre.cl\/?p=3621"},"modified":"2023-06-22T13:05:22","modified_gmt":"2023-06-22T17:05:22","slug":"presidenta-y-secretaria-general-de-la-ctc-participaron-del-45-aniversario-de-comisiones-obreras-de-castilla-y-leon","status":"publish","type":"post","link":"https:\/\/www.confederaciondelcobre.cl\/index.php\/2023\/06\/22\/presidenta-y-secretaria-general-de-la-ctc-participaron-del-45-aniversario-de-comisiones-obreras-de-castilla-y-leon\/","title":{"rendered":"Presidenta y Secretaria General de la CTC participaron del 45 aniversario de Comisiones Obreras de Castilla y Le\u00f3n."},"content":{"rendered":"\n<p>El martes 20 de junio, <strong>la Presidenta y Secretaria General de la Confederaci\u00f3n de Trabajadores del Cobre (CTC), Ana Lamas Aguirre y Stephanie Gonz\u00e1lez Ch\u00e1vez, se reunieron con el Secretario General de Comisiones Obreras (CCOO) de Castilla y Le\u00f3n en Espa\u00f1a, Vicente Andr\u00e9s<\/strong>. En el encuentro, el y las dirigentas sindicales compartieron experiencias en torno a la promoci\u00f3n, defensa y conquista de derechos laborales para las y los trabajadores, a la vez que se establecieron y estrecharon lazos entre ambas organizaciones. Durante el intercambio coincidieron en que <strong>las necesidades y reivindicaciones de las y los trabajadores, como tambi\u00e9n del mundo sindical, de aqu\u00ed y de all\u00e1, son fundamentalmente las mismas<\/strong>: mejores condiciones laborales, salariales y de vida para las y los trabajadores y sus familias.<\/p>\n\n\n\n<figure class=\"wp-block-gallery has-nested-images columns-default is-cropped wp-block-gallery-1 is-layout-flex wp-block-gallery-is-layout-flex\">\n<figure class=\"wp-block-image size-large\"><img loading=\"lazy\" decoding=\"async\" width=\"1024\" height=\"768\" data-id=\"3627\" src=\"https:\/\/www.confederaciondelcobre.cl\/wp-content\/uploads\/2023\/06\/0c11a3b4-56c0-403a-b72f-6d12464e0b6c-1024x768.jpeg\" alt=\"\" class=\"wp-image-3627\" srcset=\"https:\/\/www.confederaciondelcobre.cl\/wp-content\/uploads\/2023\/06\/0c11a3b4-56c0-403a-b72f-6d12464e0b6c-1024x768.jpeg 1024w, https:\/\/www.confederaciondelcobre.cl\/wp-content\/uploads\/2023\/06\/0c11a3b4-56c0-403a-b72f-6d12464e0b6c-300x225.jpeg 300w, https:\/\/www.confederaciondelcobre.cl\/wp-content\/uploads\/2023\/06\/0c11a3b4-56c0-403a-b72f-6d12464e0b6c-768x576.jpeg 768w, https:\/\/www.confederaciondelcobre.cl\/wp-content\/uploads\/2023\/06\/0c11a3b4-56c0-403a-b72f-6d12464e0b6c.jpeg 1280w\" sizes=\"auto, (max-width: 1024px) 100vw, 1024px\" \/><\/figure>\n\n\n\n<figure class=\"wp-block-image size-large\"><img loading=\"lazy\" decoding=\"async\" width=\"1024\" height=\"768\" data-id=\"3628\" src=\"https:\/\/www.confederaciondelcobre.cl\/wp-content\/uploads\/2023\/06\/8e3d0c32-4d4e-48f3-9a1b-55fdc09c2b3b-1024x768.jpeg\" alt=\"\" class=\"wp-image-3628\" srcset=\"https:\/\/www.confederaciondelcobre.cl\/wp-content\/uploads\/2023\/06\/8e3d0c32-4d4e-48f3-9a1b-55fdc09c2b3b-1024x768.jpeg 1024w, https:\/\/www.confederaciondelcobre.cl\/wp-content\/uploads\/2023\/06\/8e3d0c32-4d4e-48f3-9a1b-55fdc09c2b3b-300x225.jpeg 300w, https:\/\/www.confederaciondelcobre.cl\/wp-content\/uploads\/2023\/06\/8e3d0c32-4d4e-48f3-9a1b-55fdc09c2b3b-768x576.jpeg 768w, https:\/\/www.confederaciondelcobre.cl\/wp-content\/uploads\/2023\/06\/8e3d0c32-4d4e-48f3-9a1b-55fdc09c2b3b.jpeg 1280w\" sizes=\"auto, (max-width: 1024px) 100vw, 1024px\" \/><\/figure>\n\n\n\n<figure class=\"wp-block-image size-large\"><img loading=\"lazy\" decoding=\"async\" width=\"1024\" height=\"768\" data-id=\"3626\" src=\"https:\/\/www.confederaciondelcobre.cl\/wp-content\/uploads\/2023\/06\/80d670b5-e481-435c-9308-d4395a91023f-1024x768.jpeg\" alt=\"\" class=\"wp-image-3626\" srcset=\"https:\/\/www.confederaciondelcobre.cl\/wp-content\/uploads\/2023\/06\/80d670b5-e481-435c-9308-d4395a91023f-1024x768.jpeg 1024w, https:\/\/www.confederaciondelcobre.cl\/wp-content\/uploads\/2023\/06\/80d670b5-e481-435c-9308-d4395a91023f-300x225.jpeg 300w, https:\/\/www.confederaciondelcobre.cl\/wp-content\/uploads\/2023\/06\/80d670b5-e481-435c-9308-d4395a91023f-768x576.jpeg 768w, https:\/\/www.confederaciondelcobre.cl\/wp-content\/uploads\/2023\/06\/80d670b5-e481-435c-9308-d4395a91023f.jpeg 1156w\" sizes=\"auto, (max-width: 1024px) 100vw, 1024px\" \/><\/figure>\n<\/figure>\n\n\n\n<p>Dicho encuentro, cabe se\u00f1alar, se realiz\u00f3 en el marco de la celebraci\u00f3n del <strong>45 aniversario de CCOO de Castilla y Le\u00f3n<\/strong>, cuyos or\u00edgenes se remontan a 1978. El acto, que se llev\u00f3 a cabo en la Sala Borja de Valladolid, y al que concurrieron la Presidenta y Secretaria General de la CTC, Ana Lamas Aguirre y Stephanie Gonz\u00e1lez Ch\u00e1vez, fue inaugurado por el Secretario General de CCOO de Castilla y Le\u00f3n, Vicente Andr\u00e9s; y clausurado por el Secretario General de CCOO, Unai Sordo. All\u00ed, se desarroll\u00f3 un programa que incluy\u00f3 dos mesas informativas: una con los tres secretarios generales que ha tenido CCOO de Castilla y Le\u00f3n, Javier Fern\u00e1ndez, \u00c1ngel Hern\u00e1ndez y Vicente Andr\u00e9s, quienes recordaron a Jes\u00fas Pereda, el segundo Secretario General quien falleci\u00f3 a los tres a\u00f1os de su mandato; y otra mesa con Mafalda Rodr\u00edguez, Rosa Eva Mart\u00ednez y Sheila Mateos, quienes debatieron sobre el papel de las mujeres particularmente en el sindicalismo. Entre las reflexiones, por cierto, estuvo lo dif\u00edcil que ha sido para las mujeres integrarse y abrirse camino en actividades que hist\u00f3ricamente han sido masculinizadas, pero tambi\u00e9n concluyeron que han llegado con un prop\u00f3sito: cambiar el mundo. Esto, agregaron, implica necesariamente mantener viva la memoria, pues las nuevas generaciones no siempre saben como y cuanto han costado las conquistas de la clase trabajadora. Mantener viva la consciencia sobre aquello es muy importante, se\u00f1alaron.<\/p>\n\n\n\n<p><strong>Stephanie Gonz\u00e1lez Ch\u00e1vez, Secretaria General de la CTC<\/strong>, salud\u00f3 el aniversario n\u00famero 45 de CCOO de Castilla y Le\u00f3n, indicando que &#8220;son 45 a\u00f1os de lucha y trabajo sindical, una historia que la hacen trabajadores y dirigentes, y que siempre debe rememorarse para construir un futuro para la generaciones venideras&#8221;, agregando que &#8220;nosotros [las y los de hoy] somos un eslab\u00f3n en este camino por recorrer, pero que somos fundamentales en la construcci\u00f3n de una sociedad distinta. Es importante la conciencia de clase en torno a la organizaci\u00f3n, y en la medida de que eso ocurra vamos a seguir fortaleci\u00e9ndonos&#8221;, concluy\u00f3.<\/p>\n\n\n\n<p>Para finalizar, <strong>Ana Lamas Aguirre, Presidenta de la Confederaci\u00f3n de Trabajadores del Cobre<\/strong>, tambi\u00e9n salud\u00f3 los 45 a\u00f1os de Comisiones Obreras de Castilla y Le\u00f3n, a la vez que agradeci\u00f3 la oportunidad de haber estado presente en dicha celebraci\u00f3n. &#8220;Conocer las distintas realidades que tenemos las organizaciones de trabajadoras y trabajadores, de otros pa\u00edses y otros continentes, es una experiencia muy valiosa. El acto al que asistimos fue muy emotivo, con mucha memoria hist\u00f3rica y conciencia de clase, algo que en nuestra organizaci\u00f3n tambi\u00e9n valoramos y llevamos muy en alto&#8221;, se\u00f1al\u00f3 la Presidenta de la CTC. Sobre el encuentro e intercambio con el Secretario General de CCOO de Castilla y Le\u00f3n, Ana Lamas Aguirre destac\u00f3 que &#8220;compartir experiencias sobre negociaciones colectivas, pol\u00edticas de g\u00e9nero e inclusi\u00f3n, y experiencias en torno al fortalecimiento de nuestras organizaciones, nos permite ir desarrollando a\u00fan m\u00e1s nuestra labor, como tambi\u00e9n estrechar lazos internacionales en beneficio de las y los trabajadores, de Chile y Espa\u00f1a, pero tambi\u00e9n del mundo entero. Sobre todo hoy, cuando la amenaza de la extrema derecha sobre los pueblos es cada vez mas grande&#8221;, concluy\u00f3 la Presidenta de la CTC.<\/p>\n\n\n\n<figure class=\"wp-block-gallery has-nested-images columns-default is-cropped wp-block-gallery-2 is-layout-flex wp-block-gallery-is-layout-flex\">\n<figure class=\"wp-block-image size-large\"><img loading=\"lazy\" decoding=\"async\" width=\"1024\" height=\"768\" data-id=\"3629\" src=\"https:\/\/www.confederaciondelcobre.cl\/wp-content\/uploads\/2023\/06\/09340179-19de-4c51-b452-76edf92ad898-1024x768.jpeg\" alt=\"\" class=\"wp-image-3629\" srcset=\"https:\/\/www.confederaciondelcobre.cl\/wp-content\/uploads\/2023\/06\/09340179-19de-4c51-b452-76edf92ad898-1024x768.jpeg 1024w, https:\/\/www.confederaciondelcobre.cl\/wp-content\/uploads\/2023\/06\/09340179-19de-4c51-b452-76edf92ad898-300x225.jpeg 300w, https:\/\/www.confederaciondelcobre.cl\/wp-content\/uploads\/2023\/06\/09340179-19de-4c51-b452-76edf92ad898-768x576.jpeg 768w, https:\/\/www.confederaciondelcobre.cl\/wp-content\/uploads\/2023\/06\/09340179-19de-4c51-b452-76edf92ad898.jpeg 1280w\" sizes=\"auto, (max-width: 1024px) 100vw, 1024px\" \/><\/figure>\n\n\n\n<figure class=\"wp-block-image size-large\"><img loading=\"lazy\" decoding=\"async\" width=\"972\" height=\"1024\" data-id=\"3630\" src=\"https:\/\/www.confederaciondelcobre.cl\/wp-content\/uploads\/2023\/06\/ee84fd8c-6a2e-4ef8-8ec4-097eac248479-972x1024.jpeg\" alt=\"\" class=\"wp-image-3630\" srcset=\"https:\/\/www.confederaciondelcobre.cl\/wp-content\/uploads\/2023\/06\/ee84fd8c-6a2e-4ef8-8ec4-097eac248479-972x1024.jpeg 972w, https:\/\/www.confederaciondelcobre.cl\/wp-content\/uploads\/2023\/06\/ee84fd8c-6a2e-4ef8-8ec4-097eac248479-285x300.jpeg 285w, https:\/\/www.confederaciondelcobre.cl\/wp-content\/uploads\/2023\/06\/ee84fd8c-6a2e-4ef8-8ec4-097eac248479-768x809.jpeg 768w, https:\/\/www.confederaciondelcobre.cl\/wp-content\/uploads\/2023\/06\/ee84fd8c-6a2e-4ef8-8ec4-097eac248479.jpeg 1215w\" sizes=\"auto, (max-width: 972px) 100vw, 972px\" \/><\/figure>\n<\/figure>\n","protected":false},"excerpt":{"rendered":"<p>El martes 20 de junio, la Presidenta y Secretaria General de la Confederaci\u00f3n de Trabajadores del Cobre (CTC), Ana Lamas Aguirre y Stephanie Gonz\u00e1lez Ch\u00e1vez, se reunieron con el Secretario &hellip; <\/p>\n","protected":false},"author":2,"featured_media":3623,"comment_status":"closed","ping_status":"closed","sticky":false,"template":"","format":"standard","meta":{"jetpack_post_was_ever_published":false,"_jetpack_newsletter_access":"","_jetpack_dont_email_post_to_subs":false,"_jetpack_newsletter_tier_id":0,"_jetpack_memberships_contains_paywalled_content":false,"_jetpack_memberships_contains_paid_content":false,"footnotes":"","jetpack_publicize_message":"","jetpack_publicize_feature_enabled":false,"jetpack_social_post_already_shared":true,"jetpack_social_options":{"image_generator_settings":{"template":"highway","default_image_id":0,"enabled":false},"version":2}},"categories":[9,13,19],"tags":[],"class_list":["post-3621","post","type-post","status-publish","format-standard","has-post-thumbnail","hentry","category-confederacion","category-internacional","category-trabajadores"],"jetpack_publicize_connections":[],"jetpack_featured_media_url":"https:\/\/www.confederaciondelcobre.cl\/wp-content\/uploads\/2023\/06\/PortCTC-CCOO-CyL.jpg","jetpack_sharing_enabled":true,"post_mailing_queue_ids":[],"_links":{"self":[{"href":"https:\/\/www.confederaciondelcobre.cl\/index.php\/wp-json\/wp\/v2\/posts\/3621","targetHints":{"allow":["GET"]}}],"collection":[{"href":"https:\/\/www.confederaciondelcobre.cl\/index.php\/wp-json\/wp\/v2\/posts"}],"about":[{"href":"https:\/\/www.confederaciondelcobre.cl\/index.php\/wp-json\/wp\/v2\/types\/post"}],"author":[{"embeddable":true,"href":"https:\/\/www.confederaciondelcobre.cl\/index.php\/wp-json\/wp\/v2\/users\/2"}],"replies":[{"embeddable":true,"href":"https:\/\/www.confederaciondelcobre.cl\/index.php\/wp-json\/wp\/v2\/comments?post=3621"}],"version-history":[{"count":8,"href":"https:\/\/www.confederaciondelcobre.cl\/index.php\/wp-json\/wp\/v2\/posts\/3621\/revisions"}],"predecessor-version":[{"id":3635,"href":"https:\/\/www.confederaciondelcobre.cl\/index.php\/wp-json\/wp\/v2\/posts\/3621\/revisions\/3635"}],"wp:featuredmedia":[{"embeddable":true,"href":"https:\/\/www.confederaciondelcobre.cl\/index.php\/wp-json\/wp\/v2\/media\/3623"}],"wp:attachment":[{"href":"https:\/\/www.confederaciondelcobre.cl\/index.php\/wp-json\/wp\/v2\/media?parent=3621"}],"wp:term":[{"taxonomy":"category","embeddable":true,"href":"https:\/\/www.confederaciondelcobre.cl\/index.php\/wp-json\/wp\/v2\/categories?post=3621"},{"taxonomy":"post_tag","embeddable":true,"href":"https:\/\/www.confederaciondelcobre.cl\/index.php\/wp-json\/wp\/v2\/tags?post=3621"}],"curies":[{"name":"wp","href":"https:\/\/api.w.org\/{rel}","templated":true}]}}