{"id":3636,"date":"2023-06-28T13:58:47","date_gmt":"2023-06-28T17:58:47","guid":{"rendered":"https:\/\/www.confederaciondelcobre.cl\/?p=3636"},"modified":"2023-06-28T13:58:49","modified_gmt":"2023-06-28T17:58:49","slug":"ctc-sostuvo-encuentro-con-la-ugt-de-espana","status":"publish","type":"post","link":"https:\/\/www.confederaciondelcobre.cl\/index.php\/2023\/06\/28\/ctc-sostuvo-encuentro-con-la-ugt-de-espana\/","title":{"rendered":"CTC sostuvo encuentro con la UGT de Espa\u00f1a."},"content":{"rendered":"\n<p>Con cerca de un mill\u00f3n de afiliados a la organizaci\u00f3n, y cuyas negociaciones benefician a aproximadamente once millones de trabajadoras y trabajadores de todo el pa\u00eds, la Uni\u00f3n General de Trabajadores (UGT) de Espa\u00f1a recibi\u00f3 en Madrid a la Confederaci\u00f3n de Trabajadores del Cobre (CTC), representada por su Presidenta y Secretaria General, Ana Lamas Aguirre y Stephanie Gonz\u00e1lez Ch\u00e1vez.<\/p>\n\n\n\n<hr class=\"wp-block-separator has-alpha-channel-opacity\"\/>\n\n\n\n<p>En la ma\u00f1ana de ayer, la <strong>Presidenta y Secretaria General de la CTC, Ana Lamas Aguirre y Stephanie Gonz\u00e1lez Ch\u00e1vez<\/strong>, sostuvieron un encuentro con dirigentas y dirigentes de la UGT de Espa\u00f1a, Confederaci\u00f3n Sindical constituida en 1888, y que actualmente cuenta con cerca de un mill\u00f3n de afiliados entre sus filas. En dicho encuentro, al que por parte de la UGT asistieron <strong>Cristina A\u00f1oranzas, de la Vicesecretar\u00eda General; V\u00edctor Fern\u00e1ndez, Secretario del Sector Minero; y Ramiro Vega, responsable para las Am\u00e9ricas de la Secretar\u00eda Internacional<\/strong>, se abordaron asuntos de diversas materias a la vez que compartieron experiencias relativas a la negociaci\u00f3n colectiva y sus expresiones superiores, como son las negociaciones por rama o sector, y tambi\u00e9n aquellas en que se abordan condiciones para todas y todos los trabajadores de manera transversal.<\/p>\n\n\n\n<p>Es as\u00ed, como en el caso de Espa\u00f1a, y seg\u00fan explicaron las y los dirigentes de la UGT, todo parte o debe partir sobre una base: la existencia de un <strong>di\u00e1logo social, donde participan e intervienen todos los sectores involucrados o pertinentes, y que permite no solo atender situaciones en lo inmediato o a mediano plazo, sino que tambi\u00e9n la generaci\u00f3n de pol\u00edticas p\u00fablicas m\u00e1s permanentes.<\/strong> Para el caso de las y los trabajadores, la instancia se desarrolla a un nivel tripartito donde intervienen trabajadores, gobierno y empleadores. Esto ha permitido, por ejemplo, el establecimiento de condiciones laborales m\u00ednimas, garant\u00edas sociales, capacitaci\u00f3n y reconversi\u00f3n laboral (adquirir nuevos conocimientos y habilidades para desempe\u00f1arse en otro rubro o puesto de trabajo), como es el caso de las y los trabajadores del carb\u00f3n en 2019, a prop\u00f3sito del cierre de dicha industria en Espa\u00f1a a fines de 2018.<\/p>\n\n\n\n<p>Tambi\u00e9n, las y los dirigentes de la UGT y la CTC, compartieron sobre temas de <strong>g\u00e9nero e inclusi\u00f3n<\/strong>, donde se destac\u00f3 que avanzar en dicha materia <strong>no puede quedar en algo meramente declarativo, sino que debe realizarse de manera mas concreta, es decir educando a todas y todos, pero tambi\u00e9n llevando a la pr\u00e1ctica<\/strong>. Lo anterior, particularmente en el mundo del trabajo, y en los campos laborales que han sido hist\u00f3ricamente masculinizados, esto es una tarea fundamental, coincidieron. Ahora bien, insistieron las y los dirigentes, es verdad que desde los a\u00f1os noventa el avance en torno a la concientizaci\u00f3n en materia de g\u00e9nero e inclusi\u00f3n ha sido notable, pero tambi\u00e9n es cierto que esos avances han sufrido retrocesos, sobre todo en per\u00edodos durante los cuales han gobernado sectores conservadores o de derecha. Ante ello, explicaron, en muchas ocasiones la batalla no solo se trata de seguir avanzando, sino que adem\u00e1s se trata de buscar restablecer lo alguna vez conseguido.<\/p>\n\n\n\n<p>Al final de la jornada, <strong>Ana Lamas Aguirre, Presidenta de la Confederaci\u00f3n de Trabajadores del Cobre<\/strong>, valor\u00f3 y destac\u00f3 el encuentro con &#8220;los compa\u00f1eros y compa\u00f1eras de la UGT, con quienes compartimos experiencias, pudimos conocer su trabajo sindical y establecer lazos&#8221;. Tambi\u00e9n es importante, subray\u00f3 la Presidenta de la CTC, &#8220;el haber compartido visiones e ideas en torno a los temas en miner\u00eda, pol\u00edticas de desarrollo sustentable, medio ambiente, planes de igualdad de g\u00e9nero y otros, como tambi\u00e9n sobre el rol que cumplen las organizaciones sindicales como las nuestras [UGT y CTC] en la b\u00fasqueda de una participaci\u00f3n efectiva de las y los trabajadores en el desarrollo incluso de pol\u00edticas publicas&#8221;. Esto, recalc\u00f3 Ana Lamas Aguirre, &#8220;para promover, defender y conquistar mas y mejores derechos para los trabajadores y trabajadoras. En ese sentido \u2014insisti\u00f3 la Presidenta de la CTC\u2014 valoramos y ratificamos el v\u00ednculo con las compa\u00f1eras y compa\u00f1eros de la UGT, con quienes esperamos seguir desarrollando algunas ideas y potenciarnos&#8221;, concluy\u00f3.<\/p>\n\n\n\n<figure class=\"wp-block-image size-large\"><img loading=\"lazy\" decoding=\"async\" width=\"1024\" height=\"768\" src=\"https:\/\/www.confederaciondelcobre.cl\/wp-content\/uploads\/2023\/06\/65e3d11a-8d69-4970-9383-3bbc11a3c764-1024x768.jpeg\" alt=\"\" class=\"wp-image-3643\" srcset=\"https:\/\/www.confederaciondelcobre.cl\/wp-content\/uploads\/2023\/06\/65e3d11a-8d69-4970-9383-3bbc11a3c764-1024x768.jpeg 1024w, https:\/\/www.confederaciondelcobre.cl\/wp-content\/uploads\/2023\/06\/65e3d11a-8d69-4970-9383-3bbc11a3c764-300x225.jpeg 300w, https:\/\/www.confederaciondelcobre.cl\/wp-content\/uploads\/2023\/06\/65e3d11a-8d69-4970-9383-3bbc11a3c764-768x576.jpeg 768w, https:\/\/www.confederaciondelcobre.cl\/wp-content\/uploads\/2023\/06\/65e3d11a-8d69-4970-9383-3bbc11a3c764.jpeg 1156w\" sizes=\"auto, (max-width: 1024px) 100vw, 1024px\" \/><\/figure>\n","protected":false},"excerpt":{"rendered":"<p>Con cerca de un mill\u00f3n de afiliados a la organizaci\u00f3n, y cuyas negociaciones benefician a aproximadamente once millones de trabajadoras y trabajadores de todo el pa\u00eds, la Uni\u00f3n General de &hellip; <\/p>\n","protected":false},"author":2,"featured_media":3637,"comment_status":"closed","ping_status":"closed","sticky":false,"template":"","format":"standard","meta":{"jetpack_post_was_ever_published":false,"_jetpack_newsletter_access":"","_jetpack_dont_email_post_to_subs":false,"_jetpack_newsletter_tier_id":0,"_jetpack_memberships_contains_paywalled_content":false,"_jetpack_memberships_contains_paid_content":false,"footnotes":"","jetpack_publicize_message":"","jetpack_publicize_feature_enabled":false,"jetpack_social_post_already_shared":true,"jetpack_social_options":{"image_generator_settings":{"template":"highway","default_image_id":0,"enabled":false},"version":2}},"categories":[9,13,19],"tags":[],"class_list":["post-3636","post","type-post","status-publish","format-standard","has-post-thumbnail","hentry","category-confederacion","category-internacional","category-trabajadores"],"jetpack_publicize_connections":[],"jetpack_featured_media_url":"https:\/\/www.confederaciondelcobre.cl\/wp-content\/uploads\/2023\/06\/PotCTC_UGT.jpg","jetpack_sharing_enabled":true,"post_mailing_queue_ids":[],"_links":{"self":[{"href":"https:\/\/www.confederaciondelcobre.cl\/index.php\/wp-json\/wp\/v2\/posts\/3636","targetHints":{"allow":["GET"]}}],"collection":[{"href":"https:\/\/www.confederaciondelcobre.cl\/index.php\/wp-json\/wp\/v2\/posts"}],"about":[{"href":"https:\/\/www.confederaciondelcobre.cl\/index.php\/wp-json\/wp\/v2\/types\/post"}],"author":[{"embeddable":true,"href":"https:\/\/www.confederaciondelcobre.cl\/index.php\/wp-json\/wp\/v2\/users\/2"}],"replies":[{"embeddable":true,"href":"https:\/\/www.confederaciondelcobre.cl\/index.php\/wp-json\/wp\/v2\/comments?post=3636"}],"version-history":[{"count":7,"href":"https:\/\/www.confederaciondelcobre.cl\/index.php\/wp-json\/wp\/v2\/posts\/3636\/revisions"}],"predecessor-version":[{"id":3645,"href":"https:\/\/www.confederaciondelcobre.cl\/index.php\/wp-json\/wp\/v2\/posts\/3636\/revisions\/3645"}],"wp:featuredmedia":[{"embeddable":true,"href":"https:\/\/www.confederaciondelcobre.cl\/index.php\/wp-json\/wp\/v2\/media\/3637"}],"wp:attachment":[{"href":"https:\/\/www.confederaciondelcobre.cl\/index.php\/wp-json\/wp\/v2\/media?parent=3636"}],"wp:term":[{"taxonomy":"category","embeddable":true,"href":"https:\/\/www.confederaciondelcobre.cl\/index.php\/wp-json\/wp\/v2\/categories?post=3636"},{"taxonomy":"post_tag","embeddable":true,"href":"https:\/\/www.confederaciondelcobre.cl\/index.php\/wp-json\/wp\/v2\/tags?post=3636"}],"curies":[{"name":"wp","href":"https:\/\/api.w.org\/{rel}","templated":true}]}}