{"id":3646,"date":"2023-07-06T14:41:02","date_gmt":"2023-07-06T18:41:02","guid":{"rendered":"https:\/\/www.confederaciondelcobre.cl\/?p=3646"},"modified":"2023-07-06T14:41:07","modified_gmt":"2023-07-06T18:41:07","slug":"ctc-asistio-al-xxiii-congreso-internacional-sobre-diversidad-en-organizaciones-comunidades-y-naciones-realizado-en-la-universidad-complutense-de-madrid","status":"publish","type":"post","link":"https:\/\/www.confederaciondelcobre.cl\/index.php\/2023\/07\/06\/ctc-asistio-al-xxiii-congreso-internacional-sobre-diversidad-en-organizaciones-comunidades-y-naciones-realizado-en-la-universidad-complutense-de-madrid\/","title":{"rendered":"CTC asisti\u00f3 al \u00a0XXIII Congreso Internacional sobre Diversidad en Organizaciones, Comunidades y Naciones realizado en la Universidad Complutense de Madrid."},"content":{"rendered":"\n<p>Este a\u00f1o, a cargo de la Facultad de Estudios Estad\u00edsticos y la Facultad de Trabajo Social de la Universidad Complutense de Madrid, el Congreso Internacional sobre Diversidad en Organizaciones, Comunidades y Naciones constituye desde hace varias d\u00e9cadas un claro referente como lugar de encuentro de los investigadores del campo de la diversidad.<\/p>\n\n\n\n<hr class=\"wp-block-separator has-alpha-channel-opacity\"\/>\n\n\n\n<p><strong>Ana Lamas Aguirre y Stephanie Gonz\u00e1lez Ch\u00e1vez, Presidenta y Secretaria General de la Confederaci\u00f3n de Trabajadores del Cobre<\/strong> (CTC), asistieron al XXIII Congreso Internacional sobre Diversidad en Organizaciones, Comunidades y Naciones realizado en la Universidad Complutense de Madrid (Espa\u00f1a). El evento, que se realiza hace ya varias d\u00e9cadas, en esta ocasi\u00f3n, se celebr\u00f3 entre los d\u00edas 28 y 30 de junio, y cont\u00f3 con variedad de actividades y exposiciones, entre las cuales se incluy\u00f3 una a cargo de <strong>representantes de la Universidad T\u00e9cnica Federico Santa Mar\u00eda (UTFSM) de Chile, quienes presentaron un estudio llamado \u201cCertificaci\u00f3n de Competencias Laborales y Capacitaci\u00f3n del Capital Humano Subcontratado de la Miner\u00eda en Chile\u201d<\/strong>. Dicho estudio, dirigido por los profesores <strong>Carlos Baldi, director del proyecto; y Felix Pizarro, director del departamento de mec\u00e1nica de la UTFSM<\/strong>, se llev\u00f3 a cabo con el apoyo de la CTC y realiz\u00f3 un levantamiento de informaci\u00f3n a fin de hacer un diagn\u00f3stico del personal subcontratado y, con ello, obtener datos relevantes que permiten conocer de mejor manera la realidad de la subcontrataci\u00f3n minera, como tambi\u00e9n la capacitaci\u00f3n de las y los trabajadores en dicha industria.<\/p>\n\n\n\n<p>En la presentaci\u00f3n, interesantes datos fueron expuestos, como la existencia de una <strong>alta migraci\u00f3n interna de la poblaci\u00f3n originaria en Chile<\/strong>. Lo anterior, por ejemplo, se refiere a que hay un importante n\u00famero de la poblaci\u00f3n Mapuche desempe\u00f1\u00e1ndose en laborales mineras en el norte de nuestro pa\u00eds, por cierto bajo la modalidad del subcontrato. Tambi\u00e9n se coment\u00f3 que entre las y los trabajadores subcontratados de la miner\u00eda, <strong>el empleo de mujeres se concentra abrumadoramente en tareas hist\u00f3ricamente feminizadas<\/strong>, como cocina o alimentaci\u00f3n, hosteler\u00eda y aseo. A lo anterior se suma el nivel educacional, donde en el grupo de mujeres el promedio es hasta la ense\u00f1anza media; mientras que en el de hombres llega al t\u00e9cnico profesional e incluso universitario. Lo anterior es muestra inequ\u00edvoca de que a la gran mayor\u00eda de mujeres, al menos en la subcontrataci\u00f3n minera, se les sigue relegando a las mismas tareas, hist\u00f3ricamente dom\u00e9sticas y asociadas a lo &#8220;femenino&#8221;.<\/p>\n\n\n\n<p><strong>Ana Lamas Aguirre<\/strong>, Presidenta de la Confederaci\u00f3n de Trabajadores del Cobre, destac\u00f3 la importancia de haber participar en este tipo de eventos, pues &#8220;refuerzan conocimientos y tambi\u00e9n entregan nuevos aprendizajes, importantes para los tiempos que vivimos y los que vienen mas adelante. Las organizaciones, junto con estar en constante aprendizaje, debemos generar y estrechar lazos, que es lo que tambi\u00e9n rescatamos de esta experiencia. Esperamos seguir en contacto y compartiendo experiencias con todos quienes conocimos y, de alguna manera, establecimos v\u00ednculos&#8221;, finaliz\u00f3. <\/p>\n\n\n\n<figure class=\"wp-block-gallery has-nested-images columns-default is-cropped wp-block-gallery-1 is-layout-flex wp-block-gallery-is-layout-flex\">\n<figure class=\"wp-block-image size-large\"><img loading=\"lazy\" decoding=\"async\" width=\"1024\" height=\"768\" data-id=\"3674\" src=\"https:\/\/www.confederaciondelcobre.cl\/wp-content\/uploads\/2023\/07\/074d5178-6794-4e2a-95bc-7d65ecd71be0-1024x768.jpeg\" alt=\"\" class=\"wp-image-3674\" srcset=\"https:\/\/www.confederaciondelcobre.cl\/wp-content\/uploads\/2023\/07\/074d5178-6794-4e2a-95bc-7d65ecd71be0-1024x768.jpeg 1024w, https:\/\/www.confederaciondelcobre.cl\/wp-content\/uploads\/2023\/07\/074d5178-6794-4e2a-95bc-7d65ecd71be0-300x225.jpeg 300w, https:\/\/www.confederaciondelcobre.cl\/wp-content\/uploads\/2023\/07\/074d5178-6794-4e2a-95bc-7d65ecd71be0-768x576.jpeg 768w, https:\/\/www.confederaciondelcobre.cl\/wp-content\/uploads\/2023\/07\/074d5178-6794-4e2a-95bc-7d65ecd71be0-1536x1152.jpeg 1536w, https:\/\/www.confederaciondelcobre.cl\/wp-content\/uploads\/2023\/07\/074d5178-6794-4e2a-95bc-7d65ecd71be0.jpeg 1600w\" sizes=\"auto, (max-width: 1024px) 100vw, 1024px\" \/><\/figure>\n\n\n\n<figure class=\"wp-block-image size-large\"><img loading=\"lazy\" decoding=\"async\" width=\"1024\" height=\"768\" data-id=\"3675\" src=\"https:\/\/www.confederaciondelcobre.cl\/wp-content\/uploads\/2023\/07\/432ef817-8246-4ee9-88ac-4782ef521d2c-1024x768.jpeg\" alt=\"\" class=\"wp-image-3675\" srcset=\"https:\/\/www.confederaciondelcobre.cl\/wp-content\/uploads\/2023\/07\/432ef817-8246-4ee9-88ac-4782ef521d2c-1024x768.jpeg 1024w, https:\/\/www.confederaciondelcobre.cl\/wp-content\/uploads\/2023\/07\/432ef817-8246-4ee9-88ac-4782ef521d2c-300x225.jpeg 300w, https:\/\/www.confederaciondelcobre.cl\/wp-content\/uploads\/2023\/07\/432ef817-8246-4ee9-88ac-4782ef521d2c-768x576.jpeg 768w, https:\/\/www.confederaciondelcobre.cl\/wp-content\/uploads\/2023\/07\/432ef817-8246-4ee9-88ac-4782ef521d2c-1536x1152.jpeg 1536w, https:\/\/www.confederaciondelcobre.cl\/wp-content\/uploads\/2023\/07\/432ef817-8246-4ee9-88ac-4782ef521d2c.jpeg 1600w\" sizes=\"auto, (max-width: 1024px) 100vw, 1024px\" \/><\/figure>\n\n\n\n<figure class=\"wp-block-image size-large\"><img loading=\"lazy\" decoding=\"async\" width=\"1024\" height=\"768\" data-id=\"3676\" src=\"https:\/\/www.confederaciondelcobre.cl\/wp-content\/uploads\/2023\/07\/dbc447a6-be49-4fa2-8e83-4ce761e3e9d8-1024x768.jpeg\" alt=\"\" class=\"wp-image-3676\" srcset=\"https:\/\/www.confederaciondelcobre.cl\/wp-content\/uploads\/2023\/07\/dbc447a6-be49-4fa2-8e83-4ce761e3e9d8-1024x768.jpeg 1024w, https:\/\/www.confederaciondelcobre.cl\/wp-content\/uploads\/2023\/07\/dbc447a6-be49-4fa2-8e83-4ce761e3e9d8-300x225.jpeg 300w, https:\/\/www.confederaciondelcobre.cl\/wp-content\/uploads\/2023\/07\/dbc447a6-be49-4fa2-8e83-4ce761e3e9d8-768x576.jpeg 768w, https:\/\/www.confederaciondelcobre.cl\/wp-content\/uploads\/2023\/07\/dbc447a6-be49-4fa2-8e83-4ce761e3e9d8-1536x1152.jpeg 1536w, https:\/\/www.confederaciondelcobre.cl\/wp-content\/uploads\/2023\/07\/dbc447a6-be49-4fa2-8e83-4ce761e3e9d8.jpeg 1600w\" sizes=\"auto, (max-width: 1024px) 100vw, 1024px\" \/><\/figure>\n<\/figure>\n","protected":false},"excerpt":{"rendered":"<p>Este a\u00f1o, a cargo de la Facultad de Estudios Estad\u00edsticos y la Facultad de Trabajo Social de la Universidad Complutense de Madrid, el Congreso Internacional sobre Diversidad en Organizaciones, Comunidades &hellip; <\/p>\n","protected":false},"author":2,"featured_media":3672,"comment_status":"closed","ping_status":"closed","sticky":false,"template":"","format":"standard","meta":{"jetpack_post_was_ever_published":false,"_jetpack_newsletter_access":"","_jetpack_dont_email_post_to_subs":false,"_jetpack_newsletter_tier_id":0,"_jetpack_memberships_contains_paywalled_content":false,"_jetpack_memberships_contains_paid_content":false,"footnotes":"","jetpack_publicize_message":"","jetpack_publicize_feature_enabled":false,"jetpack_social_post_already_shared":true,"jetpack_social_options":{"image_generator_settings":{"template":"highway","default_image_id":0,"enabled":false},"version":2}},"categories":[9,13,19],"tags":[],"class_list":["post-3646","post","type-post","status-publish","format-standard","has-post-thumbnail","hentry","category-confederacion","category-internacional","category-trabajadores"],"jetpack_publicize_connections":[],"jetpack_featured_media_url":"https:\/\/www.confederaciondelcobre.cl\/wp-content\/uploads\/2023\/07\/PortCong.jpg","jetpack_sharing_enabled":true,"post_mailing_queue_ids":[],"_links":{"self":[{"href":"https:\/\/www.confederaciondelcobre.cl\/index.php\/wp-json\/wp\/v2\/posts\/3646","targetHints":{"allow":["GET"]}}],"collection":[{"href":"https:\/\/www.confederaciondelcobre.cl\/index.php\/wp-json\/wp\/v2\/posts"}],"about":[{"href":"https:\/\/www.confederaciondelcobre.cl\/index.php\/wp-json\/wp\/v2\/types\/post"}],"author":[{"embeddable":true,"href":"https:\/\/www.confederaciondelcobre.cl\/index.php\/wp-json\/wp\/v2\/users\/2"}],"replies":[{"embeddable":true,"href":"https:\/\/www.confederaciondelcobre.cl\/index.php\/wp-json\/wp\/v2\/comments?post=3646"}],"version-history":[{"count":6,"href":"https:\/\/www.confederaciondelcobre.cl\/index.php\/wp-json\/wp\/v2\/posts\/3646\/revisions"}],"predecessor-version":[{"id":3694,"href":"https:\/\/www.confederaciondelcobre.cl\/index.php\/wp-json\/wp\/v2\/posts\/3646\/revisions\/3694"}],"wp:featuredmedia":[{"embeddable":true,"href":"https:\/\/www.confederaciondelcobre.cl\/index.php\/wp-json\/wp\/v2\/media\/3672"}],"wp:attachment":[{"href":"https:\/\/www.confederaciondelcobre.cl\/index.php\/wp-json\/wp\/v2\/media?parent=3646"}],"wp:term":[{"taxonomy":"category","embeddable":true,"href":"https:\/\/www.confederaciondelcobre.cl\/index.php\/wp-json\/wp\/v2\/categories?post=3646"},{"taxonomy":"post_tag","embeddable":true,"href":"https:\/\/www.confederaciondelcobre.cl\/index.php\/wp-json\/wp\/v2\/tags?post=3646"}],"curies":[{"name":"wp","href":"https:\/\/api.w.org\/{rel}","templated":true}]}}