{"id":3649,"date":"2023-06-29T17:46:09","date_gmt":"2023-06-29T21:46:09","guid":{"rendered":"https:\/\/www.confederaciondelcobre.cl\/?p=3649"},"modified":"2023-06-29T17:46:12","modified_gmt":"2023-06-29T21:46:12","slug":"en-iquique-actividad-contra-el-trabajo-infantil-y-capacitacion-sobre-ley-16-744-se-desarrollaron-en-la-sede-de-la-cut-tarapaca","status":"publish","type":"post","link":"https:\/\/www.confederaciondelcobre.cl\/index.php\/2023\/06\/29\/en-iquique-actividad-contra-el-trabajo-infantil-y-capacitacion-sobre-ley-16-744-se-desarrollaron-en-la-sede-de-la-cut-tarapaca\/","title":{"rendered":"En Iquique: actividad contra el trabajo infantil y capacitaci\u00f3n sobre ley 16.744 se desarrollaron en la sede de la CUT Tarapac\u00e1."},"content":{"rendered":"\n<p>El d\u00eda de hoy, en la sede de la CUT de Iquique, el Instituto de Seguridad Laboral (ISL) realiz\u00f3 una capacitaci\u00f3n sobre la ley 16.744 sobre Accidentes laborales y enfermedades profesionales. En dicha capacitaci\u00f3n participaron mas de 20 dirigentes sindicales del sector p\u00fablico y privado, entre ellos dirigentas y dirigentes de la Federaci\u00f3n Minera del Norte (Feminort, que es federaci\u00f3n de la CTC en la regi\u00f3n de Tarapac\u00e1).<\/p>\n\n\n\n<p>En tanto, y a prop\u00f3sito del D\u00eda internacional contra el trabajo infantil, cuya fecha recae el 12 de junio, fecha en que tambi\u00e9n se realiz\u00f3 una ceremonia en la Escuela Art\u00edstica, la CUT Tarapac\u00e1, y como miembro del CRETI (Consejo Regional para la Erradicaci\u00f3n del Trabajo Infantil) despleg\u00f3 un lienzo en el frontis de su sede. En dicha acci\u00f3n participaron el Sindicato de Manipuladoras de Alimentos, el Sindicato Unimarc, AJUNJI (Asociaci\u00f3n de Jardines Infantiles), SINATI (Sindicato Fundaci\u00f3n Integra), el Sindicato UST L\u00edder, el Sindicato de Trabajadores\u00a0N\u00ba2 Alinorte, el Sindicato de Transporte Alberto D\u00edaz, el Sindicato Pullman San Luis, el Sindicato Aramark, el Sindicato COSEMAR, el Sindicato Report, la Asociaci\u00f3n FETRASAM (Federaci\u00f3n de Trabajadores de la Salud Municipal) y la Asociaci\u00f3n de Trabajadores de la Salud Municipal (UTRASAH) en representaci\u00f3n de la Federaci\u00f3n Regional FERFUSAM Norte, entre otros.<\/p>\n\n\n\n<figure class=\"wp-block-gallery has-nested-images columns-default is-cropped wp-block-gallery-1 is-layout-flex wp-block-gallery-is-layout-flex\">\n<figure class=\"wp-block-image size-large\"><img loading=\"lazy\" decoding=\"async\" width=\"1024\" height=\"768\" data-id=\"3654\" src=\"https:\/\/www.confederaciondelcobre.cl\/wp-content\/uploads\/2023\/06\/8e043c64-11d2-41cc-8c79-cddbf8cdfc78-1024x768.jpeg\" alt=\"\" class=\"wp-image-3654\" srcset=\"https:\/\/www.confederaciondelcobre.cl\/wp-content\/uploads\/2023\/06\/8e043c64-11d2-41cc-8c79-cddbf8cdfc78-1024x768.jpeg 1024w, https:\/\/www.confederaciondelcobre.cl\/wp-content\/uploads\/2023\/06\/8e043c64-11d2-41cc-8c79-cddbf8cdfc78-300x225.jpeg 300w, https:\/\/www.confederaciondelcobre.cl\/wp-content\/uploads\/2023\/06\/8e043c64-11d2-41cc-8c79-cddbf8cdfc78-768x576.jpeg 768w, https:\/\/www.confederaciondelcobre.cl\/wp-content\/uploads\/2023\/06\/8e043c64-11d2-41cc-8c79-cddbf8cdfc78-1536x1152.jpeg 1536w, https:\/\/www.confederaciondelcobre.cl\/wp-content\/uploads\/2023\/06\/8e043c64-11d2-41cc-8c79-cddbf8cdfc78.jpeg 1600w\" sizes=\"auto, (max-width: 1024px) 100vw, 1024px\" \/><\/figure>\n\n\n\n<figure class=\"wp-block-image size-large\"><img loading=\"lazy\" decoding=\"async\" width=\"1024\" height=\"768\" data-id=\"3652\" src=\"https:\/\/www.confederaciondelcobre.cl\/wp-content\/uploads\/2023\/06\/2d6b9e29-7739-4345-8e24-0ce912a69328-1024x768.jpeg\" alt=\"\" class=\"wp-image-3652\" srcset=\"https:\/\/www.confederaciondelcobre.cl\/wp-content\/uploads\/2023\/06\/2d6b9e29-7739-4345-8e24-0ce912a69328-1024x768.jpeg 1024w, https:\/\/www.confederaciondelcobre.cl\/wp-content\/uploads\/2023\/06\/2d6b9e29-7739-4345-8e24-0ce912a69328-300x225.jpeg 300w, https:\/\/www.confederaciondelcobre.cl\/wp-content\/uploads\/2023\/06\/2d6b9e29-7739-4345-8e24-0ce912a69328-768x576.jpeg 768w, https:\/\/www.confederaciondelcobre.cl\/wp-content\/uploads\/2023\/06\/2d6b9e29-7739-4345-8e24-0ce912a69328-1536x1152.jpeg 1536w, https:\/\/www.confederaciondelcobre.cl\/wp-content\/uploads\/2023\/06\/2d6b9e29-7739-4345-8e24-0ce912a69328.jpeg 1600w\" sizes=\"auto, (max-width: 1024px) 100vw, 1024px\" \/><\/figure>\n\n\n\n<figure class=\"wp-block-image size-large\"><img loading=\"lazy\" decoding=\"async\" width=\"1024\" height=\"461\" data-id=\"3653\" src=\"https:\/\/www.confederaciondelcobre.cl\/wp-content\/uploads\/2023\/06\/29e52cc1-308b-4d57-b60e-824a58d920cd-1024x461.jpeg\" alt=\"\" class=\"wp-image-3653\" srcset=\"https:\/\/www.confederaciondelcobre.cl\/wp-content\/uploads\/2023\/06\/29e52cc1-308b-4d57-b60e-824a58d920cd-1024x461.jpeg 1024w, https:\/\/www.confederaciondelcobre.cl\/wp-content\/uploads\/2023\/06\/29e52cc1-308b-4d57-b60e-824a58d920cd-300x135.jpeg 300w, https:\/\/www.confederaciondelcobre.cl\/wp-content\/uploads\/2023\/06\/29e52cc1-308b-4d57-b60e-824a58d920cd-768x346.jpeg 768w, https:\/\/www.confederaciondelcobre.cl\/wp-content\/uploads\/2023\/06\/29e52cc1-308b-4d57-b60e-824a58d920cd-1536x691.jpeg 1536w, https:\/\/www.confederaciondelcobre.cl\/wp-content\/uploads\/2023\/06\/29e52cc1-308b-4d57-b60e-824a58d920cd.jpeg 1600w\" sizes=\"auto, (max-width: 1024px) 100vw, 1024px\" \/><\/figure>\n\n\n\n<figure class=\"wp-block-image size-large\"><img loading=\"lazy\" decoding=\"async\" width=\"1024\" height=\"461\" data-id=\"3655\" src=\"https:\/\/www.confederaciondelcobre.cl\/wp-content\/uploads\/2023\/06\/65c16247-c1f0-4e4e-a7f3-d31f49e553b2-1024x461.jpeg\" alt=\"\" class=\"wp-image-3655\" srcset=\"https:\/\/www.confederaciondelcobre.cl\/wp-content\/uploads\/2023\/06\/65c16247-c1f0-4e4e-a7f3-d31f49e553b2-1024x461.jpeg 1024w, https:\/\/www.confederaciondelcobre.cl\/wp-content\/uploads\/2023\/06\/65c16247-c1f0-4e4e-a7f3-d31f49e553b2-300x135.jpeg 300w, https:\/\/www.confederaciondelcobre.cl\/wp-content\/uploads\/2023\/06\/65c16247-c1f0-4e4e-a7f3-d31f49e553b2-768x346.jpeg 768w, https:\/\/www.confederaciondelcobre.cl\/wp-content\/uploads\/2023\/06\/65c16247-c1f0-4e4e-a7f3-d31f49e553b2-1536x691.jpeg 1536w, https:\/\/www.confederaciondelcobre.cl\/wp-content\/uploads\/2023\/06\/65c16247-c1f0-4e4e-a7f3-d31f49e553b2.jpeg 1600w\" sizes=\"auto, (max-width: 1024px) 100vw, 1024px\" \/><\/figure>\n<\/figure>\n","protected":false},"excerpt":{"rendered":"<p>El d\u00eda de hoy, en la sede de la CUT de Iquique, el Instituto de Seguridad Laboral (ISL) realiz\u00f3 una capacitaci\u00f3n sobre la ley 16.744 sobre Accidentes laborales y enfermedades &hellip; <\/p>\n","protected":false},"author":2,"featured_media":3651,"comment_status":"closed","ping_status":"closed","sticky":false,"template":"","format":"standard","meta":{"jetpack_post_was_ever_published":false,"_jetpack_newsletter_access":"","_jetpack_dont_email_post_to_subs":false,"_jetpack_newsletter_tier_id":0,"_jetpack_memberships_contains_paywalled_content":false,"_jetpack_memberships_contains_paid_content":false,"footnotes":"","jetpack_publicize_message":"","jetpack_publicize_feature_enabled":false,"jetpack_social_post_already_shared":true,"jetpack_social_options":{"image_generator_settings":{"template":"highway","default_image_id":0,"enabled":false},"version":2}},"categories":[9,27,21,22,13,19],"tags":[],"class_list":["post-3649","post","type-post","status-publish","format-standard","has-post-thumbnail","hentry","category-confederacion","category-cut","category-federaciones","category-feminort","category-internacional","category-trabajadores"],"jetpack_publicize_connections":[],"jetpack_featured_media_url":"https:\/\/www.confederaciondelcobre.cl\/wp-content\/uploads\/2023\/06\/Port_.jpg","jetpack_sharing_enabled":true,"post_mailing_queue_ids":[],"_links":{"self":[{"href":"https:\/\/www.confederaciondelcobre.cl\/index.php\/wp-json\/wp\/v2\/posts\/3649","targetHints":{"allow":["GET"]}}],"collection":[{"href":"https:\/\/www.confederaciondelcobre.cl\/index.php\/wp-json\/wp\/v2\/posts"}],"about":[{"href":"https:\/\/www.confederaciondelcobre.cl\/index.php\/wp-json\/wp\/v2\/types\/post"}],"author":[{"embeddable":true,"href":"https:\/\/www.confederaciondelcobre.cl\/index.php\/wp-json\/wp\/v2\/users\/2"}],"replies":[{"embeddable":true,"href":"https:\/\/www.confederaciondelcobre.cl\/index.php\/wp-json\/wp\/v2\/comments?post=3649"}],"version-history":[{"count":2,"href":"https:\/\/www.confederaciondelcobre.cl\/index.php\/wp-json\/wp\/v2\/posts\/3649\/revisions"}],"predecessor-version":[{"id":3656,"href":"https:\/\/www.confederaciondelcobre.cl\/index.php\/wp-json\/wp\/v2\/posts\/3649\/revisions\/3656"}],"wp:featuredmedia":[{"embeddable":true,"href":"https:\/\/www.confederaciondelcobre.cl\/index.php\/wp-json\/wp\/v2\/media\/3651"}],"wp:attachment":[{"href":"https:\/\/www.confederaciondelcobre.cl\/index.php\/wp-json\/wp\/v2\/media?parent=3649"}],"wp:term":[{"taxonomy":"category","embeddable":true,"href":"https:\/\/www.confederaciondelcobre.cl\/index.php\/wp-json\/wp\/v2\/categories?post=3649"},{"taxonomy":"post_tag","embeddable":true,"href":"https:\/\/www.confederaciondelcobre.cl\/index.php\/wp-json\/wp\/v2\/tags?post=3649"}],"curies":[{"name":"wp","href":"https:\/\/api.w.org\/{rel}","templated":true}]}}