{"id":3657,"date":"2023-06-30T17:05:55","date_gmt":"2023-06-30T21:05:55","guid":{"rendered":"https:\/\/www.confederaciondelcobre.cl\/?p=3657"},"modified":"2023-06-30T17:05:57","modified_gmt":"2023-06-30T21:05:57","slug":"comunicadoctc-por-accidente-fatal-de-trabajador-subcontratado-en-la-division-el-teniente-de-codelco","status":"publish","type":"post","link":"https:\/\/www.confederaciondelcobre.cl\/index.php\/2023\/06\/30\/comunicadoctc-por-accidente-fatal-de-trabajador-subcontratado-en-la-division-el-teniente-de-codelco\/","title":{"rendered":"#ComunicadoCTC por accidente fatal de trabajador subcontratado en la Divisi\u00f3n El Teniente de Codelco."},"content":{"rendered":"\n<p>Ante el lamentable fallecimiento de <strong>Osvaldo Bustamante Fr\u00edas, trabajador de 29 a\u00f1os, <\/strong>T\u00e9cnico El\u00e9ctrico de la empresa contratista Zubl\u00edn, que ejerc\u00eda labores para la Vicepresidencia de Proyectos en el Proyecto Andes Norte de la Divisi\u00f3n El Teniente (VI regi\u00f3n) de Codelco, <strong>la Confederaci\u00f3n de Trabajadores del Cobre, en primer lugar, presenta sus m\u00e1s sentidas condolencias a la familia, amigas, amigos, compa\u00f1eras y compa\u00f1eros de trabajo de Osvaldo Bustamante Fr\u00edas<\/strong>.<\/p>\n\n\n\n<p>El accidente, que produjo su lamentable fallecimiento, aconteci\u00f3 alrededor de las 15:00 horas de ayer jueves 29 de junio, y ocurri\u00f3 mientras <strong>Osvaldo Bustamante Fr\u00edas<\/strong> realizaba la instalaci\u00f3n de un generador el\u00e9ctrico. En dicho procedimiento sufri\u00f3 una descarga el\u00e9ctrica y fue trasladado a la Posta Sewell, donde se le efectuaron maniobras de reanimaci\u00f3n que no pudieron evitar el triste desenlace.<\/p>\n\n\n\n<p>Nuestra organizaci\u00f3n, nuevamente hace un llamado, esta vez a la empresa Zubl\u00edn, como tambi\u00e9n a la administraci\u00f3n de Codelco y a la Gerencia General de la Divisi\u00f3n El Teniente,<strong> a poner todos los antecedentes que se dispongan de este fatal accidente a disposici\u00f3n de las autoridades competentes<\/strong>, esto a fin de conocer con claridad sus hechos y causas. De igual manera, a la vez que reitera su llamado al gobierno de Chile y organismos pertinentes a acelerar el proceso de<strong> ratificaci\u00f3n del Convenio 176 de la Organizaci\u00f3n Internacional del Trabajo, sobre Seguridad y Salud en las Minas, <\/strong>insiste en avanzar hacia la implementaci\u00f3n de una<strong> Campa\u00f1a Nacional de Seguridad en miner\u00eda propuesta por la Coordinadora de Trabajadores de la Miner\u00eda (CTMIN) al propio Ministerio de Miner\u00eda. <\/strong>Lo anterior, si bien es urgente por la salud y seguridad de todas y todos los trabajadores de la miner\u00eda sin excepci\u00f3n, lo es especialmente para quienes desempe\u00f1an sus labores bajo la modalidad del subcontrato, una modalidad que precariza el trabajo, seguridad y vida de las personas.<\/p>\n\n\n\n<p><strong>Reiteramos nuestras m\u00e1s sentidas condolencias a la familia y cercanos de Osvaldo Bustamante Fr\u00edas, joven trabajador subcontratado de la miner\u00eda del cobre. A ellas y ellos nuestro solidario abrazo.<\/strong><\/p>\n\n\n\n<p class=\"has-text-align-center\"><strong>CONFEDERACI\u00d3N DE TRABAJADORES DEL COBRE<\/strong><\/p>\n\n\n\n<p class=\"has-text-align-right\">Chile, viernes 30 de junio de 2023.<\/p>\n\n\n<div class=\"wp-block-image\">\n<figure class=\"aligncenter size-large\"><img loading=\"lazy\" decoding=\"async\" width=\"564\" height=\"1024\" src=\"https:\/\/www.confederaciondelcobre.cl\/wp-content\/uploads\/2023\/06\/R1_Osvaldo-Bustamante-Frias-564x1024.png\" alt=\"\" class=\"wp-image-3658\" srcset=\"https:\/\/www.confederaciondelcobre.cl\/wp-content\/uploads\/2023\/06\/R1_Osvaldo-Bustamante-Frias-564x1024.png 564w, https:\/\/www.confederaciondelcobre.cl\/wp-content\/uploads\/2023\/06\/R1_Osvaldo-Bustamante-Frias-165x300.png 165w, https:\/\/www.confederaciondelcobre.cl\/wp-content\/uploads\/2023\/06\/R1_Osvaldo-Bustamante-Frias.png 595w\" sizes=\"auto, (max-width: 564px) 100vw, 564px\" \/><\/figure><\/div>","protected":false},"excerpt":{"rendered":"<p>Ante el lamentable fallecimiento de Osvaldo Bustamante Fr\u00edas, trabajador de 29 a\u00f1os, T\u00e9cnico El\u00e9ctrico de la empresa contratista Zubl\u00edn, que ejerc\u00eda labores para la Vicepresidencia de Proyectos en el Proyecto &hellip; <\/p>\n","protected":false},"author":2,"featured_media":3659,"comment_status":"closed","ping_status":"closed","sticky":false,"template":"","format":"standard","meta":{"jetpack_post_was_ever_published":false,"_jetpack_newsletter_access":"","_jetpack_dont_email_post_to_subs":false,"_jetpack_newsletter_tier_id":0,"_jetpack_memberships_contains_paywalled_content":false,"_jetpack_memberships_contains_paid_content":false,"footnotes":"","jetpack_publicize_message":"","jetpack_publicize_feature_enabled":false,"jetpack_social_post_already_shared":true,"jetpack_social_options":{"image_generator_settings":{"template":"highway","default_image_id":0,"enabled":false},"version":2}},"categories":[8,9,11,21,15,19],"tags":[],"class_list":["post-3657","post","type-post","status-publish","format-standard","has-post-thumbnail","hentry","category-comunicado","category-confederacion","category-ctmin","category-federaciones","category-nacional","category-trabajadores"],"jetpack_publicize_connections":[],"jetpack_featured_media_url":"https:\/\/www.confederaciondelcobre.cl\/wp-content\/uploads\/2023\/06\/Port_Com.jpg","jetpack_sharing_enabled":true,"post_mailing_queue_ids":[],"_links":{"self":[{"href":"https:\/\/www.confederaciondelcobre.cl\/index.php\/wp-json\/wp\/v2\/posts\/3657","targetHints":{"allow":["GET"]}}],"collection":[{"href":"https:\/\/www.confederaciondelcobre.cl\/index.php\/wp-json\/wp\/v2\/posts"}],"about":[{"href":"https:\/\/www.confederaciondelcobre.cl\/index.php\/wp-json\/wp\/v2\/types\/post"}],"author":[{"embeddable":true,"href":"https:\/\/www.confederaciondelcobre.cl\/index.php\/wp-json\/wp\/v2\/users\/2"}],"replies":[{"embeddable":true,"href":"https:\/\/www.confederaciondelcobre.cl\/index.php\/wp-json\/wp\/v2\/comments?post=3657"}],"version-history":[{"count":1,"href":"https:\/\/www.confederaciondelcobre.cl\/index.php\/wp-json\/wp\/v2\/posts\/3657\/revisions"}],"predecessor-version":[{"id":3660,"href":"https:\/\/www.confederaciondelcobre.cl\/index.php\/wp-json\/wp\/v2\/posts\/3657\/revisions\/3660"}],"wp:featuredmedia":[{"embeddable":true,"href":"https:\/\/www.confederaciondelcobre.cl\/index.php\/wp-json\/wp\/v2\/media\/3659"}],"wp:attachment":[{"href":"https:\/\/www.confederaciondelcobre.cl\/index.php\/wp-json\/wp\/v2\/media?parent=3657"}],"wp:term":[{"taxonomy":"category","embeddable":true,"href":"https:\/\/www.confederaciondelcobre.cl\/index.php\/wp-json\/wp\/v2\/categories?post=3657"},{"taxonomy":"post_tag","embeddable":true,"href":"https:\/\/www.confederaciondelcobre.cl\/index.php\/wp-json\/wp\/v2\/tags?post=3657"}],"curies":[{"name":"wp","href":"https:\/\/api.w.org\/{rel}","templated":true}]}}