{"id":3661,"date":"2023-07-03T13:48:36","date_gmt":"2023-07-03T17:48:36","guid":{"rendered":"https:\/\/www.confederaciondelcobre.cl\/?p=3661"},"modified":"2023-07-03T13:48:38","modified_gmt":"2023-07-03T17:48:38","slug":"negociacion-colectiva-sindicato-fepasa-los-andes-vota-huelga","status":"publish","type":"post","link":"https:\/\/www.confederaciondelcobre.cl\/index.php\/2023\/07\/03\/negociacion-colectiva-sindicato-fepasa-los-andes-vota-huelga\/","title":{"rendered":"Negociaci\u00f3n Colectiva: sindicato Fepasa Los Andes vota huelga."},"content":{"rendered":"\n<p>Trabajo digno, condiciones seguras, mejoras salariales y beneficios sociales, entre otras, son las principales demandas del sindicato y a las que Fepasa, la empresa de transporte ferroviario m\u00e1s grande de Chile, se ha negado sistem\u00e1ticamente a discutir en la actual negociaci\u00f3n colectiva.<\/p>\n\n\n\n<hr class=\"wp-block-separator has-alpha-channel-opacity\"\/>\n\n\n\n<p>Iniciada el 16 de mayo de 2023, la negociaci\u00f3n colectiva que est\u00e1n llevando adelante el <strong>Sindicato Empresa Ferrocarril del Pac\u00edfico S.A. Establecimiento Los Andes con la Compa\u00f1\u00eda Ferrocarril del Pac\u00edfico S.A. (FEPASA)<\/strong> ha sido un duro proceso, incluso hostil. As\u00ed lo describe la dirigencia del sindicato, encabezada por Juan Guerra, Presidente; Sergio Figueroa, Tesorero; y Claudio Escobar, Secretario, al referirse a la actitud de la empresa y sus representantes, quienes se han negado sistem\u00e1ticamente a discutir sobre mejoras salariales, condiciones de seguridad y beneficios sociales, entre otros. En definitiva, <strong>una permanente negativa es lo que han encontrado en torno a avanzar hacia un trabajo digno, se\u00f1alan desde el sindicato.<\/strong><\/p>\n\n\n\n<p>En lo que va del proceso, sindicato y empresa han sostenido cuatro mesas de negociaci\u00f3n, y en ninguna de ellas se ha logrado avanzar en favor de las demandas de los trabajadores. Es m\u00e1s, mientras los trabajadores buscan un nuevo contrato colectivo, y que sea para los pr\u00f3ximos dos a\u00f1os; <strong>la pretensi\u00f3n de FEPASA se limita a solo extender el contrato que ya existe, sin modificaci\u00f3n alguna, por un a\u00f1o m\u00e1s<\/strong>. <strong>As\u00ed las cosas, y ya con la &#8216;\u00faltima propuesta&#8217; de FEPASA sobre la mesa, el viernes 30 de junio de 2023 los trabajadores del Sindicato Empresa Ferrocarril del Pac\u00edfico S.A. Establecimiento Los Andes han decidido llevar adelante la huelga.<\/strong><\/p>\n\n\n\n<p>La huelga, herramienta hist\u00f3rica de las y los trabajadores en la lucha por avanzar y conquistar m\u00e1s y mejores derechos para ellas, ellos y sus familias, es tambi\u00e9n un derecho contemplado en todo proceso de negociaci\u00f3n colectiva. Una herramienta y derecho que los socios del Sindicato Empresa Ferrocarril del Pac\u00edfico S.A. Establecimiento Los Andes ha decidido utilizar y hacer valer. En ese sentido, <strong>el Presidente del Sindicato, Juan Guerra, hizo un llamado a la empresa y su administraci\u00f3n &#8220;a entender las necesidades de los trabajadores, que con nuestro trabajo hacemos posible el movimiento de trenes&#8221;, a la vez que tambi\u00e9n valor\u00f3 y alent\u00f3 a los socios del sindicato a &#8220;seguir manteniendo la unidad, como trabajadores, para lograr un bien en com\u00fan para nosotros y nuestras familias&#8221;<\/strong>.<\/p>\n\n\n\n<blockquote class=\"wp-block-quote has-text-align-left is-layout-flow wp-block-quote-is-layout-flow\"><p><strong><em>Revisa esta nota de prensa, publicada en julio de 2022, que te podr\u00eda interesar<\/em><\/strong>: <a rel=\"noreferrer noopener\" href=\"https:\/\/www.confederaciondelcobre.cl\/index.php\/2022\/07\/29\/trabajadores-intoxicados-por-monoxido-de-carbono-sindicato-fepasa-los-andes-denuncia-falta-de-mantencion-en-locomotoras\/\" target=\"_blank\">Trabajadores intoxicados por mon\u00f3xido de carbono: Sindicato Fepasa Los Andes denuncia falta de mantenci\u00f3n en locomotoras.<\/a><\/p><\/blockquote>\n","protected":false},"excerpt":{"rendered":"<p>Trabajo digno, condiciones seguras, mejoras salariales y beneficios sociales, entre otras, son las principales demandas del sindicato y a las que Fepasa, la empresa de transporte ferroviario m\u00e1s grande de &hellip; <\/p>\n","protected":false},"author":2,"featured_media":3669,"comment_status":"closed","ping_status":"closed","sticky":false,"template":"","format":"standard","meta":{"jetpack_post_was_ever_published":false,"_jetpack_newsletter_access":"","_jetpack_dont_email_post_to_subs":false,"_jetpack_newsletter_tier_id":0,"_jetpack_memberships_contains_paywalled_content":false,"_jetpack_memberships_contains_paid_content":false,"footnotes":"","jetpack_publicize_message":"","jetpack_publicize_feature_enabled":false,"jetpack_social_post_already_shared":true,"jetpack_social_options":{"image_generator_settings":{"template":"highway","default_image_id":0,"enabled":false},"version":2}},"categories":[9,21,29,20,19],"tags":[],"class_list":["post-3661","post","type-post","status-publish","format-standard","has-post-thumbnail","hentry","category-confederacion","category-federaciones","category-fetramac","category-negociacion-colectiva","category-trabajadores"],"jetpack_publicize_connections":[],"jetpack_featured_media_url":"https:\/\/www.confederaciondelcobre.cl\/wp-content\/uploads\/2023\/07\/PortSindFepasaLosAndes.jpg","jetpack_sharing_enabled":true,"post_mailing_queue_ids":[],"_links":{"self":[{"href":"https:\/\/www.confederaciondelcobre.cl\/index.php\/wp-json\/wp\/v2\/posts\/3661","targetHints":{"allow":["GET"]}}],"collection":[{"href":"https:\/\/www.confederaciondelcobre.cl\/index.php\/wp-json\/wp\/v2\/posts"}],"about":[{"href":"https:\/\/www.confederaciondelcobre.cl\/index.php\/wp-json\/wp\/v2\/types\/post"}],"author":[{"embeddable":true,"href":"https:\/\/www.confederaciondelcobre.cl\/index.php\/wp-json\/wp\/v2\/users\/2"}],"replies":[{"embeddable":true,"href":"https:\/\/www.confederaciondelcobre.cl\/index.php\/wp-json\/wp\/v2\/comments?post=3661"}],"version-history":[{"count":9,"href":"https:\/\/www.confederaciondelcobre.cl\/index.php\/wp-json\/wp\/v2\/posts\/3661\/revisions"}],"predecessor-version":[{"id":3671,"href":"https:\/\/www.confederaciondelcobre.cl\/index.php\/wp-json\/wp\/v2\/posts\/3661\/revisions\/3671"}],"wp:featuredmedia":[{"embeddable":true,"href":"https:\/\/www.confederaciondelcobre.cl\/index.php\/wp-json\/wp\/v2\/media\/3669"}],"wp:attachment":[{"href":"https:\/\/www.confederaciondelcobre.cl\/index.php\/wp-json\/wp\/v2\/media?parent=3661"}],"wp:term":[{"taxonomy":"category","embeddable":true,"href":"https:\/\/www.confederaciondelcobre.cl\/index.php\/wp-json\/wp\/v2\/categories?post=3661"},{"taxonomy":"post_tag","embeddable":true,"href":"https:\/\/www.confederaciondelcobre.cl\/index.php\/wp-json\/wp\/v2\/tags?post=3661"}],"curies":[{"name":"wp","href":"https:\/\/api.w.org\/{rel}","templated":true}]}}