{"id":3678,"date":"2023-07-06T16:14:27","date_gmt":"2023-07-06T20:14:27","guid":{"rendered":"https:\/\/www.confederaciondelcobre.cl\/?p=3678"},"modified":"2023-07-06T16:14:29","modified_gmt":"2023-07-06T20:14:29","slug":"elcobreparachile-ctc-participo-en-audiencia-publica-para-el-proceso-constitucional","status":"publish","type":"post","link":"https:\/\/www.confederaciondelcobre.cl\/index.php\/2023\/07\/06\/elcobreparachile-ctc-participo-en-audiencia-publica-para-el-proceso-constitucional\/","title":{"rendered":"#ElCobreParaChile: CTC particip\u00f3 en Audiencia P\u00fablica para el Proceso Constitucional."},"content":{"rendered":"\n<p>Organizadas por la Secretar\u00eda de Participaci\u00f3n Ciudadana, las Audiencias P\u00fablicas tienen por objeto recibir propuestas dirigidas al Consejo Constitucional relacionadas con el Anteproyecto de Nueva Constituci\u00f3n. La presentaci\u00f3n de la CTC, a cargo de su Presidenta Ana Lamas Aguirre, se refiri\u00f3 a la renacionalizaci\u00f3n del cobre y bienes comunes estrat\u00e9gicos.<\/p>\n\n\n\n<hr class=\"wp-block-separator has-alpha-channel-opacity\"\/>\n\n\n\n<p>El martes 04 de junio, la Presidenta de la Confederaci\u00f3n de Trabajadores del Cobre (CTC), Ana Lamas Aguirre, present\u00f3 ante la Secretar\u00eda de Participaci\u00f3n Ciudadana del Consejo Constitucional las propuestas de la CTC en relaci\u00f3n a la Renacionalizaci\u00f3n del Cobre y Bienes Comunes Estrat\u00e9gicos. En la Audiencia, que se llev\u00f3 a cabo de forma telem\u00e1tica, la Presidenta de la CTC expuso algunas apreciaciones respecto del Anteproyecto elaborado por la Comisi\u00f3n de Expertos, a la vez que present\u00f3 propuestas referidas al Derecho de Propiedad y como este se conjuga con los recursos naturales y bienes comunes estrat\u00e9gicos, como el cobre.<\/p>\n\n\n\n<p>Es de tal manera que la exposici\u00f3n, en lo sustancial, parti\u00f3 con la premisa de que <strong>la Constituci\u00f3n debe ayudar a recuperar \u00edntegramente la renta de los recursos naturales y bienes comunes estrat\u00e9gicos<\/strong>, moderando su uso en la idea de maximizarla a lo largo del tiempo, e invirtiendo parte de ella en el est\u00edmulo a la generaci\u00f3n de valor agregado, especialmente en las cadenas productivas previas y posteriores al uso de estos bienes comunes. A lo anterior, cabe se\u00f1alar, se agrega que <strong>toda teor\u00eda econ\u00f3mica moderna coincide en que la renta asociada a los bienes, escasos por naturaleza, debe ser apropiada en todo o en parte de manera p\u00fablica<\/strong>, pues su apropiaci\u00f3n privada distorsiona severamente la asignaci\u00f3n \u00f3ptima de recursos en la econom\u00eda en general.<\/p>\n\n\n\n<blockquote class=\"wp-block-quote is-layout-flow wp-block-quote-is-layout-flow\"><p><strong>Reindustrializar Chile empieza por el cobre, y comienza por exigir por ley la refinaci\u00f3n en el pa\u00eds, con tecnolog\u00edas limpias, de todo el cobre y la fabricaci\u00f3n en Chile de los insumos requeridos para producirlo.<\/strong><\/p><\/blockquote>\n\n\n\n<p>Sobre lo dispuesto por la letra d) del art\u00edculo 17 N\u00ba29 del Anteproyecto, que reproduce palabra por palabra la hist\u00f3rica reforma introducida por el Presidente Salvador Allende, <strong>aprobada por la unanimidad del Congreso Nacional de la \u00e9poca, y que estableci\u00f3 la Nacionalizaci\u00f3n del Cobre el 11 de julio de 1971<\/strong>, Ana Lamas Aguirre se\u00f1al\u00f3 que como organizaci\u00f3n se est\u00e1 de acuerdo, sin embargo hay un reparo: seg\u00fan la letra e) del Anteproyecto, <strong>cualquiera de los recursos naturales o bienes comunes se\u00f1alados en su art\u00edculo 17 N\u00ba29, exceptuados los hidrocarburos l\u00edquidos o gaseosos, podr\u00edan ser objeto de concesi\u00f3n de exploraci\u00f3n o explotaci\u00f3n.<\/strong> Esta decisi\u00f3n \u2014se\u00f1al\u00f3 la Presidenta de la CTC\u2014 significa <strong>ignorar la p\u00e9rdida econ\u00f3mica que ello significar\u00e1 para el patrimonio fiscal<\/strong>, al no haber extendido el rango constitucional de materias no susceptibles de concesi\u00f3n a otros recursos mineros m\u00e1s significativos o desequilibrantes en cuanto a su peso real en la econom\u00eda.<\/p>\n\n\n\n<blockquote class=\"wp-block-quote is-layout-flow wp-block-quote-is-layout-flow\"><p><strong>No es comprensible que se ignore la relevancia y valor que implica, respecto de estos recursos estrat\u00e9gicos (como la gran miner\u00eda del cobre, los hidrocarburos, el litio y todos aquellos que se definan por ley), la exploraci\u00f3n, explotaci\u00f3n o el beneficio que, estimamos, solo debiera ejecutarse directamente por el Estado o por empresas en que este sea controlador.<br><\/strong><\/p><\/blockquote>\n\n\n\n<p>Continuando con su presentaci\u00f3n, Ana Lamas Aguirre sostuvo que <strong>solo se debieran permitir concesiones administrativas o de contratos especiales de operaci\u00f3n, siempre seg\u00fan requisitos y condiciones fijados por decreto supremo, pero esto, \u00fanicamente sobre los recursos naturales o bienes comunes que no sean estrat\u00e9gicos<\/strong>, recalcando que como organizaci\u00f3n rechazamos el amplio grado de protecci\u00f3n que el Anteproyecto le ha dado al ya amplio Derecho de Concesi\u00f3n entregado a la empresa privada, seg\u00fan la letra f) del mismo.<\/p>\n\n\n\n<p>Para finalizar, la Presidenta de la CTC indic\u00f3 que las y los ciudadanos que aspiran a la verdadera consagraci\u00f3n de un <strong>Estado Social y Democr\u00e1tico de Derecho<\/strong>, anhelan tambi\u00e9n que este pueda ejecutar y financiar verdaderas pol\u00edticas p\u00fablicas.<strong> Esto supone, entonces, que se apruebe una Constituci\u00f3n Pol\u00edtica que asegure verdaderamente el dominio p\u00fablico sobre los recursos naturales y bienes comunes estrat\u00e9gicos.<\/strong><\/p>\n\n\n\n<blockquote class=\"wp-block-quote is-layout-flow wp-block-quote-is-layout-flow\"><p>Revisa esta publicaci\u00f3n, con autor\u00eda de Orlando Caputo y Graciela Galarce,  que te podr\u00eda interesar:<br><strong><a rel=\"noreferrer noopener\" href=\"https:\/\/www.confederaciondelcobre.cl\/index.php\/2019\/11\/05\/en-1981-jose-pinera-afirmo-que-el-cobre-seria-obsoleto-principal-fundamento-de-la-desnacionalizacion-del-cobre\/\" target=\"_blank\">En 1981 Jos\u00e9 Pi\u00f1era afirm\u00f3 que el cobre ser\u00eda obsoleto. Principal fundamento de la desnacionalizaci\u00f3n del cobre.<\/a><\/strong><\/p><cite>&#8220;La\u00a0<em><strong>\u2018Concesi\u00f3n Plena\u2019\u00a0<\/strong><\/em>de la Dictadura, posibilit\u00f3 la desnacionalizaci\u00f3n del cobre, que se concret\u00f3 y aceler\u00f3 en los gobiernos post dictadura. Actualmente, el 71% del cobre en Chile es producido por las grandes mineras mundiales, las que obtienen cuantiosas utilidades.&#8221;<\/cite><\/blockquote>\n","protected":false},"excerpt":{"rendered":"<p>Organizadas por la Secretar\u00eda de Participaci\u00f3n Ciudadana, las Audiencias P\u00fablicas tienen por objeto recibir propuestas dirigidas al Consejo Constitucional relacionadas con el Anteproyecto de Nueva Constituci\u00f3n. La presentaci\u00f3n de la &hellip; <\/p>\n","protected":false},"author":2,"featured_media":3689,"comment_status":"closed","ping_status":"closed","sticky":false,"template":"","format":"standard","meta":{"jetpack_post_was_ever_published":false,"_jetpack_newsletter_access":"","_jetpack_dont_email_post_to_subs":false,"_jetpack_newsletter_tier_id":0,"_jetpack_memberships_contains_paywalled_content":false,"_jetpack_memberships_contains_paid_content":false,"footnotes":"","jetpack_publicize_message":"","jetpack_publicize_feature_enabled":false,"jetpack_social_post_already_shared":true,"jetpack_social_options":{"image_generator_settings":{"template":"highway","default_image_id":0,"enabled":false},"version":2}},"categories":[9,14,15,19],"tags":[],"class_list":["post-3678","post","type-post","status-publish","format-standard","has-post-thumbnail","hentry","category-confederacion","category-movimientos-sociales","category-nacional","category-trabajadores"],"jetpack_publicize_connections":[],"jetpack_featured_media_url":"https:\/\/www.confederaciondelcobre.cl\/wp-content\/uploads\/2023\/07\/Audiencia.jpg","jetpack_sharing_enabled":true,"post_mailing_queue_ids":[],"_links":{"self":[{"href":"https:\/\/www.confederaciondelcobre.cl\/index.php\/wp-json\/wp\/v2\/posts\/3678","targetHints":{"allow":["GET"]}}],"collection":[{"href":"https:\/\/www.confederaciondelcobre.cl\/index.php\/wp-json\/wp\/v2\/posts"}],"about":[{"href":"https:\/\/www.confederaciondelcobre.cl\/index.php\/wp-json\/wp\/v2\/types\/post"}],"author":[{"embeddable":true,"href":"https:\/\/www.confederaciondelcobre.cl\/index.php\/wp-json\/wp\/v2\/users\/2"}],"replies":[{"embeddable":true,"href":"https:\/\/www.confederaciondelcobre.cl\/index.php\/wp-json\/wp\/v2\/comments?post=3678"}],"version-history":[{"count":13,"href":"https:\/\/www.confederaciondelcobre.cl\/index.php\/wp-json\/wp\/v2\/posts\/3678\/revisions"}],"predecessor-version":[{"id":3697,"href":"https:\/\/www.confederaciondelcobre.cl\/index.php\/wp-json\/wp\/v2\/posts\/3678\/revisions\/3697"}],"wp:featuredmedia":[{"embeddable":true,"href":"https:\/\/www.confederaciondelcobre.cl\/index.php\/wp-json\/wp\/v2\/media\/3689"}],"wp:attachment":[{"href":"https:\/\/www.confederaciondelcobre.cl\/index.php\/wp-json\/wp\/v2\/media?parent=3678"}],"wp:term":[{"taxonomy":"category","embeddable":true,"href":"https:\/\/www.confederaciondelcobre.cl\/index.php\/wp-json\/wp\/v2\/categories?post=3678"},{"taxonomy":"post_tag","embeddable":true,"href":"https:\/\/www.confederaciondelcobre.cl\/index.php\/wp-json\/wp\/v2\/tags?post=3678"}],"curies":[{"name":"wp","href":"https:\/\/api.w.org\/{rel}","templated":true}]}}